    
{"id":94234,"date":"2026-09-02T19:26:18","date_gmt":"2026-09-02T17:26:18","guid":{"rendered":"https:\/\/www.praha7.cz\/?p=94234"},"modified":"2026-09-02T19:26:18","modified_gmt":"2026-09-02T17:26:18","slug":"dopravni-opatreni-v-souvislosti-s-bezeckymi-zavody-5-zari","status":"publish","type":"post","link":"https:\/\/www.praha7.cz\/dopravni-opatreni-v-souvislosti-s-bezeckymi-zavody-5-zari\/","title":{"rendered":"Dopravn\u00ed opat\u0159en\u00ed v&nbsp;souvislosti s&nbsp;b\u011b\u017eeck\u00fdmi z\u00e1vody 5.&nbsp;z\u00e1\u0159\u00ed"},"content":{"rendered":"<p>[perex]<\/p>\r\n<p>Z d\u016fvodu kon\u00e1n\u00ed <a href=\"https:\/\/www.runczech.com\/cs\/akce\/birell-vecerni-beh-na-10-km-praha-2026\/dopravni-informace\" target=\"_blank\" rel=\"noopener\">b\u011b\u017eeck\u00fdch z\u00e1vod\u016f<\/a> doch\u00e1z\u00ed v&nbsp;sobotu 5.&nbsp;z\u00e1\u0159\u00ed 2026 p\u0159ibli\u017en\u011b od 17.30 do 21.00 k&nbsp;n\u00ed\u017ee uveden\u00fdm dopravn\u00edm opat\u0159en\u00edm v&nbsp;individu\u00e1ln\u00ed i&nbsp;hromadn\u00e9 doprav\u011b.\u00a0<\/p>\r\n<p>[\/perex]<\/p>\r\n<h3>MHD<\/h3>\r\n<p>Lze o\u010dek\u00e1vat zm\u011bny v&nbsp;povrchov\u00e9 doprav\u011b v&nbsp;oblasti n\u00e1m\u011bst\u00ed Republiky, Revolu\u010dn\u00ed ulice, \u0160tef\u00e1nikova mostu, \u010cechova mostu, n\u00e1b\u0159e\u017e\u00ed Edvarda Bene\u0161e a&nbsp;n\u00e1b\u0159e\u017e\u00ed Kapit\u00e1na Jaro\u0161e. Bli\u017e\u0161\u00ed informace dopln\u00edme, jakmile je uvoln\u00ed DPP.<\/p>\r\n<hr \/>\r\n<h3>Automobilov\u00e1 doprava<\/h3>\r\n<p><span>V sobotu 5.&nbsp;z\u00e1\u0159\u00ed 2026 v&nbsp;\u010dase 12.00\u201322.00 bude omezeno parkov\u00e1n\u00ed (z\u00e1kaz zastaven\u00ed) v&nbsp;lokalit\u00e1ch n\u00e1b\u0159e\u017e\u00ed Edvarda Bene\u0161e, n\u00e1b\u0159e\u017e\u00ed Kapit\u00e1na Jaro\u0161e (v&nbsp;\u00faseku \u0160tef\u00e1nik\u016fv most \u2013 ul. Dukelsk\u00fdch hrdin\u016f), Dvo\u0159\u00e1kovo n\u00e1b\u0159e\u017e\u00ed (ve sm\u011bru do centra), Rohansk\u00e9 n\u00e1b\u0159e\u017e\u00ed, podjezdy \u010cechova mostu a&nbsp;\u0160tef\u00e1nikova mostu.<\/span><\/p>\r\n<p>V \u010dase p\u0159ibli\u017en\u011b 17.30\u201321.00 nastane \u00fapln\u00e1 uzav\u00edrka \u0160tef\u00e1nikova mostu, Letensk\u00e9ho tunelu, \u010cechova mostu a&nbsp;n\u00e1b\u0159e\u017e\u00ed Kapit\u00e1na Jaro\u0161e.\u00a0<\/p>\r\n<p><strong>\u00dapln\u00e9 dopravn\u00ed informace najdete na <a href=\"https:\/\/www.runczech.com\/cs\/akce\/birell-vecerni-beh-na-10-km-praha-2026\/dopravni-informace\" target=\"_blank\" rel=\"noopener\">str\u00e1nk\u00e1ch po\u0159adatele z\u00e1vodu<\/a>.<\/strong><\/p>\r\n<p><a href=\"https:\/\/www.runczech.com\/cs\/akce\/birell-vecerni-beh-na-10-km-praha-2026\/dopravni-informace\" target=\"_blank\" rel=\"noopener\"><img loading=\"lazy\" src=\"https:\/\/www.praha7.cz\/wp-content\/uploads\/2026\/09\/GP26_dopravni_opatreni-4-1024x722-1-567x400.jpg\" alt=\"\" width=\"567\" height=\"400\" class=\"alignnone size-medium wp-image-94235\" srcset=\"https:\/\/www.praha7.cz\/wp-content\/uploads\/2026\/09\/GP26_dopravni_opatreni-4-1024x722-1-567x400.jpg 567w, https:\/\/www.praha7.cz\/wp-content\/uploads\/2026\/09\/GP26_dopravni_opatreni-4-1024x722-1-768x542.jpg 768w, https:\/\/www.praha7.cz\/wp-content\/uploads\/2026\/09\/GP26_dopravni_opatreni-4-1024x722-1.jpg 1024w\" sizes=\"(max-width: 567px) 100vw, 567px\" \/><\/a><\/p>","protected":false},"excerpt":{"rendered":"[perex] Z&nbsp;d\u016fvodu kon\u00e1n\u00ed b\u011b\u017eeck\u00fdch z\u00e1vod\u016f doch\u00e1z\u00ed v&nbsp;sobotu 5.&nbsp;z\u00e1\u0159\u00ed 2026 p\u0159ibli\u017en\u011b od 17.30 do 21.00 k&nbsp;n\u00ed\u017ee uveden\u00fdm dopravn\u00edm opat\u0159en\u00edm v&nbsp;individu\u00e1ln\u00ed i&nbsp;hromadn\u00e9 doprav\u011b.\u00a0 [\/perex] MHD Lze o\u010dek\u00e1vat zm\u011bny v&nbsp;povrchov\u00e9 doprav\u011b v&nbsp;oblasti n\u00e1m\u011bst\u00ed Republiky, Revolu\u010dn\u00ed ulice, \u0160tef\u00e1nikova mostu, \u010cechova mostu, n\u00e1b\u0159e\u017e\u00ed Edvarda Bene\u0161e a&nbsp;n\u00e1b\u0159e\u017e\u00ed Kapit\u00e1na Jaro\u0161e. Bli\u017e\u0161\u00ed informace dopln\u00edme, jakmile je uvoln\u00ed DPP. Automobilov\u00e1 doprava V&nbsp;sobotu [&hellip;]","protected":false},"author":251,"featured_media":86411,"comment_status":"closed","ping_status":"open","sticky":false,"template":"","format":"standard","meta":[],"categories":[34],"tags":[57],"_links":{"self":[{"href":"https:\/\/www.praha7.cz\/api\/wp\/v2\/posts\/94234"}],"collection":[{"href":"https:\/\/www.praha7.cz\/api\/wp\/v2\/posts"}],"about":[{"href":"https:\/\/www.praha7.cz\/api\/wp\/v2\/types\/post"}],"author":[{"embeddable":true,"href":"https:\/\/www.praha7.cz\/api\/wp\/v2\/users\/251"}],"replies":[{"embeddable":true,"href":"https:\/\/www.praha7.cz\/api\/wp\/v2\/comments?post=94234"}],"version-history":[{"count":1,"href":"https:\/\/www.praha7.cz\/api\/wp\/v2\/posts\/94234\/revisions"}],"predecessor-version":[{"id":94236,"href":"https:\/\/www.praha7.cz\/api\/wp\/v2\/posts\/94234\/revisions\/94236"}],"wp:featuredmedia":[{"embeddable":true,"href":"https:\/\/www.praha7.cz\/api\/wp\/v2\/media\/86411"}],"wp:attachment":[{"href":"https:\/\/www.praha7.cz\/api\/wp\/v2\/media?parent=94234"}],"wp:term":[{"taxonomy":"category","embeddable":true,"href":"https:\/\/www.praha7.cz\/api\/wp\/v2\/categories?post=94234"},{"taxonomy":"post_tag","embeddable":true,"href":"https:\/\/www.praha7.cz\/api\/wp\/v2\/tags?post=94234"}],"curies":[{"name":"wp","href":"https:\/\/api.w.org\/{rel}","templated":true}]}}