    
{"id":94220,"date":"2026-09-02T14:24:57","date_gmt":"2026-09-02T12:24:57","guid":{"rendered":"https:\/\/www.praha7.cz\/?p=94220"},"modified":"2026-09-02T14:24:57","modified_gmt":"2026-09-02T12:24:57","slug":"zveme-na-dobrovolnicky-uklid-a-koncert-do-podchodu","status":"publish","type":"post","link":"https:\/\/www.praha7.cz\/zveme-na-dobrovolnicky-uklid-a-koncert-do-podchodu\/","title":{"rendered":"Zveme na dobrovolnick\u00fd \u00faklid a&nbsp;koncert do podchod\u016f"},"content":{"rendered":"<p>[perex]<\/p>\r\n<p>V7_undergound, komunita okolo skejtov\u00fdch a&nbsp;BMX podchod\u016f na Vltavsk\u00e9, po\u0159\u00e1d\u00e1 8.&nbsp;a&nbsp;9.&nbsp;z\u00e1\u0159\u00ed 2026 v\u017edy od 14 hodin \u00faklid podchod\u016f. Na akci navazuje 9.&nbsp;z\u00e1\u0159\u00ed od 19.30 koncert Moniny Na\u010devy. Koncert je zdarma, skrze <a href=\"https:\/\/goout.net\/cs\/naceva-benefice\/szwavly\/?fbclid=IwY2xjawUE8n5wZG9mAWV4dG4DYWVtAjEwAGJyaWQRMDhiTkRCckttNkFzZkxWT0pzcnRjBmFwcF9pZBAyMjIwMzkxNzg4MjAwODkyAAEep-BHkfVKSnj1CcNU1B1xFZFN6fegHJN1OOzhtTfpon2If41nviXNyHKh7qM_aem_D95s_b-alvtlaMgaqlpPOQ\" target=\"_blank\" rel=\"noopener\">GOOUT<\/a> lze poslat dobrovoln\u00fd p\u0159\u00edsp\u011bvek, kter\u00fd bude pou\u017eit na n\u00e1kup barev a&nbsp;\u00faklidov\u00fdch pom\u016fcek.\u00a0<\/p>\r\n<p><a href=\"https:\/\/www.facebook.com\/events\/27507632655585911\/?acontext=%7B%22event_action_history%22%3A[%7B%22surface%22%3A%22external_search_engine%22%7D%2C%7B%22mechanism%22%3A%22attachment%22%2C%22surface%22%3A%22newsfeed%22%7D]%2C%22ref_notif_type%22%3Anull%7D\" target=\"_blank\" rel=\"noopener\">FB ud\u00e1lost<\/a><\/p>\r\n<p>[\/perex]<\/p>\r\n<p>Monika Na\u010deva v\u00edc ne\u017e 30 let funguje v&nbsp;\u010desk\u00e9m hudebn\u00edm ter\u00e9nu jako spolehliv\u00e9 synonymum smyslu pro alternativu. Na p\u0159elomu devades\u00e1t\u00fdch let propojila roli \u0161ansoni\u00e9rky a&nbsp;divadeln\u00ed here\u010dky s&nbsp;citem pro autenticitu a&nbsp;\u201efresh\u201c sign\u00e1ly, v&nbsp;roce 1996 vydala oce\u0148ovan\u00e9 album Nebe je rud\u00fd, kter\u00e9 shrnulo jej\u00ed jedine\u010dnou pozici, charakterizovanou l\u00e1skou k&nbsp;poezii, emo\u010dn\u00ed intenzitou a&nbsp;ignoranc\u00ed \u017e\u00e1nrov\u00fdch \u0161katulek.<\/p>\r\n<p>Site specific akce v&nbsp;prostoru V7_Underground p\u0159edstav\u00ed Na\u010devu spole\u010dn\u011b s&nbsp;Vojtou Proch\u00e1zkou (piano, kl\u00e1vesy), Michalem Kovalem (baskytara) a&nbsp;Jakubem \u0160vejnarem (bic\u00ed). V&nbsp;programu najdete zhudebn\u011bn\u00e9 b\u00e1sn\u011b \u010desk\u00fdch undergroundov\u00fdch autor\u016f z&nbsp;aktu\u00e1ln\u00edho alba Jdem temn\u00fdm dnem i&nbsp;v\u00fdb\u011br skladeb z&nbsp;reedice zm\u00edn\u011bn\u00e9ho alba Nebe je rud\u00fd.<\/p>","protected":false},"excerpt":{"rendered":"[perex] V7_undergound, komunita okolo skejtov\u00fdch a&nbsp;BMX podchod\u016f na Vltavsk\u00e9, po\u0159\u00e1d\u00e1 8.&nbsp;a&nbsp;9.&nbsp;z\u00e1\u0159\u00ed 2026 v\u017edy od 14 hodin \u00faklid podchod\u016f. Na akci navazuje 9.&nbsp;z\u00e1\u0159\u00ed od 19.30 koncert Moniny Na\u010devy. Koncert je zdarma, skrze GOOUT lze poslat dobrovoln\u00fd p\u0159\u00edsp\u011bvek, kter\u00fd bude pou\u017eit na n\u00e1kup barev a&nbsp;\u00faklidov\u00fdch pom\u016fcek.\u00a0 FB ud\u00e1lost [\/perex] Monika Na\u010deva v\u00edc ne\u017e 30 let funguje v&nbsp;\u010desk\u00e9m [&hellip;]","protected":false},"author":251,"featured_media":94221,"comment_status":"closed","ping_status":"open","sticky":false,"template":"","format":"standard","meta":[],"categories":[34],"tags":[120,106],"_links":{"self":[{"href":"https:\/\/www.praha7.cz\/api\/wp\/v2\/posts\/94220"}],"collection":[{"href":"https:\/\/www.praha7.cz\/api\/wp\/v2\/posts"}],"about":[{"href":"https:\/\/www.praha7.cz\/api\/wp\/v2\/types\/post"}],"author":[{"embeddable":true,"href":"https:\/\/www.praha7.cz\/api\/wp\/v2\/users\/251"}],"replies":[{"embeddable":true,"href":"https:\/\/www.praha7.cz\/api\/wp\/v2\/comments?post=94220"}],"version-history":[{"count":1,"href":"https:\/\/www.praha7.cz\/api\/wp\/v2\/posts\/94220\/revisions"}],"predecessor-version":[{"id":94222,"href":"https:\/\/www.praha7.cz\/api\/wp\/v2\/posts\/94220\/revisions\/94222"}],"wp:featuredmedia":[{"embeddable":true,"href":"https:\/\/www.praha7.cz\/api\/wp\/v2\/media\/94221"}],"wp:attachment":[{"href":"https:\/\/www.praha7.cz\/api\/wp\/v2\/media?parent=94220"}],"wp:term":[{"taxonomy":"category","embeddable":true,"href":"https:\/\/www.praha7.cz\/api\/wp\/v2\/categories?post=94220"},{"taxonomy":"post_tag","embeddable":true,"href":"https:\/\/www.praha7.cz\/api\/wp\/v2\/tags?post=94220"}],"curies":[{"name":"wp","href":"https:\/\/api.w.org\/{rel}","templated":true}]}}