    
{"id":94197,"date":"2026-09-02T13:51:51","date_gmt":"2026-09-02T11:51:51","guid":{"rendered":"https:\/\/www.praha7.cz\/?p=94197"},"modified":"2026-09-02T14:05:25","modified_gmt":"2026-09-02T12:05:25","slug":"hledate-zajimavou-praci-ve-facility-managementu","status":"publish","type":"post","link":"https:\/\/www.praha7.cz\/hledate-zajimavou-praci-ve-facility-managementu\/","title":{"rendered":"Hled\u00e1te zaj\u00edmavou pr\u00e1ci ve facility managementu?"},"content":{"rendered":"<p>[perex]<\/p>\r\n<p>\u00da\u0159ad Prahy&nbsp;7 p\u0159ijme do sv\u00e9ho t\u00fdmu kolegu\/kolegyni na pozici vedouc\u00ed odd\u011blen\u00ed staveb a&nbsp;facility managementu (pro odbor majetku). Cht\u011bli byste v\u00e9st a&nbsp;rozv\u00edjet Odd\u011blen\u00ed staveb a&nbsp;facility managementu, pl\u00e1novat opravy, rekonstrukce a&nbsp;investi\u010dn\u00ed akce, l\u00e1k\u00e1 v\u00e1s hledat p\u0159\u00edle\u017eitosti, jak majetek spravovat efektivn\u011bji, ekonomi\u010dt\u011bji a&nbsp;s&nbsp;vy\u0161\u0161\u00ed p\u0159idanou hodnotou? R\u00e1di byste pracovali v&nbsp;dynamicky se rozv\u00edjej\u00edc\u00ed m\u011bstsk\u00e9 \u010d\u00e1sti pro \u00fa\u0159ad s&nbsp;tak trochu jin\u00fdm p\u0159\u00edstupem? Nev\u00e1hejte a&nbsp;p\u0159ihlaste se do na\u0161eho popt\u00e1vkov\u00e9ho \u0159\u00edzen\u00ed.<\/p>\r\n<p>[\/perex]<\/p>\r\n<h3>Co u&nbsp;n\u00e1s budete d\u011blat?<\/h3>\r\n<ul>\r\n\t<li>v\u00e9st a&nbsp;rozv\u00edjet Odd\u011blen\u00ed staveb a&nbsp;facility managementu<\/li>\r\n\t<li>pl\u00e1novat a&nbsp;realizovat opravy, rekonstrukce a&nbsp;investi\u010dn\u00ed akce na sv\u011b\u0159en\u00e9m majetku<\/li>\r\n\t<li>hledat p\u0159\u00edle\u017eitosti, jak majetek spravovat efektivn\u011bji, ekonomi\u010dt\u011bji a&nbsp;s&nbsp;vy\u0161\u0161\u00ed p\u0159idanou hodnotou<\/li>\r\n\t<li>iniciovat a&nbsp;uskute\u010d\u0148ovat zm\u011bny vedouc\u00ed ke zjednodu\u0161en\u00ed proces\u016f, vy\u0161\u0161\u00ed kvalit\u011b slu\u017eeb a&nbsp;modernizaci agend<\/li>\r\n\t<li>podporovat digitalizaci a&nbsp;vyu\u017e\u00edv\u00e1n\u00ed modern\u00edch n\u00e1stroj\u016f Microsoft 365, automatizace a&nbsp;dal\u0161\u00edch technologi\u00ed p\u0159i spr\u00e1v\u011b majetku a&nbsp;\u0159\u00edzen\u00ed t\u00fdmu<\/li>\r\n\t<li>p\u0159ipravovat podklady pro ve\u0159ejn\u00e9 zak\u00e1zky, smlouvy a&nbsp;objedn\u00e1vky<\/li>\r\n\t<li>zpracov\u00e1vat dlouhodob\u00e9 pl\u00e1ny oprav a&nbsp;technick\u00e9ho rozvoje budov<\/li>\r\n\t<li>dohl\u00ed\u017eet nad spr\u00e1vou, provozem, \u00fadr\u017ebou a&nbsp;technick\u00fdm stavem objekt\u016f<\/li>\r\n\t<li>koordinovat extern\u00ed dodavatele, projektanty, technick\u00fd dozor a&nbsp;spr\u00e1vn\u00ed firmy<\/li>\r\n\t<li>kontrolovat pln\u011bn\u00ed harmonogram\u016f, rozpo\u010dt\u016f a&nbsp;smluvn\u00edch z\u00e1vazk\u016f<\/li>\r\n\t<li>p\u0159ipravovat odborn\u00e9 materi\u00e1ly pro veden\u00ed m\u011bstsk\u00e9 \u010d\u00e1sti, Radu a&nbsp;Zastupitelstvo<\/li>\r\n<\/ul>\r\n<h3>Co od v\u00e1s o\u010dek\u00e1v\u00e1me?<\/h3>\r\n<ul>\r\n\t<li>vysoko\u0161kolsk\u00e9 vzd\u011bl\u00e1n\u00ed v&nbsp;bakal\u00e1\u0159sk\u00e9m programu, vy\u0161\u0161\u00ed odborn\u00e9 vzd\u011bl\u00e1n\u00ed nebo st\u0159edn\u00ed vzd\u011bl\u00e1n\u00ed s&nbsp;maturitn\u00ed zkou\u0161kou<\/li>\r\n\t<li>zku\u0161enosti s&nbsp;\u0159\u00edzen\u00edm stavebn\u00edch projekt\u016f, spr\u00e1vou budov nebo facility managementem<\/li>\r\n\t<li>orientace ve stavebn\u00ed legislativ\u011b, spr\u00e1v\u011b majetku a&nbsp;ve\u0159ejn\u00fdch zak\u00e1zk\u00e1ch<\/li>\r\n\t<li>schopnost v\u00e9st t\u00fdm, vlastn\u00ed projekty a&nbsp;sou\u010dasn\u011b vytv\u00e1\u0159et prost\u0159ed\u00ed otev\u0159en\u00e9 nov\u00fdm n\u00e1pad\u016fm a&nbsp;inovac\u00edm<\/li>\r\n\t<li>schopnost aktivn\u011b vyhled\u00e1vat efektivn\u011bj\u0161\u00ed zp\u016fsoby pr\u00e1ce a&nbsp;p\u0159\u00edle\u017eitosti ke zlep\u0161en\u00ed, zjednodu\u0161en\u00ed, digitalizaci a&nbsp;automatizaci proces\u016f<\/li>\r\n\t<li>schopnost sledovat nov\u00e9 trendy v&nbsp;oblasti facility managementu, spr\u00e1vy majetku a&nbsp;digit\u00e1ln\u00edch technologi\u00ed<\/li>\r\n\t<li>schopnost vyu\u017e\u00edv\u00e1n\u00ed n\u00e1stroje Microsoft 365 (zejm\u00e9na Lists, Planner, Teams, SharePoint, Copilot)<\/li>\r\n<\/ul>\r\n<p>&nbsp;<\/p>\r\n<h3>Co v\u00e1m nab\u00edz\u00edme?<\/h3>\r\n<p>Pracovn\u00ed pom\u011br na dobu neur\u010ditou. N\u00e1stupn\u00ed plat v&nbsp;10.&nbsp;platov\u00e9 t\u0159\u00edd\u011b a\u017e do v\u00fd\u0161e dle d\u00e9lky odborn\u00e9 praxe. Po zku\u0161ebn\u00ed dob\u011b osobn\u00ed p\u0159\u00edplatek a\u017e do v\u00fd\u0161e 100&nbsp;%.<\/p>\r\n<table width=\"1109\" height=\"217\" style=\"color: black !important; font-weight: normal !important;\">\r\n<tbody>\r\n<tr>\r\n<td style=\"height: 0px; text-align: center;\"><\/td>\r\n<td style=\"height: 0px; text-align: center;\"><\/td>\r\n<td style=\"height: 0px; text-align: center;\"><\/td>\r\n<\/tr>\r\n<tr>\r\n<td style=\"width: 361px; text-align: center;\">\r\n<p><img loading=\"lazy\" src=\"https:\/\/www.praha7.cz\/wp-content\/uploads\/2018\/11\/rust.jpg\" alt=\"\" width=\"99\" height=\"96\" class=\"alignnone size-full wp-image-21382\" \/><\/p>\r\n<span style=\"font-weight: normal !important; color: black !important;\">Platov\u00e9 ohodnocen\u00ed, kter\u00e9 roste spolu s&nbsp;v\u00e1mi.<\/span><\/td>\r\n<td style=\"width: 363px; text-align: center;\">\r\n<p><img loading=\"lazy\" src=\"https:\/\/www.praha7.cz\/wp-content\/uploads\/2018\/11\/benefit.jpg\" alt=\"\" width=\"99\" height=\"96\" class=\"alignnone size-full wp-image-21381\" \/><\/p>\r\n<span style=\"font-weight: normal !important; color: black !important;\">\u0160irokou \u0161k\u00e1lu benefit\u016f, kter\u00e9 p\u0159ich\u00e1zej\u00ed <br \/>\r\nve spr\u00e1vn\u00fd \u010das, stravenkovou a&nbsp;flexipass kartu.<\/span><\/td>\r\n<td style=\"width: 363px; text-align: center;\">\r\n<p><img loading=\"lazy\" src=\"https:\/\/www.praha7.cz\/wp-content\/uploads\/2018\/11\/dovolena.jpg\" alt=\"\" width=\"99\" height=\"96\" class=\"alignnone size-full wp-image-21383\" \/><\/p>\r\n<span style=\"font-weight: normal !important; color: black !important;\">P\u011bt t\u00fddn\u016f dovolen\u00e9, na kterou nebudete cht\u00edt odjet, a&nbsp;p\u011bt dn\u016f indispozi\u010dn\u00edho volna.<\/span><\/td>\r\n<\/tr>\r\n<tr>\r\n<td style=\"width: 361px; text-align: center;\">\r\n<p><img loading=\"lazy\" src=\"https:\/\/www.praha7.cz\/wp-content\/uploads\/2018\/11\/vzdelavani.jpg\" alt=\"\" width=\"142\" height=\"96\" class=\"alignnone size-full wp-image-21384\" \/><\/p>\r\n<span style=\"font-weight: normal !important; color: black !important;\">Mo\u017enost dal\u0161\u00edho vzd\u011bl\u00e1v\u00e1n\u00ed, abyste se <br \/>\r\nve sv\u011bt\u011b neztratili.<\/span><\/td>\r\n<td style=\"width: 363px; text-align: center;\">\r\n<p><img loading=\"lazy\" src=\"https:\/\/www.praha7.cz\/wp-content\/uploads\/2018\/11\/inspirace.jpg\" alt=\"\" width=\"99\" height=\"96\" class=\"alignnone size-full wp-image-21385\" \/><\/p>\r\n<span style=\"font-weight: normal !important; color: black !important;\">Pr\u00e1ci v&nbsp;inspirativn\u00edm kolektivu, kde se <br \/>\r\np\u0159ed n\u00e1pady nezav\u00edraj\u00ed o\u010di.<\/span><\/td>\r\n<td style=\"width: 363px; text-align: center;\">\r\n<p><img loading=\"lazy\" src=\"https:\/\/www.praha7.cz\/wp-content\/uploads\/2018\/11\/perspektiva.jpg\" alt=\"\" width=\"99\" height=\"96\" class=\"alignnone size-full wp-image-21386\" \/><\/p>\r\n<span style=\"font-weight: normal !important; color: black !important;\">Perspektivn\u00ed zam\u011bstn\u00e1n\u00ed, kde pom\u00e1h\u00e1te <br \/>\r\nm\u011bnit sv\u011bt kolem sebe.<\/span><\/td>\r\n<\/tr>\r\n<\/tbody>\r\n<\/table>\r\n<p>&nbsp;<\/p>\r\n<h3>Jak se k&nbsp;n\u00e1m dostanete?<\/h3>\r\n<p>Strukturovan\u00fd profesn\u00ed \u017eivotopis, p\u0159ihl\u00e1\u0161ku a&nbsp;souhlas se zpracov\u00e1n\u00edm osobn\u00edch \u00fadaj\u016f je mo\u017en\u00e9 doru\u010dit:<\/p>\r\n<ul>\r\n\t<li>osobn\u011b v&nbsp;\u00fa\u0159edn\u00edch hodin\u00e1ch do podatelny \u00da\u0159adu M\u010c Praha&nbsp;7<\/li>\r\n\t<li>po\u0161tou na adresu M\u011bstsk\u00e1 \u010d\u00e1st Praha&nbsp;7, \u00da\u0159ad m\u011bstsk\u00e9 \u010d\u00e1sti Praha&nbsp;7, Odbor person\u00e1ln\u00edch \u010dinnost\u00ed, U&nbsp;Pr\u016fhonu 1338\/38, 170&nbsp;00 Praha&nbsp;7<\/li>\r\n\t<li>korespondenci ozna\u010dte slovy \u201eVedouc\u00ed odd\u011blen\u00ed SFM \u2013 OMA\u201c<\/li>\r\n\t<li>e-mailem na <a href=\"mailto:pouzarovae@praha7.cz\">pouzarovae@praha7.cz<\/a><\/li>\r\n\t<li>datovou schr\u00e1nkou r44b2x7<\/li>\r\n<\/ul>\r\n<p><span style=\"color: #ff0000;\"><strong>nejpozd\u011bji do 27.&nbsp;z\u00e1\u0159\u00ed 2026<\/strong><\/span>.<\/p>\r\n<p><strong>Vznik pracovn\u00edho pom\u011bru 1.&nbsp;ledna 2027.<\/strong><\/p>\r\n<hr \/>\r\n<p><strong>Formul\u00e1\u0159 ke sta\u017een\u00ed<\/strong><\/p>\r\n<p><a href=\"https:\/\/www.praha7.cz\/wp-content\/uploads\/2026\/05\/OPC-01-f02_Prihlaska_do_vyberoveho_poptavkoveho_rizeni_souhlas_se_zpracovanim_osobnich_udaju.pdf\" target=\"_blank\" rel=\"noopener\">P\u0159ihl\u00e1\u0161ka a&nbsp;souhlas se zpracov\u00e1n\u00edm osobn\u00edch \u00fadaj\u016f<\/a><\/p>\r\n<p><strong>Ve\u0161ker\u00e9 pot\u0159ebn\u00e9 informace pro p\u0159ihl\u00e1\u0161en\u00ed do popt\u00e1vkov\u00e9ho \u0159\u00edzen\u00ed naleznete <a href=\"https:\/\/www.praha7.cz\/wp-content\/uploads\/2026\/09\/OMA__vedouci_oddeleni_SFM.pdf\" target=\"_blank\" rel=\"noopener\">zde<\/a>.<\/strong><\/p>\r\n<p>&nbsp;<\/p>","protected":false},"excerpt":{"rendered":"[perex] \u00da\u0159ad Prahy&nbsp;7 p\u0159ijme do sv\u00e9ho t\u00fdmu kolegu\/kolegyni na pozici vedouc\u00ed odd\u011blen\u00ed staveb a&nbsp;facility managementu (pro odbor majetku). Cht\u011bli byste v\u00e9st a&nbsp;rozv\u00edjet Odd\u011blen\u00ed staveb a&nbsp;facility managementu, pl\u00e1novat opravy, rekonstrukce a&nbsp;investi\u010dn\u00ed akce, l\u00e1k\u00e1 v\u00e1s hledat p\u0159\u00edle\u017eitosti, jak majetek spravovat efektivn\u011bji, ekonomi\u010dt\u011bji a&nbsp;s&nbsp;vy\u0161\u0161\u00ed p\u0159idanou hodnotou? R\u00e1di byste pracovali v&nbsp;dynamicky se rozv\u00edjej\u00edc\u00ed m\u011bstsk\u00e9 \u010d\u00e1sti pro \u00fa\u0159ad s&nbsp;tak trochu [&hellip;]","protected":false},"author":251,"featured_media":94198,"comment_status":"closed","ping_status":"open","sticky":false,"template":"","format":"standard","meta":[],"categories":[34],"tags":[118],"_links":{"self":[{"href":"https:\/\/www.praha7.cz\/api\/wp\/v2\/posts\/94197"}],"collection":[{"href":"https:\/\/www.praha7.cz\/api\/wp\/v2\/posts"}],"about":[{"href":"https:\/\/www.praha7.cz\/api\/wp\/v2\/types\/post"}],"author":[{"embeddable":true,"href":"https:\/\/www.praha7.cz\/api\/wp\/v2\/users\/251"}],"replies":[{"embeddable":true,"href":"https:\/\/www.praha7.cz\/api\/wp\/v2\/comments?post=94197"}],"version-history":[{"count":4,"href":"https:\/\/www.praha7.cz\/api\/wp\/v2\/posts\/94197\/revisions"}],"predecessor-version":[{"id":94218,"href":"https:\/\/www.praha7.cz\/api\/wp\/v2\/posts\/94197\/revisions\/94218"}],"wp:featuredmedia":[{"embeddable":true,"href":"https:\/\/www.praha7.cz\/api\/wp\/v2\/media\/94198"}],"wp:attachment":[{"href":"https:\/\/www.praha7.cz\/api\/wp\/v2\/media?parent=94197"}],"wp:term":[{"taxonomy":"category","embeddable":true,"href":"https:\/\/www.praha7.cz\/api\/wp\/v2\/categories?post=94197"},{"taxonomy":"post_tag","embeddable":true,"href":"https:\/\/www.praha7.cz\/api\/wp\/v2\/tags?post=94197"}],"curies":[{"name":"wp","href":"https:\/\/api.w.org\/{rel}","templated":true}]}}