    
{"id":94170,"date":"2026-09-01T12:46:32","date_gmt":"2026-09-01T10:46:32","guid":{"rendered":"https:\/\/www.praha7.cz\/?p=94170"},"modified":"2026-09-01T13:19:44","modified_gmt":"2026-09-01T11:19:44","slug":"barevnejsi-ulice","status":"publish","type":"post","link":"https:\/\/www.praha7.cz\/barevnejsi-ulice\/","title":{"rendered":"Praha&nbsp;7 v\u00edt\u00e1 \u0161kol\u00e1ky barevn\u011bj\u0161\u00edmi ulicemi"},"content":{"rendered":"<p>[perex]<\/p>\r\n<p>M\u010c Praha&nbsp;7 v&nbsp;z\u00e1v\u011bru pr\u00e1zdnin prom\u011bnila ulice v&nbsp;okol\u00ed \u0161kol u&nbsp;N\u00e1dra\u017e\u00ed Hole\u0161ovice. Rajskou, Plyn\u00e1rn\u00ed a&nbsp;Jablonsk\u00e9ho nov\u011b zdob\u00ed barevn\u00e9 malby vytvo\u0159en\u00e9 v&nbsp;r\u00e1mci <a href=\"https:\/\/www.praha7.cz\/temata\/art-district-7\/asfalt-art\/\" target=\"_blank\" rel=\"noopener\">projektu asfalt art<\/a>. Barevn\u011bj\u0161\u00ed ve\u0159ejn\u00fd prostor je nejen atraktivn\u011bj\u0161\u00ed a&nbsp;hrav\u011bj\u0161\u00ed, ale tak\u00e9 p\u0159isp\u00edv\u00e1 ke zv\u00fd\u0161en\u00ed bezpe\u010dnosti chodc\u016f, p\u0159edev\u0161\u00edm pak \u017e\u00e1k\u016f a&nbsp;student\u016f doch\u00e1zej\u00edc\u00edch do m\u00edstn\u00edch \u0161kol, kte\u0159\u00ed se na projektu tak\u00e9 p\u0159\u00edmo pod\u00edleli. V&nbsp;z\u00e1\u0159\u00ed bude obdobn\u00fdm zp\u016fsobem o\u017eivena Anton\u00ednsk\u00e1 ulice.<\/p>\r\n<p>[\/perex]<\/p>\r\n<p><em>\u201eVe\u0159ejn\u00fd prostor nem\u00e1 b\u00fdt jen \u0161edou plochou mezi domy. Chceme, aby byl p\u0159\u00edjemn\u00fd, \u017eiv\u00fd a&nbsp;aby p\u0159irozen\u011b vyb\u00edzel k&nbsp;ohledupln\u00e9mu pohybu. Tam, kde to jde, se sna\u017e\u00edme s\u00e1zet stromy \u010di dopl\u0148ovat z\u00e1hony a&nbsp;nyn\u00ed jsme vyzkou\u0161eli tak\u00e9 asfalt art, kter\u00fd nab\u00edz\u00ed zp\u016fsob, jak ve\u0159ejn\u00fd prostor o\u017eivit rychle bez velk\u00fdch stavebn\u00edch z\u00e1sah\u016f. Z\u00e1rove\u0148 je skv\u011bl\u00e9, \u017ee se na podob\u011b m\u00edst, kudy ka\u017ed\u00fd den chod\u00ed do \u0161koly, pod\u00edleli sami \u017e\u00e1ci a&nbsp;studenti,\u201c<\/em> uv\u00e1d\u00ed <em><strong>starosta Prahy&nbsp;7 Jan \u010ci\u017einsk\u00fd<\/strong><\/em>.<\/p>\r\n<p><img loading=\"lazy\" src=\"https:\/\/www.praha7.cz\/wp-content\/uploads\/2026\/09\/asfalt-art-Rajska-4-1500x938.jpeg\" alt=\"\" width=\"640\" height=\"400\" class=\"alignnone wp-image-94178 size-large\" srcset=\"https:\/\/www.praha7.cz\/wp-content\/uploads\/2026\/09\/asfalt-art-Rajska-4-1500x938.jpeg 1500w, https:\/\/www.praha7.cz\/wp-content\/uploads\/2026\/09\/asfalt-art-Rajska-4-600x375.jpeg 600w, https:\/\/www.praha7.cz\/wp-content\/uploads\/2026\/09\/asfalt-art-Rajska-4-768x480.jpeg 768w, https:\/\/www.praha7.cz\/wp-content\/uploads\/2026\/09\/asfalt-art-Rajska-4-1536x961.jpeg 1536w, https:\/\/www.praha7.cz\/wp-content\/uploads\/2026\/09\/asfalt-art-Rajska-4-2048x1281.jpeg 2048w\" sizes=\"(max-width: 640px) 100vw, 640px\" \/><\/p>\r\n<p>Asfalt art je forma taktick\u00e9ho urbanismu, kter\u00e1 pracuje s&nbsp;barevn\u00fdmi a&nbsp;odoln\u00fdmi n\u00e1t\u011bry aplikovan\u00fdmi p\u0159\u00edmo na silnice, chodn\u00edky a&nbsp;dal\u0161\u00ed ve\u0159ejn\u00e1 prostranstv\u00ed. Umo\u017e\u0148uje rychle prom\u011bnit ve\u0159ejn\u00fd prostor bez nutnosti rozs\u00e1hl\u00fdch stavebn\u00edch \u00faprav. C\u00edlem je nejen vizu\u00e1ln\u011b o\u017eivit ulice, ale tak\u00e9 zv\u00fd\u0161it jejich bezpe\u010dnost a&nbsp;vytvo\u0159it m\u00edsto, kter\u00e9 bude pro v\u0161echny u\u017eivatele p\u0159\u00edjemn\u011bj\u0161\u00ed.<\/p>\r\n<p><img loading=\"lazy\" src=\"https:\/\/www.praha7.cz\/wp-content\/uploads\/2026\/09\/asfalt-art-Janovskeho-3-1500x844.jpg\" alt=\"\" width=\"640\" height=\"360\" class=\"alignnone wp-image-94173 size-large\" srcset=\"https:\/\/www.praha7.cz\/wp-content\/uploads\/2026\/09\/asfalt-art-Janovskeho-3-1500x844.jpg 1500w, https:\/\/www.praha7.cz\/wp-content\/uploads\/2026\/09\/asfalt-art-Janovskeho-3-600x338.jpg 600w, https:\/\/www.praha7.cz\/wp-content\/uploads\/2026\/09\/asfalt-art-Janovskeho-3-768x432.jpg 768w, https:\/\/www.praha7.cz\/wp-content\/uploads\/2026\/09\/asfalt-art-Janovskeho-3-1536x864.jpg 1536w, https:\/\/www.praha7.cz\/wp-content\/uploads\/2026\/09\/asfalt-art-Janovskeho-3-2048x1152.jpg 2048w\" sizes=\"(max-width: 640px) 100vw, 640px\" \/><\/p>\r\n<p><em>\u201eDlouhodob\u011b usilujeme o&nbsp;to, aby se lid\u00e9 ve ve\u0159ejn\u00e9m prostoru c\u00edtili dob\u0159e, mohli se pod\u00edlet na jeho podob\u011b a&nbsp;z\u00e1rove\u0148 se v&nbsp;n\u011bm setk\u00e1vali se zaj\u00edmav\u00fdmi um\u011bleck\u00fdmi projekty. V&nbsp;minul\u00fdch letech jsme se pod\u00edleli nap\u0159\u00edklad na realizaci mural\u016f v\u011bnovan\u00fdch Nicholasi Wintonovi nebo Milad\u011b Hor\u00e1kov\u00e9 \u010di na vzniku nov\u00e9 uli\u010dn\u00ed galerie v&nbsp;pr\u016fchodu komplexem dom\u016f Molochov. Asfalt art je kr\u00e1sn\u00fdm p\u0159\u00edkladem toho, jak m\u016f\u017eeme propojit bezpe\u010dnost, um\u011bn\u00ed a&nbsp;sousedsk\u00fd \u017eivot,\u201c<\/em> \u0159\u00edk\u00e1 <em><strong>m\u00edstostarostka Prahy&nbsp;7 Hana T\u0159e\u0161t\u00edkov\u00e1<\/strong><\/em>, kter\u00e1 m\u00e1 v&nbsp;gesci kulturu, sport a&nbsp;sousedsk\u00e9 vztahy.<\/p>\r\n<p><img loading=\"lazy\" src=\"https:\/\/www.praha7.cz\/wp-content\/uploads\/2026\/09\/asfalt-art-Rajska-1-1500x844.jpeg\" alt=\"\" width=\"640\" height=\"360\" class=\"alignnone wp-image-94175 size-large\" srcset=\"https:\/\/www.praha7.cz\/wp-content\/uploads\/2026\/09\/asfalt-art-Rajska-1-1500x844.jpeg 1500w, https:\/\/www.praha7.cz\/wp-content\/uploads\/2026\/09\/asfalt-art-Rajska-1-600x338.jpeg 600w, https:\/\/www.praha7.cz\/wp-content\/uploads\/2026\/09\/asfalt-art-Rajska-1-768x432.jpeg 768w, https:\/\/www.praha7.cz\/wp-content\/uploads\/2026\/09\/asfalt-art-Rajska-1-1536x864.jpeg 1536w, https:\/\/www.praha7.cz\/wp-content\/uploads\/2026\/09\/asfalt-art-Rajska-1-2048x1152.jpeg 2048w\" sizes=\"(max-width: 640px) 100vw, 640px\" \/><\/p>\r\n<p>Barevn\u00e9 malby vznikly b\u011bhem \u010dervence a&nbsp;srpna 2026 v&nbsp;ulic\u00edch Rajsk\u00e1, Plyn\u00e1rn\u00ed a&nbsp;Jablonsk\u00e9ho nedaleko stanice metra N\u00e1dra\u017e\u00ed Hole\u0161ovice. V&nbsp;lokalit\u011b se nach\u00e1z\u00ed hned n\u011bkolik \u0161kol \u2013 Z\u0160 Bratrsk\u00e1, Obchodn\u00ed akademie Hole\u0161ovice, Vy\u0161\u0161\u00ed odborn\u00e1 \u0161kola od\u011bvn\u00edho n\u00e1vrh\u00e1\u0159stv\u00ed a&nbsp;St\u0159edn\u00ed pr\u016fmyslov\u00e1 \u0161kola od\u011bvn\u00ed. Pr\u00e1v\u011b jejich \u017e\u00e1ci a&nbsp;studenti se na projektu pod\u00edleli sv\u00fdmi n\u00e1vrhy.<\/p>\r\n<p><img loading=\"lazy\" src=\"https:\/\/www.praha7.cz\/wp-content\/uploads\/2026\/09\/asfalt-art-Rajska-3-1500x755.jpeg\" alt=\"\" width=\"640\" height=\"322\" class=\"alignnone size-large wp-image-94177\" srcset=\"https:\/\/www.praha7.cz\/wp-content\/uploads\/2026\/09\/asfalt-art-Rajska-3-1500x755.jpeg 1500w, https:\/\/www.praha7.cz\/wp-content\/uploads\/2026\/09\/asfalt-art-Rajska-3-600x302.jpeg 600w, https:\/\/www.praha7.cz\/wp-content\/uploads\/2026\/09\/asfalt-art-Rajska-3-768x387.jpeg 768w, https:\/\/www.praha7.cz\/wp-content\/uploads\/2026\/09\/asfalt-art-Rajska-3-1536x774.jpeg 1536w, https:\/\/www.praha7.cz\/wp-content\/uploads\/2026\/09\/asfalt-art-Rajska-3-2048x1031.jpeg 2048w\" sizes=\"(max-width: 640px) 100vw, 640px\" \/><\/p>\r\n<p>Dal\u0161\u00ed barevn\u00e1 prom\u011bna \u010dek\u00e1 v&nbsp;z\u00e1\u0159\u00ed tohoto roku Anton\u00ednskou ulici, kter\u00e1 tvo\u0159\u00ed d\u016fle\u017eitou spojnici mezi Strossmayerov\u00fdm n\u00e1m\u011bst\u00edm a&nbsp;stanic\u00ed metra Vltavsk\u00e1 a&nbsp;nach\u00e1z\u00ed se v\u00a0bl\u00edzkosti Z\u0160 Strossmayerovo n\u00e1m\u011bst\u00ed. Tak\u00e9 zde na \u00faprav\u011b ulice spolupracuj\u00ed m\u00edstn\u00ed \u017e\u00e1ci.<\/p>\r\n<p><img loading=\"lazy\" src=\"https:\/\/www.praha7.cz\/wp-content\/uploads\/2026\/09\/asfalt-art-Rajska-5-1500x833.jpg\" alt=\"\" width=\"640\" height=\"355\" class=\"alignnone size-large wp-image-94179\" srcset=\"https:\/\/www.praha7.cz\/wp-content\/uploads\/2026\/09\/asfalt-art-Rajska-5-1500x833.jpg 1500w, https:\/\/www.praha7.cz\/wp-content\/uploads\/2026\/09\/asfalt-art-Rajska-5-600x333.jpg 600w, https:\/\/www.praha7.cz\/wp-content\/uploads\/2026\/09\/asfalt-art-Rajska-5-768x427.jpg 768w, https:\/\/www.praha7.cz\/wp-content\/uploads\/2026\/09\/asfalt-art-Rajska-5-1536x853.jpg 1536w, https:\/\/www.praha7.cz\/wp-content\/uploads\/2026\/09\/asfalt-art-Rajska-5-2048x1138.jpg 2048w\" sizes=\"(max-width: 640px) 100vw, 640px\" \/><\/p>\r\n<p>Oba projekty p\u0159ipravil v\u00fdtvarn\u00edk Jakub Karl\u00edk, kter\u00fd se v\u011bnuje street artu, grafice a&nbsp;designu a&nbsp;m\u00e1 za sebou \u0159adu realizac\u00ed zam\u011b\u0159en\u00fdch na o\u017eivov\u00e1n\u00ed ve\u0159ejn\u00fdch prostranstv\u00ed v&nbsp;\u010cesk\u00e9 republice i&nbsp;zahrani\u010d\u00ed. V\u00a0Praze 7 se pod\u00edlel tak\u00e9 na vizu\u00e1ln\u00ed podob\u011b nov\u00e9ho h\u0159i\u0161t\u011b a&nbsp;sportovi\u0161t\u011b <a href=\"https:\/\/www.praha7.cz\/potrebuji-zaridit\/planujte-sedmicku-s-nami\/spot\/\">Spot Hole\u0161ovice<\/a>.<\/p>\r\n\r\n<figure id=\"attachment_94174\" aria-describedby=\"caption-attachment-94174\" style=\"width: 640px\" class=\"wp-caption alignnone\"><img loading=\"lazy\" src=\"https:\/\/www.praha7.cz\/wp-content\/uploads\/2026\/09\/asfalt-art-Plynarni-foto-Marek-Lovas-1333x1000.jpg\" alt=\"\" width=\"640\" height=\"480\" class=\"wp-image-94174 size-large\" srcset=\"https:\/\/www.praha7.cz\/wp-content\/uploads\/2026\/09\/asfalt-art-Plynarni-foto-Marek-Lovas-1333x1000.jpg 1333w, https:\/\/www.praha7.cz\/wp-content\/uploads\/2026\/09\/asfalt-art-Plynarni-foto-Marek-Lovas-533x400.jpg 533w, https:\/\/www.praha7.cz\/wp-content\/uploads\/2026\/09\/asfalt-art-Plynarni-foto-Marek-Lovas-768x576.jpg 768w, https:\/\/www.praha7.cz\/wp-content\/uploads\/2026\/09\/asfalt-art-Plynarni-foto-Marek-Lovas-1536x1152.jpg 1536w, https:\/\/www.praha7.cz\/wp-content\/uploads\/2026\/09\/asfalt-art-Plynarni-foto-Marek-Lovas-2048x1536.jpg 2048w\" sizes=\"(max-width: 640px) 100vw, 640px\" \/><figcaption id=\"caption-attachment-94174\" class=\"wp-caption-text\">foto: Marek Lov\u00e1s<\/figcaption><\/figure>\r\n\r\n<p>Pou\u017eit\u00e9 n\u00e1t\u011bry v\u00a0ulic\u00edch jsou ur\u010deny pro multifunk\u010dn\u00ed sportovn\u00ed povrchy, p\u011b\u0161\u00ed z\u00f3ny a&nbsp;cyklostezky. Jejich slo\u017een\u00ed a&nbsp;technologick\u00e9 vlastnosti jsou navr\u017eeny tak, aby po aplikaci zvy\u0161ovaly kvalitu a&nbsp;bezpe\u010dnost povrchu oproti b\u011b\u017en\u00e9mu asfaltu.<\/p>\r\n\r\n<figure id=\"attachment_94172\" aria-describedby=\"caption-attachment-94172\" style=\"width: 640px\" class=\"wp-caption alignnone\"><a href=\"foto: Marek Lov\u00e1s\"><img loading=\"lazy\" src=\"https:\/\/www.praha7.cz\/wp-content\/uploads\/2026\/09\/asfalt-art-Janovskeho-2-foto-Marek-Lovas-1333x1000.jpg\" alt=\"\" width=\"640\" height=\"480\" class=\"wp-image-94172 size-large\" srcset=\"https:\/\/www.praha7.cz\/wp-content\/uploads\/2026\/09\/asfalt-art-Janovskeho-2-foto-Marek-Lovas-1333x1000.jpg 1333w, https:\/\/www.praha7.cz\/wp-content\/uploads\/2026\/09\/asfalt-art-Janovskeho-2-foto-Marek-Lovas-533x400.jpg 533w, https:\/\/www.praha7.cz\/wp-content\/uploads\/2026\/09\/asfalt-art-Janovskeho-2-foto-Marek-Lovas-768x576.jpg 768w, https:\/\/www.praha7.cz\/wp-content\/uploads\/2026\/09\/asfalt-art-Janovskeho-2-foto-Marek-Lovas-1536x1152.jpg 1536w, https:\/\/www.praha7.cz\/wp-content\/uploads\/2026\/09\/asfalt-art-Janovskeho-2-foto-Marek-Lovas-2048x1536.jpg 2048w\" sizes=\"(max-width: 640px) 100vw, 640px\" \/><\/a><figcaption id=\"caption-attachment-94172\" class=\"wp-caption-text\">foto: Marek Lov\u00e1s<\/figcaption><\/figure>","protected":false},"excerpt":{"rendered":"[perex] M\u010c Praha&nbsp;7 v&nbsp;z\u00e1v\u011bru pr\u00e1zdnin prom\u011bnila ulice v&nbsp;okol\u00ed \u0161kol u&nbsp;N\u00e1dra\u017e\u00ed Hole\u0161ovice. Rajskou, Plyn\u00e1rn\u00ed a&nbsp;Jablonsk\u00e9ho nov\u011b zdob\u00ed barevn\u00e9 malby vytvo\u0159en\u00e9 v&nbsp;r\u00e1mci projektu asfalt art. Barevn\u011bj\u0161\u00ed ve\u0159ejn\u00fd prostor je nejen atraktivn\u011bj\u0161\u00ed a&nbsp;hrav\u011bj\u0161\u00ed, ale tak\u00e9 p\u0159isp\u00edv\u00e1 ke zv\u00fd\u0161en\u00ed bezpe\u010dnosti chodc\u016f, p\u0159edev\u0161\u00edm pak \u017e\u00e1k\u016f a&nbsp;student\u016f doch\u00e1zej\u00edc\u00edch do m\u00edstn\u00edch \u0161kol, kte\u0159\u00ed se na projektu tak\u00e9 p\u0159\u00edmo pod\u00edleli. V&nbsp;z\u00e1\u0159\u00ed bude obdobn\u00fdm [&hellip;]","protected":false},"author":5,"featured_media":94171,"comment_status":"closed","ping_status":"open","sticky":false,"template":"","format":"standard","meta":[],"categories":[34,74],"tags":[123,94,110],"_links":{"self":[{"href":"https:\/\/www.praha7.cz\/api\/wp\/v2\/posts\/94170"}],"collection":[{"href":"https:\/\/www.praha7.cz\/api\/wp\/v2\/posts"}],"about":[{"href":"https:\/\/www.praha7.cz\/api\/wp\/v2\/types\/post"}],"author":[{"embeddable":true,"href":"https:\/\/www.praha7.cz\/api\/wp\/v2\/users\/5"}],"replies":[{"embeddable":true,"href":"https:\/\/www.praha7.cz\/api\/wp\/v2\/comments?post=94170"}],"version-history":[{"count":6,"href":"https:\/\/www.praha7.cz\/api\/wp\/v2\/posts\/94170\/revisions"}],"predecessor-version":[{"id":94186,"href":"https:\/\/www.praha7.cz\/api\/wp\/v2\/posts\/94170\/revisions\/94186"}],"wp:featuredmedia":[{"embeddable":true,"href":"https:\/\/www.praha7.cz\/api\/wp\/v2\/media\/94171"}],"wp:attachment":[{"href":"https:\/\/www.praha7.cz\/api\/wp\/v2\/media?parent=94170"}],"wp:term":[{"taxonomy":"category","embeddable":true,"href":"https:\/\/www.praha7.cz\/api\/wp\/v2\/categories?post=94170"},{"taxonomy":"post_tag","embeddable":true,"href":"https:\/\/www.praha7.cz\/api\/wp\/v2\/tags?post=94170"}],"curies":[{"name":"wp","href":"https:\/\/api.w.org\/{rel}","templated":true}]}}