    
{"id":94130,"date":"2026-08-31T13:51:21","date_gmt":"2026-08-31T11:51:21","guid":{"rendered":"https:\/\/www.praha7.cz\/?p=94130"},"modified":"2026-08-31T13:51:21","modified_gmt":"2026-08-31T11:51:21","slug":"novy-skolni-rok-opet-se-skolnimi-ulicemi-2","status":"publish","type":"post","link":"https:\/\/www.praha7.cz\/novy-skolni-rok-opet-se-skolnimi-ulicemi-2\/","title":{"rendered":"Nov\u00fd \u0161koln\u00ed rok op\u011bt se \u0161koln\u00edmi ulicemi"},"content":{"rendered":"<p>[perex]<\/p>\r\n<p>Po pr\u00e1zdnin\u00e1ch dne 1.&nbsp;z\u00e1\u0159\u00ed 2026 d\u011bti v&nbsp;Praze 7 op\u011bt p\u0159iv\u00edtaj\u00ed \u0161koln\u00ed ulice bez rann\u00edho automobilov\u00e9ho provozu v&nbsp;bezprost\u0159edn\u00edm okol\u00ed \u0161kol a&nbsp;\u0161kolek \u2013 Z\u0160 Franti\u0161ky Plam\u00ednkov\u00e9, M\u0160 Kosteln\u00ed, Z\u0160 a&nbsp;M\u0160 Letohradsk\u00e1, FZ\u0160 Um\u011bleck\u00e1 a&nbsp;M\u0160 U&nbsp;Stud\u00e1nky. Projekt, jeho\u017e c\u00edlem je zajistit klidn\u00e9 a&nbsp;bezpe\u010dn\u00e9 bezprost\u0159edn\u00ed okol\u00ed \u0161kol, odstartoval na Sedmi\u010dce v&nbsp;z\u00e1\u0159\u00ed 2023.\u00a0<\/p>\r\n<p>[\/perex]<\/p>\r\n<h3>Co jsou \u0161koln\u00ed ulice?<\/h3>\r\n<p>Jde o&nbsp;jednoduch\u00e9 dopravn\u00ed opat\u0159en\u00ed platn\u00e9 po kr\u00e1tkou dobu ve dnech \u0161koln\u00ed v\u00fduky, konkr\u00e9tn\u011b o&nbsp;z\u00e1kaz vjezdu motorov\u00fdch vozidel p\u0159\u00edmo p\u0159ed \u0161kolu od 7 do 8 hodin (respektive do 8.30 tam, kde v\u00fduka za\u010d\u00edn\u00e1 pozd\u011bji). C\u00edlem opat\u0159en\u00ed je zklidnit ulici v&nbsp;dob\u011b p\u0159\u00edchodu d\u011bt\u00ed do \u0161koly, minimalizovat rizika dopravn\u00edch nehod a&nbsp;omezit i&nbsp;zplodiny z&nbsp;v\u00fdfuk\u016f v&nbsp;bezprost\u0159edn\u00ed bl\u00edzkosti vstupu do \u0161koly.<\/p>\r\n<p><strong>Podrobn\u00e9 informace, re\u017eim a&nbsp;pl\u00e1nky \u0161koln\u00edch ulic najdete <a href=\"http:\/\/www.praha7.cz\/skolni-ulice\" target=\"_blank\" rel=\"noopener\">zde<\/a>.<\/strong><\/p>\r\n<p>&nbsp;<\/p>\r\n<p><img loading=\"lazy\" src=\"https:\/\/www.praha7.cz\/wp-content\/uploads\/2023\/09\/skolni-ulice-fr.-plaminkove-1-1333x1000.jpg\" alt=\"\" width=\"640\" height=\"480\" class=\"size-large wp-image-69650\" srcset=\"https:\/\/www.praha7.cz\/wp-content\/uploads\/2023\/09\/skolni-ulice-fr.-plaminkove-1-1333x1000.jpg 1333w, https:\/\/www.praha7.cz\/wp-content\/uploads\/2023\/09\/skolni-ulice-fr.-plaminkove-1-533x400.jpg 533w, https:\/\/www.praha7.cz\/wp-content\/uploads\/2023\/09\/skolni-ulice-fr.-plaminkove-1-768x576.jpg 768w, https:\/\/www.praha7.cz\/wp-content\/uploads\/2023\/09\/skolni-ulice-fr.-plaminkove-1-1536x1152.jpg 1536w, https:\/\/www.praha7.cz\/wp-content\/uploads\/2023\/09\/skolni-ulice-fr.-plaminkove-1-2048x1536.jpg 2048w\" sizes=\"(max-width: 640px) 100vw, 640px\" \/><\/p>\r\n<h3>Obnova p\u0159echod\u016f<\/h3>\r\n<p>Praha&nbsp;7 tak\u00e9 nechala p\u0159ed za\u010d\u00e1tkem \u0161koln\u00edho roku ve spolupr\u00e1ci s\u00a0TSK hl. m. Prahy obnovit \u0159adu ji\u017e h\u016f\u0159e viditeln\u00fdch p\u0159echod\u016f pro chodce, zejm\u00e9na v&nbsp;bl\u00edzkosti \u0161kol a&nbsp;na dal\u0161\u00edch frekventovan\u00fdch m\u00edstech. Budeme r\u00e1di, kdy\u017e tak\u00e9 toto opat\u0159en\u00ed p\u0159isp\u011bje k\u00a0maxim\u00e1ln\u011b bezpe\u010dn\u00fdm cest\u00e1m d\u011bt\u00ed do \u0161koly.\u00a0<\/p>","protected":false},"excerpt":{"rendered":"[perex] Po pr\u00e1zdnin\u00e1ch dne 1.&nbsp;z\u00e1\u0159\u00ed 2026 d\u011bti v&nbsp;Praze 7 op\u011bt p\u0159iv\u00edtaj\u00ed \u0161koln\u00ed ulice bez rann\u00edho automobilov\u00e9ho provozu v&nbsp;bezprost\u0159edn\u00edm okol\u00ed \u0161kol a&nbsp;\u0161kolek \u2013 Z\u0160 Franti\u0161ky Plam\u00ednkov\u00e9, M\u0160 Kosteln\u00ed, Z\u0160 a&nbsp;M\u0160 Letohradsk\u00e1, FZ\u0160 Um\u011bleck\u00e1 a&nbsp;M\u0160 U&nbsp;Stud\u00e1nky. Projekt, jeho\u017e c\u00edlem je zajistit klidn\u00e9 a&nbsp;bezpe\u010dn\u00e9 bezprost\u0159edn\u00ed okol\u00ed \u0161kol, odstartoval na Sedmi\u010dce v&nbsp;z\u00e1\u0159\u00ed 2023.\u00a0 [\/perex] Co jsou \u0161koln\u00ed ulice? Jde [&hellip;]","protected":false},"author":5,"featured_media":69654,"comment_status":"closed","ping_status":"open","sticky":false,"template":"","format":"standard","meta":[],"categories":[34],"tags":[57,123],"_links":{"self":[{"href":"https:\/\/www.praha7.cz\/api\/wp\/v2\/posts\/94130"}],"collection":[{"href":"https:\/\/www.praha7.cz\/api\/wp\/v2\/posts"}],"about":[{"href":"https:\/\/www.praha7.cz\/api\/wp\/v2\/types\/post"}],"author":[{"embeddable":true,"href":"https:\/\/www.praha7.cz\/api\/wp\/v2\/users\/5"}],"replies":[{"embeddable":true,"href":"https:\/\/www.praha7.cz\/api\/wp\/v2\/comments?post=94130"}],"version-history":[{"count":1,"href":"https:\/\/www.praha7.cz\/api\/wp\/v2\/posts\/94130\/revisions"}],"predecessor-version":[{"id":94131,"href":"https:\/\/www.praha7.cz\/api\/wp\/v2\/posts\/94130\/revisions\/94131"}],"wp:featuredmedia":[{"embeddable":true,"href":"https:\/\/www.praha7.cz\/api\/wp\/v2\/media\/69654"}],"wp:attachment":[{"href":"https:\/\/www.praha7.cz\/api\/wp\/v2\/media?parent=94130"}],"wp:term":[{"taxonomy":"category","embeddable":true,"href":"https:\/\/www.praha7.cz\/api\/wp\/v2\/categories?post=94130"},{"taxonomy":"post_tag","embeddable":true,"href":"https:\/\/www.praha7.cz\/api\/wp\/v2\/tags?post=94130"}],"curies":[{"name":"wp","href":"https:\/\/api.w.org\/{rel}","templated":true}]}}