    
{"id":91556,"date":"2026-04-30T11:15:52","date_gmt":"2026-04-30T09:15:52","guid":{"rendered":"https:\/\/www.praha7.cz\/?p=91556"},"modified":"2026-04-30T11:22:39","modified_gmt":"2026-04-30T09:22:39","slug":"uzavreni-dh-vysiny-0105","status":"publish","type":"post","link":"https:\/\/www.praha7.cz\/uzavreni-dh-vysiny-0105\/","title":{"rendered":"Kr\u00e1tkodob\u00e9 uzav\u0159en\u00ed dopravn\u00edho h\u0159i\u0161t\u011b Na V\u00fd\u0161in\u00e1ch"},"content":{"rendered":"<p>[perex]<\/p>\r\n<p>Upozor\u0148ujeme, \u017ee v\u00a0p\u00e1tek 1.&nbsp;kv\u011btna 2026 dojde od 8.00 do cca 13.00 ke kr\u00e1tkodob\u00e9mu uzav\u0159en\u00ed dopravn\u00edho h\u0159i\u0161t\u011b Na V\u00fd\u0161in\u00e1ch. D\u016fvodem je focen\u00ed v\u00fdzkumn\u00e9 pr\u00e1ce na t\u00e9ma optimalizace od\u011bvu pro m\u011bstskou mikromobilitu.<\/p>\r\n<p>[\/perex]<\/p>\r\n<p>C\u00edlem v\u00fdzkumn\u00e9 pr\u00e1ce je upozorn\u011bn\u00ed na vhodn\u00e9 vybaven\u00ed jezdce na j\u00edzdn\u00edm kole \u010di kolob\u011b\u017ece v\u00a0m\u011bstsk\u00e9m prost\u0159ed\u00ed.<\/p>\r\n<p>Na dopravn\u00edm h\u0159i\u0161ti se na n\u00e1v\u0161t\u011bvn\u00edky t\u011b\u0161\u00ed jako ka\u017ed\u00fd p\u00e1tek od 14.00 s&nbsp;otev\u0159enou p\u016fj\u010dovnou vybaven\u00ed.<\/p>\r\n<p>Dal\u0161\u00ed podrobnosti a&nbsp;otev\u00edrac\u00ed hodiny najdete na str\u00e1nce: <a href=\"https:\/\/www.praha7.cz\/detska-hriste\/\">www.praha7.cz\/detska-hriste<\/a><\/p>","protected":false},"excerpt":{"rendered":"[perex] Upozor\u0148ujeme, \u017ee v\u00a0p\u00e1tek 1.&nbsp;kv\u011btna 2026 dojde od 8.00 do cca 13.00 ke kr\u00e1tkodob\u00e9mu uzav\u0159en\u00ed dopravn\u00edho h\u0159i\u0161t\u011b Na V\u00fd\u0161in\u00e1ch. D\u016fvodem je focen\u00ed v\u00fdzkumn\u00e9 pr\u00e1ce na t\u00e9ma optimalizace od\u011bvu pro m\u011bstskou mikromobilitu. [\/perex] C\u00edlem v\u00fdzkumn\u00e9 pr\u00e1ce je upozorn\u011bn\u00ed na vhodn\u00e9 vybaven\u00ed jezdce na j\u00edzdn\u00edm kole \u010di kolob\u011b\u017ece v\u00a0m\u011bstsk\u00e9m prost\u0159ed\u00ed. Na dopravn\u00edm h\u0159i\u0161ti se na n\u00e1v\u0161t\u011bvn\u00edky t\u011b\u0161\u00ed [&hellip;]","protected":false},"author":5,"featured_media":91167,"comment_status":"closed","ping_status":"open","sticky":false,"template":"","format":"standard","meta":[],"categories":[34],"tags":[113,123],"_links":{"self":[{"href":"https:\/\/www.praha7.cz\/api\/wp\/v2\/posts\/91556"}],"collection":[{"href":"https:\/\/www.praha7.cz\/api\/wp\/v2\/posts"}],"about":[{"href":"https:\/\/www.praha7.cz\/api\/wp\/v2\/types\/post"}],"author":[{"embeddable":true,"href":"https:\/\/www.praha7.cz\/api\/wp\/v2\/users\/5"}],"replies":[{"embeddable":true,"href":"https:\/\/www.praha7.cz\/api\/wp\/v2\/comments?post=91556"}],"version-history":[{"count":2,"href":"https:\/\/www.praha7.cz\/api\/wp\/v2\/posts\/91556\/revisions"}],"predecessor-version":[{"id":91559,"href":"https:\/\/www.praha7.cz\/api\/wp\/v2\/posts\/91556\/revisions\/91559"}],"wp:featuredmedia":[{"embeddable":true,"href":"https:\/\/www.praha7.cz\/api\/wp\/v2\/media\/91167"}],"wp:attachment":[{"href":"https:\/\/www.praha7.cz\/api\/wp\/v2\/media?parent=91556"}],"wp:term":[{"taxonomy":"category","embeddable":true,"href":"https:\/\/www.praha7.cz\/api\/wp\/v2\/categories?post=91556"},{"taxonomy":"post_tag","embeddable":true,"href":"https:\/\/www.praha7.cz\/api\/wp\/v2\/tags?post=91556"}],"curies":[{"name":"wp","href":"https:\/\/api.w.org\/{rel}","templated":true}]}}