    
{"id":91548,"date":"2026-04-30T08:34:54","date_gmt":"2026-04-30T06:34:54","guid":{"rendered":"https:\/\/www.praha7.cz\/?p=91548"},"modified":"2026-04-30T11:19:09","modified_gmt":"2026-04-30T09:19:09","slug":"letensky-kolotoc-se-roztoci-1-kvetna","status":"publish","type":"post","link":"https:\/\/www.praha7.cz\/letensky-kolotoc-se-roztoci-1-kvetna\/","title":{"rendered":"Letensk\u00fd koloto\u010d se rozto\u010d\u00ed 1.&nbsp;kv\u011btna"},"content":{"rendered":"<p>[perex]<\/p>\r\n<p><a href=\"https:\/\/www.ntm.cz\/pro-navstevniky\/prehled-vstupneho\/letensky-kolotoc-v-praze\" target=\"_blank\" rel=\"noopener\">N\u00e1rodn\u00ed technick\u00e9 muzeum<\/a> v&nbsp;p\u00e1tek 1.&nbsp;kv\u011btna 2026 rozto\u010d\u00ed na dal\u0161\u00ed sezonu Letensk\u00fd koloto\u010d. U\u017e\u00edt si j\u00edzdu na t\u00e9to unik\u00e1tn\u00ed atrakci a&nbsp;p\u0159ipomenout si atmosf\u00e9ru pra\u017esk\u00fdch atrakc\u00ed p\u0159ed sto lety je letos mo\u017en\u00e9 v&nbsp;p\u00e1tek, sobotu, ned\u011bli a&nbsp;ve st\u00e1tn\u00ed sv\u00e1tky do konce z\u00e1\u0159\u00ed.<\/p>\r\n<p>[\/perex]<\/p>\r\n<p>Letensk\u00fd koloto\u010d je jedn\u00edm z\u00a0nejstar\u0161\u00edch dochovan\u00fdch podlahov\u00fdch koloto\u010d\u016f v\u00a0Evrop\u011b. Zhotovil ho tesa\u0159 Mat\u011bj B\u00edlek pro majitele Josefa Nebesk\u00e9ho pravd\u011bpodobn\u011b pro letn\u00ed sezonu roku 1892. Koloto\u010d st\u00e1l p\u016fvodn\u011b na Kr\u00e1lovsk\u00fdch Vinohradech, odkud byl v\u00a0roce 1894 p\u0159em\u00edst\u011bn a\u00a0v\u00a0Letensk\u00fdch sadech slou\u017eil k\u00a0z\u00e1bav\u011b d\u011bt\u00ed i\u00a0dosp\u011bl\u00fdch a\u017e do konce 20.&nbsp;stolet\u00ed. Od roku 2004 tuto kulturn\u00ed a\u00a0technickou pam\u00e1tku spravuje N\u00e1rodn\u00ed technick\u00e9 muzeum, kter\u00e9 v\u00a0roce 2022 dokon\u010dilo jej\u00ed opravu a\u00a0zp\u0159\u00edstupnilo koloto\u010d ve\u0159ejnosti. Opravena byla jak stavba koloto\u010de, tak vnit\u0159n\u00ed vybaven\u00ed v\u010detn\u011b figur kon\u00ed. Oprava prob\u011bhla za podpory m\u011bstsk\u00e9 \u010d\u00e1sti Praha&nbsp;7 a&nbsp;mnoha dal\u0161\u00edch partner\u016f i&nbsp;ve\u0159ejnosti.<\/p>\r\n<p>Koloto\u010d tvo\u0159\u00ed p\u016fvodn\u00ed novorenesan\u010dn\u00ed d\u0159ev\u011bn\u00fd pavilon na p\u016fdorysu pravideln\u00e9ho dvan\u00e1cti\u00faheln\u00edku o\u00a0rozp\u011bt\u00ed 12 metr\u016f s\u00a0tr\u00e1movou konstrukc\u00ed s\u00a0d\u0159ev\u011bn\u00fdmi v\u00fdpln\u011bmi a\u00a0jehlanovou st\u0159echou, zakon\u010denou lucernou dosahuj\u00edc\u00ed v\u00fd\u0161e 7,7 metru. Interi\u00e9r Letensk\u00e9ho koloto\u010de spolu s\u00a0ko\u0148mi odkazuje na \u0161lechtickou z\u00e1bavu ze 17.&nbsp;a\u00a018.&nbsp;stolet\u00ed, tzv. karusel. Sloup uprost\u0159ed koloto\u010de je tedy vyzdoben t\u0159emi ryt\u00ed\u0159i v\u00a0brn\u011bn\u00ed a\u00a0na to\u010dn\u011b se to\u010d\u00ed 18 figur kon\u00ed, kter\u00e9 doplnila nov\u00e1 aut\u00ed\u010dka. Z\u00e1\u017eitek z\u00a0j\u00edzdy v\u00a0koloto\u010di dotv\u00e1\u0159\u00ed zvuk orchestrionu. P\u016fvodn\u00ed orchestrion se nedochoval, NTM tedy pro koloto\u010d po\u0159\u00eddilo orchestrion Atlantic, vyroben\u00fd v\u00a0roce 1910 v\u00a0Lipsku. Unik\u00e1tn\u00ed atrakc\u00ed je koloto\u010d d\u00edky figur\u00e1m kon\u00ed, kter\u00e9 jsou pota\u017een\u00e9 pravou ko\u0148skou k\u016f\u017e\u00ed.<\/p>\r\n<p>&nbsp;<\/p>\r\n<h3>Provozn\u00ed doba Letensk\u00e9ho koloto\u010de v&nbsp;roce 2026<\/h3>\r\n<p><strong>p\u00e1tek, sobota, ned\u011ble a&nbsp;st\u00e1tn\u00ed sv\u00e1tky<\/strong> od 1.&nbsp;kv\u011btna do 28.&nbsp;z\u00e1\u0159\u00ed 2026 v\u017edy <strong>od 11.30 do 17.30<\/strong><\/p>\r\n<p>Vstupenku za 120&nbsp;K\u010d lze zakoupit pouze na m\u00edst\u011b.<\/p>\r\n<p>V\u00edce <a href=\"https:\/\/www.ntm.cz\/pro-navstevniky\/prehled-vstupneho\/letensky-kolotoc-v-praze\" target=\"_blank\" rel=\"noopener\">zde<\/a>.<\/p>\r\n<p>&nbsp;<\/p>\r\n<p><em>zdroj: NTM<\/em><\/p>","protected":false},"excerpt":{"rendered":"[perex] N\u00e1rodn\u00ed technick\u00e9 muzeum v&nbsp;p\u00e1tek 1.&nbsp;kv\u011btna 2026 rozto\u010d\u00ed na dal\u0161\u00ed sezonu Letensk\u00fd koloto\u010d. U\u017e\u00edt si j\u00edzdu na t\u00e9to unik\u00e1tn\u00ed atrakci a&nbsp;p\u0159ipomenout si atmosf\u00e9ru pra\u017esk\u00fdch atrakc\u00ed p\u0159ed sto lety je letos mo\u017en\u00e9 v&nbsp;p\u00e1tek, sobotu, ned\u011bli a&nbsp;ve st\u00e1tn\u00ed sv\u00e1tky do konce z\u00e1\u0159\u00ed. [\/perex] Letensk\u00fd koloto\u010d je jedn\u00edm z\u00a0nejstar\u0161\u00edch dochovan\u00fdch podlahov\u00fdch koloto\u010d\u016f v\u00a0Evrop\u011b. Zhotovil ho tesa\u0159 Mat\u011bj B\u00edlek [&hellip;]","protected":false},"author":251,"featured_media":58960,"comment_status":"closed","ping_status":"open","sticky":false,"template":"","format":"standard","meta":[],"categories":[34],"tags":[123,110],"_links":{"self":[{"href":"https:\/\/www.praha7.cz\/api\/wp\/v2\/posts\/91548"}],"collection":[{"href":"https:\/\/www.praha7.cz\/api\/wp\/v2\/posts"}],"about":[{"href":"https:\/\/www.praha7.cz\/api\/wp\/v2\/types\/post"}],"author":[{"embeddable":true,"href":"https:\/\/www.praha7.cz\/api\/wp\/v2\/users\/251"}],"replies":[{"embeddable":true,"href":"https:\/\/www.praha7.cz\/api\/wp\/v2\/comments?post=91548"}],"version-history":[{"count":3,"href":"https:\/\/www.praha7.cz\/api\/wp\/v2\/posts\/91548\/revisions"}],"predecessor-version":[{"id":91561,"href":"https:\/\/www.praha7.cz\/api\/wp\/v2\/posts\/91548\/revisions\/91561"}],"wp:featuredmedia":[{"embeddable":true,"href":"https:\/\/www.praha7.cz\/api\/wp\/v2\/media\/58960"}],"wp:attachment":[{"href":"https:\/\/www.praha7.cz\/api\/wp\/v2\/media?parent=91548"}],"wp:term":[{"taxonomy":"category","embeddable":true,"href":"https:\/\/www.praha7.cz\/api\/wp\/v2\/categories?post=91548"},{"taxonomy":"post_tag","embeddable":true,"href":"https:\/\/www.praha7.cz\/api\/wp\/v2\/tags?post=91548"}],"curies":[{"name":"wp","href":"https:\/\/api.w.org\/{rel}","templated":true}]}}