    
{"id":91519,"date":"2026-04-29T13:52:02","date_gmt":"2026-04-29T11:52:02","guid":{"rendered":"https:\/\/www.praha7.cz\/?p=91519"},"modified":"2026-04-29T17:22:40","modified_gmt":"2026-04-29T15:22:40","slug":"uzavirky-lavky-26","status":"publish","type":"post","link":"https:\/\/www.praha7.cz\/uzavirky-lavky-26\/","title":{"rendered":"Uzav\u00edrky \u0160tvanick\u00e9 l\u00e1vky"},"content":{"rendered":"<p>[perex]<\/p>\r\n<p>\u0160tvanickou l\u00e1vku \u010dek\u00e1 o&nbsp;dvou kv\u011btnov\u00fdch noc\u00edch \u2013 <strong>v noci ze st\u0159edy 6.&nbsp;kv\u011btna na \u010dtvrtek 7.&nbsp;kv\u011btna, v&nbsp;noci z&nbsp;pond\u011bl\u00ed 18.&nbsp;kv\u011btna na \u00fater\u00fd 19.&nbsp;kv\u011btna<\/strong> \u2013 a&nbsp;tak\u00e9 <strong>v sobotu 16.&nbsp;kv\u011btna<\/strong> \u2013 pravideln\u00e1 technick\u00e1 \u00fadr\u017eba a&nbsp;prov\u011brka syst\u00e9mu protipovod\u0148ov\u00e9 ochrany. Technick\u00e1 spr\u00e1va komunikac\u00ed (TSK) provede ve spolupr\u00e1ci se zhotovitelem jak p\u0159\u00edpravnou f\u00e1zi, tak samotn\u00fd zku\u0161ebn\u00ed zdvih konstrukce.<\/p>\r\n<p>[\/perex]<\/p>\r\n<p>Pl\u00e1novan\u00fd zku\u0161ebn\u00ed zdvih \u0160tvanick\u00e9 l\u00e1vky je letos integr\u00e1ln\u00ed sou\u010d\u00e1st\u00ed rozs\u00e1hl\u00e9ho cvi\u010den\u00ed protipovod\u0148ov\u00e9 ochrany hlavn\u00edho m\u011bsta, kter\u00e9 v&nbsp;oblasti Hole\u0161ovic a&nbsp;Buben\u010de prob\u011bhne v&nbsp;sobotu 16.&nbsp;kv\u011btna 2026. (Zat\u00edmco slo\u017eky integrovan\u00e9ho z\u00e1chrann\u00e9ho syst\u00e9mu a&nbsp;dobrovoln\u00ed hasi\u010di budou v&nbsp;ter\u00e9nu instalovat p\u0159ibli\u017en\u011b 1,5 km mobiln\u00edch z\u00e1bran, TSK prov\u011b\u0159\u00ed v&nbsp;no\u010dn\u00edch hodin\u00e1ch funk\u010dnost hydraulick\u00e9ho syst\u00e9mu l\u00e1vky.\u00a0<\/p>\r\n<p>Tento koordinovan\u00fd postup umo\u017en\u00ed simulovat re\u00e1ln\u00e9 podm\u00ednky p\u0159i vyhl\u00e1\u0161en\u00ed krizov\u00e9ho stavu, kdy je nutn\u00e9 b\u011bhem n\u011bkolika des\u00edtek minut zajistit jak pozemn\u00ed hrazen\u00ed, tak vertik\u00e1ln\u00ed posun mostn\u00edch konstrukc\u00ed nad hladinu Vltavy. <em>Podrobnosti p\u0159ipravujeme.<\/em><\/p>\r\n<p>&nbsp;<\/p>\r\n<h3>L\u00e1vka bude pro p\u011b\u0161\u00ed i&nbsp;cyklisty uzav\u0159ena v&nbsp;term\u00ednech:<\/h3>\r\n<ul>\r\n\t<li><strong>od st\u0159edy 6.&nbsp;kv\u011btna <\/strong>(23.00) <strong>do \u010dtvrtka 7.&nbsp;kv\u011btna<\/strong> 2026 (5.00) \/ p\u0159\u00edpravn\u00e1 f\u00e1ze (mont\u00e1\u017e r\u00e1mu)<\/li>\r\n\t<li><strong>v sobotu 16.&nbsp;kv\u011btna <\/strong>(od 5.30) <strong>v pr\u016fb\u011bhu dne<\/strong> <b>do odvol\u00e1n\u00ed <\/b>\/ hlavn\u00ed kontrola a&nbsp;zku\u0161ebn\u00ed zdvih, n\u00e1sledovat bude cvi\u010den\u00ed se stavbou protipovod\u0148ov\u00e9 ochrany n\u00e1b\u0159e\u017e\u00ed<\/li>\r\n\t<li><strong>od pond\u011bl\u00ed 18.&nbsp;kv\u011btna<\/strong> (23.00) <strong>do \u00fater\u00fd 19.&nbsp;kv\u011btna 2026<\/strong> (6.00) \/ celkov\u00e1 demont\u00e1\u017e ocelov\u00e9 konstrukce (tzv. \u0161ibenice) a&nbsp;odvoz<br \/>\r\n\u00a0<\/li>\r\n<\/ul>\r\n<h3>Technick\u00fd \u00fa\u010del prac\u00ed<\/h3>\r\n<p>B\u011bhem hlavn\u00ed uzav\u00edrky 16.&nbsp;kv\u011btna prob\u011bhne aktivace hydraulick\u00e9ho syst\u00e9mu, kter\u00fd umo\u017e\u0148uje vyzdvi\u017een\u00ed l\u00e1vky do v\u00fd\u0161ky 3,2 metru. Tento proces, trvaj\u00edc\u00ed p\u0159ibli\u017en\u011b 17 minut, je kritick\u00fd pro ochranu m\u011bsta a&nbsp;samotn\u00e9 l\u00e1vky p\u0159i zv\u00fd\u0161en\u00e9 hladin\u011b Vltavy.<\/p>\r\n<p>&nbsp;<\/p>\r\n<p><em>Pros\u00edme ve\u0159ejnost, aby v&nbsp;uveden\u00fdch \u010dasech vyu\u017eila k&nbsp;p\u0159esunu mezi b\u0159ehy okoln\u00ed mosty a&nbsp;respektovala do\u010dasn\u00e9 dopravn\u00ed zna\u010den\u00ed.<\/em><\/p>\r\n<p>&nbsp;<\/p>","protected":false},"excerpt":{"rendered":"[perex] \u0160tvanickou l\u00e1vku \u010dek\u00e1 o&nbsp;dvou kv\u011btnov\u00fdch noc\u00edch \u2013 v&nbsp;noci ze st\u0159edy 6.&nbsp;kv\u011btna na \u010dtvrtek 7.&nbsp;kv\u011btna, v&nbsp;noci z&nbsp;pond\u011bl\u00ed 18.&nbsp;kv\u011btna na \u00fater\u00fd 19.&nbsp;kv\u011btna \u2013 a&nbsp;tak\u00e9 v&nbsp;sobotu 16.&nbsp;kv\u011btna \u2013 pravideln\u00e1 technick\u00e1 \u00fadr\u017eba a&nbsp;prov\u011brka syst\u00e9mu protipovod\u0148ov\u00e9 ochrany. Technick\u00e1 spr\u00e1va komunikac\u00ed (TSK) provede ve spolupr\u00e1ci se zhotovitelem jak p\u0159\u00edpravnou f\u00e1zi, tak samotn\u00fd zku\u0161ebn\u00ed zdvih konstrukce. [\/perex] Pl\u00e1novan\u00fd zku\u0161ebn\u00ed [&hellip;]","protected":false},"author":251,"featured_media":87576,"comment_status":"closed","ping_status":"open","sticky":false,"template":"","format":"standard","meta":[],"categories":[34],"tags":[125,110],"_links":{"self":[{"href":"https:\/\/www.praha7.cz\/api\/wp\/v2\/posts\/91519"}],"collection":[{"href":"https:\/\/www.praha7.cz\/api\/wp\/v2\/posts"}],"about":[{"href":"https:\/\/www.praha7.cz\/api\/wp\/v2\/types\/post"}],"author":[{"embeddable":true,"href":"https:\/\/www.praha7.cz\/api\/wp\/v2\/users\/251"}],"replies":[{"embeddable":true,"href":"https:\/\/www.praha7.cz\/api\/wp\/v2\/comments?post=91519"}],"version-history":[{"count":10,"href":"https:\/\/www.praha7.cz\/api\/wp\/v2\/posts\/91519\/revisions"}],"predecessor-version":[{"id":91546,"href":"https:\/\/www.praha7.cz\/api\/wp\/v2\/posts\/91519\/revisions\/91546"}],"wp:featuredmedia":[{"embeddable":true,"href":"https:\/\/www.praha7.cz\/api\/wp\/v2\/media\/87576"}],"wp:attachment":[{"href":"https:\/\/www.praha7.cz\/api\/wp\/v2\/media?parent=91519"}],"wp:term":[{"taxonomy":"category","embeddable":true,"href":"https:\/\/www.praha7.cz\/api\/wp\/v2\/categories?post=91519"},{"taxonomy":"post_tag","embeddable":true,"href":"https:\/\/www.praha7.cz\/api\/wp\/v2\/tags?post=91519"}],"curies":[{"name":"wp","href":"https:\/\/api.w.org\/{rel}","templated":true}]}}