    
{"id":91468,"date":"2026-04-27T13:01:56","date_gmt":"2026-04-27T11:01:56","guid":{"rendered":"https:\/\/www.praha7.cz\/?p=91468"},"modified":"2026-04-27T13:01:56","modified_gmt":"2026-04-27T11:01:56","slug":"cviceni-slozek-izs-na-sparte","status":"publish","type":"post","link":"https:\/\/www.praha7.cz\/cviceni-slozek-izs-na-sparte\/","title":{"rendered":"Cvi\u010den\u00ed slo\u017eek IZS na Spart\u011b"},"content":{"rendered":"<p>[perex]<\/p>\r\n<p>V\u00a0\u00fater\u00fd 28.&nbsp;4.&nbsp;2026 se uskute\u010dn\u00ed taktick\u00e9 cvi\u010den\u00ed slo\u017eek Integrovan\u00e9ho z\u00e1chrann\u00e9ho syst\u00e9mu na stadionu fotbalov\u00e9 Sparty (Milady Hor\u00e1kov\u00e9 1066\/98) a&nbsp;v\u00a0jeho bl\u00edzk\u00e9m okol\u00ed. Cvi\u010den\u00ed bude prob\u00edhat zhruba od 10 do 14 hodin. Jeliko\u017e je do akce zapojeno v\u00edce slo\u017eek, o\u010dek\u00e1v\u00e1 se v\u00a0m\u00edst\u011b cvi\u010den\u00ed zv\u00fd\u0161en\u00fd pohyb osob i&nbsp;techniky.<\/p>\r\n<p>Pros\u00edme, p\u0159i pohybu v\u00a0dot\u010den\u00e9 lokalit\u011b dbejte pokyn\u016f p\u0159\u00edslu\u0161n\u00edk\u016f IZS. D\u011bkujeme za pochopen\u00ed s\u00a0p\u0159\u00edpadn\u00fdmi omezen\u00edmi.<\/p>\r\n<p>[\/perex]<\/p>","protected":false},"excerpt":{"rendered":"[perex] V\u00a0\u00fater\u00fd 28.&nbsp;4.&nbsp;2026 se uskute\u010dn\u00ed taktick\u00e9 cvi\u010den\u00ed slo\u017eek Integrovan\u00e9ho z\u00e1chrann\u00e9ho syst\u00e9mu na stadionu fotbalov\u00e9 Sparty (Milady Hor\u00e1kov\u00e9 1066\/98) a&nbsp;v\u00a0jeho bl\u00edzk\u00e9m okol\u00ed. Cvi\u010den\u00ed bude prob\u00edhat zhruba od 10 do 14 hodin. Jeliko\u017e je do akce zapojeno v\u00edce slo\u017eek, o\u010dek\u00e1v\u00e1 se v\u00a0m\u00edst\u011b cvi\u010den\u00ed zv\u00fd\u0161en\u00fd pohyb osob i&nbsp;techniky. Pros\u00edme, p\u0159i pohybu v\u00a0dot\u010den\u00e9 lokalit\u011b dbejte pokyn\u016f p\u0159\u00edslu\u0161n\u00edk\u016f IZS. D\u011bkujeme [&hellip;]","protected":false},"author":5,"featured_media":91470,"comment_status":"closed","ping_status":"open","sticky":false,"template":"","format":"standard","meta":[],"categories":[34],"tags":[],"_links":{"self":[{"href":"https:\/\/www.praha7.cz\/api\/wp\/v2\/posts\/91468"}],"collection":[{"href":"https:\/\/www.praha7.cz\/api\/wp\/v2\/posts"}],"about":[{"href":"https:\/\/www.praha7.cz\/api\/wp\/v2\/types\/post"}],"author":[{"embeddable":true,"href":"https:\/\/www.praha7.cz\/api\/wp\/v2\/users\/5"}],"replies":[{"embeddable":true,"href":"https:\/\/www.praha7.cz\/api\/wp\/v2\/comments?post=91468"}],"version-history":[{"count":1,"href":"https:\/\/www.praha7.cz\/api\/wp\/v2\/posts\/91468\/revisions"}],"predecessor-version":[{"id":91471,"href":"https:\/\/www.praha7.cz\/api\/wp\/v2\/posts\/91468\/revisions\/91471"}],"wp:featuredmedia":[{"embeddable":true,"href":"https:\/\/www.praha7.cz\/api\/wp\/v2\/media\/91470"}],"wp:attachment":[{"href":"https:\/\/www.praha7.cz\/api\/wp\/v2\/media?parent=91468"}],"wp:term":[{"taxonomy":"category","embeddable":true,"href":"https:\/\/www.praha7.cz\/api\/wp\/v2\/categories?post=91468"},{"taxonomy":"post_tag","embeddable":true,"href":"https:\/\/www.praha7.cz\/api\/wp\/v2\/tags?post=91468"}],"curies":[{"name":"wp","href":"https:\/\/api.w.org\/{rel}","templated":true}]}}