    
{"id":91466,"date":"2026-04-27T12:59:20","date_gmt":"2026-04-27T10:59:20","guid":{"rendered":"https:\/\/www.praha7.cz\/?p=91466"},"modified":"2026-04-27T12:59:20","modified_gmt":"2026-04-27T10:59:20","slug":"pietni-akt-u-pomniku-obetem-povstani-5-kvetna","status":"publish","type":"post","link":"https:\/\/www.praha7.cz\/pietni-akt-u-pomniku-obetem-povstani-5-kvetna\/","title":{"rendered":"Pietn\u00ed akt u&nbsp;pomn\u00edku Ob\u011btem povst\u00e1n\u00ed 5.&nbsp;kv\u011btna"},"content":{"rendered":"<p>[perex]<\/p>\r\n<p>Zveme v\u00e1s na vzpom\u00ednkov\u00fd pietn\u00ed akt spojen\u00fd s&nbsp;kladen\u00edm v\u011bnc\u016f u&nbsp;p\u0159\u00edle\u017eitosti v\u00fdznamn\u00e9ho dne Kv\u011btnov\u00e9 povst\u00e1n\u00ed \u010desk\u00e9ho lidu a&nbsp;st\u00e1tn\u00edho sv\u00e1tku Den v\u00edt\u011bzstv\u00ed.<\/p>\r\n<p>Ud\u00e1lost se uskute\u010dn\u00ed v&nbsp;\u00fater\u00fd 5.&nbsp;kv\u011btna 2026 v&nbsp;9.00 u&nbsp;pomn\u00edku padl\u00fdch v&nbsp;\u00fapat\u00ed mostu Barik\u00e1dn\u00edk\u016f v&nbsp;ul. Povltavsk\u00e1 (severoz\u00e1padn\u00ed strana mostu).<\/p>\r\n<p>[\/perex]<\/p>\r\n<p>Dopravn\u00ed spojen\u00ed na m\u00edsto kon\u00e1n\u00ed: linka 187 ze zast\u00e1vky N\u00e1dra\u017e\u00ed Hole\u0161ovice do zast\u00e1vky Pelc Tyrolka.<\/p>","protected":false},"excerpt":{"rendered":"[perex] Zveme v\u00e1s na vzpom\u00ednkov\u00fd pietn\u00ed akt spojen\u00fd s&nbsp;kladen\u00edm v\u011bnc\u016f u&nbsp;p\u0159\u00edle\u017eitosti v\u00fdznamn\u00e9ho dne Kv\u011btnov\u00e9 povst\u00e1n\u00ed \u010desk\u00e9ho lidu a&nbsp;st\u00e1tn\u00edho sv\u00e1tku Den v\u00edt\u011bzstv\u00ed. Ud\u00e1lost se uskute\u010dn\u00ed v&nbsp;\u00fater\u00fd 5.&nbsp;kv\u011btna 2026 v&nbsp;9.00 u&nbsp;pomn\u00edku padl\u00fdch v&nbsp;\u00fapat\u00ed mostu Barik\u00e1dn\u00edk\u016f v&nbsp;ul. Povltavsk\u00e1 (severoz\u00e1padn\u00ed strana mostu). [\/perex] Dopravn\u00ed spojen\u00ed na m\u00edsto kon\u00e1n\u00ed: linka 187 ze zast\u00e1vky N\u00e1dra\u017e\u00ed Hole\u0161ovice do zast\u00e1vky Pelc Tyrolka.","protected":false},"author":251,"featured_media":83920,"comment_status":"closed","ping_status":"open","sticky":false,"template":"","format":"standard","meta":[],"categories":[36],"tags":[135],"_links":{"self":[{"href":"https:\/\/www.praha7.cz\/api\/wp\/v2\/posts\/91466"}],"collection":[{"href":"https:\/\/www.praha7.cz\/api\/wp\/v2\/posts"}],"about":[{"href":"https:\/\/www.praha7.cz\/api\/wp\/v2\/types\/post"}],"author":[{"embeddable":true,"href":"https:\/\/www.praha7.cz\/api\/wp\/v2\/users\/251"}],"replies":[{"embeddable":true,"href":"https:\/\/www.praha7.cz\/api\/wp\/v2\/comments?post=91466"}],"version-history":[{"count":1,"href":"https:\/\/www.praha7.cz\/api\/wp\/v2\/posts\/91466\/revisions"}],"predecessor-version":[{"id":91469,"href":"https:\/\/www.praha7.cz\/api\/wp\/v2\/posts\/91466\/revisions\/91469"}],"wp:featuredmedia":[{"embeddable":true,"href":"https:\/\/www.praha7.cz\/api\/wp\/v2\/media\/83920"}],"wp:attachment":[{"href":"https:\/\/www.praha7.cz\/api\/wp\/v2\/media?parent=91466"}],"wp:term":[{"taxonomy":"category","embeddable":true,"href":"https:\/\/www.praha7.cz\/api\/wp\/v2\/categories?post=91466"},{"taxonomy":"post_tag","embeddable":true,"href":"https:\/\/www.praha7.cz\/api\/wp\/v2\/tags?post=91466"}],"curies":[{"name":"wp","href":"https:\/\/api.w.org\/{rel}","templated":true}]}}