    
{"id":91459,"date":"2026-04-27T14:56:10","date_gmt":"2026-04-27T12:56:10","guid":{"rendered":"https:\/\/www.praha7.cz\/?p=91459"},"modified":"2026-04-27T15:09:01","modified_gmt":"2026-04-27T13:09:01","slug":"maraton-26","status":"publish","type":"post","link":"https:\/\/www.praha7.cz\/maraton-26\/","title":{"rendered":"Dopravn\u00ed opat\u0159en\u00ed spojen\u00e1 s&nbsp;ned\u011bln\u00edm\u00a0maratonem"},"content":{"rendered":"<p>[perex]<\/p>\r\n<p>Na start maratonsk\u00e9ho z\u00e1vodu na Starom\u011bstsk\u00e9m n\u00e1m\u011bst\u00ed se v&nbsp;ned\u011bli 3.&nbsp;kv\u011btna 2026 v&nbsp;osm hodin r\u00e1no postav\u00ed p\u0159es 11&nbsp;000 b\u011b\u017ec\u016f z&nbsp;v\u00edce ne\u017e stovky zem\u00ed sv\u011bta. Tento v\u00fdznamn\u00fd sportovn\u00ed sv\u00e1tek si v\u0161ak vy\u017e\u00e1d\u00e1 i&nbsp;n\u011bkter\u00e1 <a href=\"https:\/\/www.runczech.com\/cs\/akce\/vodafone-maraton-praha-2026\/dopravni-informace-vodafone-maraton-praha-2026\" target=\"_blank\" rel=\"noopener\">dopravn\u00ed opat\u0159en\u00ed<\/a>.<\/p>\r\n<p>[\/perex]<\/p>\r\n<h4><a href=\"https:\/\/www.runczech.com\/wp-content\/uploads\/2026\/04\/FM_TrafficInfo_web_2026.pdf\" target=\"_blank\" rel=\"noopener\">Let\u00e1k dopravn\u00edch opat\u0159en\u00ed spojen\u00fdch s\u00a0maratonem<\/a><\/h4>\r\n<h3>Dopravn\u00ed omezen\u00ed v&nbsp;MHD<\/h3>\r\n<p>V ned\u011bli 3.&nbsp;kv\u011btna 2026 bude etapovit\u011b omezov\u00e1n provoz tramvaj\u00ed a&nbsp;autobus\u016f zejm\u00e9na v&nbsp;centr\u00e1ln\u00ed \u010d\u00e1sti m\u011bsta, kde je vhodn\u00e9 vyu\u017e\u00edt linky metra. <strong>Ve\u0161ker\u00e1 omezen\u00ed zve\u0159ej\u0148uje DPP <a href=\"https:\/\/www.dpp.cz\/omezeni-a-mimoradne-udalosti\/detail\/31796\" target=\"_blank\" rel=\"noopener\">zde<\/a>.<\/strong><\/p>\r\n<p>Na na\u0161em \u00fazem\u00ed bude zavedena n\u00e1hradn\u00ed autobusov\u00e1 doprava X1 v&nbsp;\u00faseku N\u00e1dra\u017e\u00ed Hole\u0161ovice \u2013 D\u011blnick\u00e1 \u2013 Vltavsk\u00e1 \u2013 Strossmayerovo n\u00e1m\u011bst\u00ed. Linka X25 bude prodlou\u017eena: Palmovka \u2013 D\u011blnick\u00e1 \u2013 Vltavsk\u00e1 \u2013 Strossmayerovo n\u00e1m\u011bst\u00ed.<\/p>\r\n<hr \/>\r\n<h3>Lokality s&nbsp;omezen\u00fdm parkov\u00e1n\u00edm v&nbsp;Praze 7<\/h3>\r\n<p>V sobotu a&nbsp;v&nbsp;ned\u011bli 2.&nbsp;a&nbsp;3.&nbsp;kv\u011btna 2026 bude platit z&nbsp;d\u016fvodu zachov\u00e1n\u00ed bezpe\u010dnosti po cel\u00e9 trase z\u00e1vodu z\u00e1kaz parkov\u00e1n\u00ed, kter\u00fd by m\u011bli v\u0161ichni \u0159idi\u010di respektovat. V&nbsp;opa\u010dn\u00e9m p\u0159\u00edpad\u011b budou jejich vozidla odta\u017eena.<\/p>\r\n<ul>\r\n\t<li>n\u00e1b\u0159e\u017e\u00ed E. Bene\u0161e a&nbsp;podjezd pod \u010cechov\u00fdm mostem \u2013 v&nbsp;cel\u00e9 d\u00e9lce<\/li>\r\n\t<li>n\u00e1b\u0159e\u017e\u00ed Kpt. Jaro\u0161e a&nbsp;podjezd pod \u0160tef\u00e1nikov\u00fdm mostem \u2013 v&nbsp;cel\u00e9 d\u00e9lce<\/li>\r\n\t<li>dal\u0161\u00ed lokality po trase z\u00e1vodu, sledujte pros\u00edm dopravn\u00ed zna\u010den\u00ed<\/li>\r\n<\/ul>\r\n<hr \/>\r\n<h3>Dopravn\u00ed omezen\u00ed pro automobilovou dopravu<\/h3>\r\n<p>Dopravu bude v&nbsp;cel\u00e9 oblasti z\u00e1vodu \u0159\u00eddit Policie \u010cR ve spolupr\u00e1ci s&nbsp;M\u011bstskou polici\u00ed Praha a&nbsp;od 7.00 do 15.00 bude postupn\u011b po trase z\u00e1vodu uzav\u00edrat a&nbsp;otev\u00edrat ulice a&nbsp;k\u0159i\u017eovatky. Mimo tento \u010das bude platit b\u011b\u017en\u00fd dopravn\u00ed re\u017eim.\u00a0\u00a0<\/p>\r\n<p>Kv\u016fli kon\u00e1n\u00ed z\u00e1vodu budou do\u010dasn\u011b uzav\u0159eny pro automobilov\u00fd provoz tyto komunikace v&nbsp;Praze 7 (uveden\u00e9 \u010dasy jsou orienta\u010dn\u00ed a&nbsp;mohou se m\u011bnit):\u00a0<\/p>\r\n<ul>\r\n\t<li>n\u00e1b\u0159e\u017e\u00ed Edvarda Bene\u0161e (7.30\u20138.30) obousm\u011brn\u011b v&nbsp;cel\u00e9 d\u00e9lce<\/li>\r\n\t<li>n\u00e1b\u0159e\u017e\u00ed Edvarda Bene\u0161e (8.30\u201314.10) v&nbsp;\u00faseku mezi mezi \u010cechov\u00fdm a&nbsp;\u0160tef\u00e1nikov\u00fdm mostem<\/li>\r\n\t<li>n\u00e1b\u0159e\u017e\u00ed Kapit\u00e1na Jaro\u0161e (7.30\u201314.20) pouze sm\u011br z&nbsp;centra<\/li>\r\n\t<li>Bubensk\u00e9 n\u00e1b\u0159e\u017e\u00ed (7.30\u201314.30) na \u00farovni Hole\u0161ovick\u00e9 tr\u017enice obousm\u011brn\u011b, jinak pouze sm\u011br z&nbsp;centra<\/li>\r\n\t<li>Komunard\u016f (7.30\u201314.30) v&nbsp;\u00faseku Bubensk\u00e9 n\u00e1b\u0159e\u017e\u00ed \u2013 Jate\u010dn\u00ed<\/li>\r\n\t<li>Jate\u010dn\u00ed (7.30\u201314.35) v&nbsp;\u00faseku Komunard\u016f\u2013Jankovcova<\/li>\r\n\t<li>Jankovcova (7.30\u201314.40) v&nbsp;\u00faseku Jate\u010dn\u00ed \u2013 Libe\u0148sk\u00fd most<\/li>\r\n\t<li>Libe\u0148sk\u00fd most (7.30\u201314.45) ve sm\u011bru z&nbsp;Hole\u0161ovic na Libe\u0148<\/li>\r\n<\/ul>\r\n<hr \/>\r\n<h3>Bezplatn\u00e1 dopravn\u011b-informa\u010dn\u00ed linka<\/h3>\r\n<p>Od pond\u011bl\u00ed 27.&nbsp;4.&nbsp;do soboty 2.&nbsp;5. (v\u017edy od 9.00 do 18.00) je v\u00e1m k&nbsp;dispozici bezplatn\u00e1 dopravn\u011b-informa\u010dn\u00ed linka: 800&nbsp;165&nbsp;102. V&nbsp;den z\u00e1vodu, tj. v&nbsp;ned\u011bli 3.&nbsp;5., od 7.00 do 15.00 jsou k&nbsp;dispozici tyto bezplatn\u00e9 dopravn\u011b-informa\u010dn\u00ed linky: 800&nbsp;100&nbsp;991 a&nbsp;800&nbsp;165&nbsp;102.<\/p>\r\n<hr \/>\r\n<h3>Trasa z\u00e1vodu<\/h3>\r\n<p><a href=\"https:\/\/www.praha7.cz\/wp-content\/uploads\/2026\/04\/maraton-26.jpg\" target=\"_blank\" rel=\"noopener\"><img loading=\"lazy\" src=\"https:\/\/www.praha7.cz\/wp-content\/uploads\/2026\/04\/maraton-26-282x400.jpg\" alt=\"\" width=\"282\" height=\"400\" class=\"alignnone size-medium wp-image-91473\" srcset=\"https:\/\/www.praha7.cz\/wp-content\/uploads\/2026\/04\/maraton-26-282x400.jpg 282w, https:\/\/www.praha7.cz\/wp-content\/uploads\/2026\/04\/maraton-26-705x1000.jpg 705w, https:\/\/www.praha7.cz\/wp-content\/uploads\/2026\/04\/maraton-26-768x1089.jpg 768w, https:\/\/www.praha7.cz\/wp-content\/uploads\/2026\/04\/maraton-26.jpg 875w\" sizes=\"(max-width: 282px) 100vw, 282px\" \/><\/a><\/p>\r\n<p>D\u011bkujeme za pochopen\u00ed a\u00a0b\u011b\u017ec\u016fm p\u0159ejeme hodn\u011b zdaru.<\/p>","protected":false},"excerpt":{"rendered":"[perex] Na start maratonsk\u00e9ho z\u00e1vodu na Starom\u011bstsk\u00e9m n\u00e1m\u011bst\u00ed se v&nbsp;ned\u011bli 3.&nbsp;kv\u011btna 2026 v&nbsp;osm hodin r\u00e1no postav\u00ed p\u0159es 11&nbsp;000 b\u011b\u017ec\u016f z&nbsp;v\u00edce ne\u017e stovky zem\u00ed sv\u011bta. Tento v\u00fdznamn\u00fd sportovn\u00ed sv\u00e1tek si v\u0161ak vy\u017e\u00e1d\u00e1 i&nbsp;n\u011bkter\u00e1 dopravn\u00ed opat\u0159en\u00ed. [\/perex] Let\u00e1k dopravn\u00edch opat\u0159en\u00ed spojen\u00fdch s\u00a0maratonem Dopravn\u00ed omezen\u00ed v&nbsp;MHD V&nbsp;ned\u011bli 3.&nbsp;kv\u011btna 2026 bude etapovit\u011b omezov\u00e1n provoz tramvaj\u00ed a&nbsp;autobus\u016f zejm\u00e9na v&nbsp;centr\u00e1ln\u00ed [&hellip;]","protected":false},"author":251,"featured_media":25851,"comment_status":"closed","ping_status":"open","sticky":false,"template":"","format":"standard","meta":[],"categories":[34],"tags":[57,122],"_links":{"self":[{"href":"https:\/\/www.praha7.cz\/api\/wp\/v2\/posts\/91459"}],"collection":[{"href":"https:\/\/www.praha7.cz\/api\/wp\/v2\/posts"}],"about":[{"href":"https:\/\/www.praha7.cz\/api\/wp\/v2\/types\/post"}],"author":[{"embeddable":true,"href":"https:\/\/www.praha7.cz\/api\/wp\/v2\/users\/251"}],"replies":[{"embeddable":true,"href":"https:\/\/www.praha7.cz\/api\/wp\/v2\/comments?post=91459"}],"version-history":[{"count":3,"href":"https:\/\/www.praha7.cz\/api\/wp\/v2\/posts\/91459\/revisions"}],"predecessor-version":[{"id":91477,"href":"https:\/\/www.praha7.cz\/api\/wp\/v2\/posts\/91459\/revisions\/91477"}],"wp:featuredmedia":[{"embeddable":true,"href":"https:\/\/www.praha7.cz\/api\/wp\/v2\/media\/25851"}],"wp:attachment":[{"href":"https:\/\/www.praha7.cz\/api\/wp\/v2\/media?parent=91459"}],"wp:term":[{"taxonomy":"category","embeddable":true,"href":"https:\/\/www.praha7.cz\/api\/wp\/v2\/categories?post=91459"},{"taxonomy":"post_tag","embeddable":true,"href":"https:\/\/www.praha7.cz\/api\/wp\/v2\/tags?post=91459"}],"curies":[{"name":"wp","href":"https:\/\/api.w.org\/{rel}","templated":true}]}}