    
{"id":91457,"date":"2026-04-27T09:57:13","date_gmt":"2026-04-27T07:57:13","guid":{"rendered":"https:\/\/www.praha7.cz\/?p=91457"},"modified":"2026-04-27T09:57:13","modified_gmt":"2026-04-27T07:57:13","slug":"kratkodobe-preruseni-provozu-tramvaji-v-useku-nadrazi-holesovice-ke-stirce","status":"publish","type":"post","link":"https:\/\/www.praha7.cz\/kratkodobe-preruseni-provozu-tramvaji-v-useku-nadrazi-holesovice-ke-stirce\/","title":{"rendered":"Kr\u00e1tkodob\u00e9 p\u0159eru\u0161en\u00ed provozu tramvaj\u00ed v&nbsp;\u00faseku N\u00e1dra\u017e\u00ed Hole\u0161ovice \u2013 Ke St\u00edrce"},"content":{"rendered":"<p>[perex]<\/p>\r\n<p>V noci z&nbsp;\u00fater\u00fd na st\u0159edu (od \u00fater\u00fd 28.&nbsp;dubna 2026&nbsp;23.00 do st\u0159edy 29.&nbsp;dubna 2026&nbsp;4.30) dojde ke kr\u00e1tkodob\u00e9mu p\u0159eru\u0161en\u00ed provozu tramvaj\u00ed v&nbsp;\u00faseku N\u00e1dra\u017e\u00ed Hole\u0161ovice \u2013 Ke St\u00edrce. Zavedena bude n\u00e1hradn\u00ed autobusov\u00e1 doprava\u00a0X17 a&nbsp;X93.<\/p>\r\n<p>[\/perex]<\/p>\r\n<h2>Zm\u011bny tras tramvajov\u00fdch linek<\/h2>\r\n<p>Linky \u010d\u00edslo<span>\u00a0<\/span><strong>17<\/strong><span>\u00a0<\/span>a<span>\u00a0<\/span><strong>93<\/strong><span>\u00a0<\/span>&#8230; Veletr\u017en\u00ed pal\u00e1c \u2013<span>\u00a0<\/span><strong>V\u00ddSTAVI\u0160T\u011a<\/strong><\/p>\r\n<h2>N\u00e1hradn\u00ed doprava<\/h2>\r\n<ul>\r\n\t<li>V\u00a0denn\u00edm provozu je zavedena n\u00e1hradn\u00ed autobusov\u00e1 doprava<span>\u00a0<\/span><strong>X17<span>\u00a0<\/span><\/strong>v\u00a0trase<span>\u00a0<\/span><em>Strossmayerovo n\u00e1m\u011bst\u00ed \u2013 V\u00fdstavi\u0161t\u011b \u2013 N\u00e1dra\u017e\u00ed Hole\u0161ovice \u2013 Hercovka \u2013 Ke St\u00edrce \u2013 Kobylisy<\/em>.<\/li>\r\n\t<li>V\u00a0\u00faseku Kobylisy \u2013 Vozovna Kobylisy lze v\u00a0denn\u00edm provozu vyu\u017e\u00edt tramvajovou linku \u010d\u00edslo\u00a0<strong>24<\/strong>.<\/li>\r\n\t<li>V\u00a0no\u010dn\u00edm provozu je zavedena n\u00e1hradn\u00ed autobusov\u00e1 doprava<span>\u00a0<\/span><strong>X93<span>\u00a0<\/span><\/strong>v\u00a0trase<span>\u00a0<\/span><em>Strossmayerovo n\u00e1m\u011bst\u00ed \u2013 V\u00fdstavi\u0161t\u011b \u2013 N\u00e1dra\u017e\u00ed Hole\u0161ovice \u2013 Hercovka \u2013 Ke St\u00edrce \u2013 Kobylisy \u2013 L\u00e1dv\u00ed \u2013 S\u00eddli\u0161t\u011b \u010e\u00e1blice<\/em>.<\/li>\r\n<\/ul>\r\n<p>&nbsp;<\/p>\r\n<p><a href=\"https:\/\/www.dpp.cz\/omezeni-a-mimoradne-udalosti\/detail\/31701\" target=\"_blank\" rel=\"noopener\">V\u00edce na DPP.<\/a><\/p>","protected":false},"excerpt":{"rendered":"[perex] V&nbsp;noci z&nbsp;\u00fater\u00fd na st\u0159edu (od \u00fater\u00fd 28.&nbsp;dubna 2026&nbsp;23.00 do st\u0159edy 29.&nbsp;dubna 2026&nbsp;4.30) dojde ke kr\u00e1tkodob\u00e9mu p\u0159eru\u0161en\u00ed provozu tramvaj\u00ed v&nbsp;\u00faseku N\u00e1dra\u017e\u00ed Hole\u0161ovice \u2013 Ke St\u00edrce. Zavedena bude n\u00e1hradn\u00ed autobusov\u00e1 doprava\u00a0X17 a&nbsp;X93. [\/perex] Zm\u011bny tras tramvajov\u00fdch linek Linky \u010d\u00edslo\u00a017\u00a0a\u00a093\u00a0&#8230; Veletr\u017en\u00ed pal\u00e1c \u2013\u00a0V\u00ddSTAVI\u0160T\u011a N\u00e1hradn\u00ed doprava V\u00a0denn\u00edm provozu je zavedena n\u00e1hradn\u00ed autobusov\u00e1 doprava\u00a0X17\u00a0v\u00a0trase\u00a0Strossmayerovo n\u00e1m\u011bst\u00ed \u2013 V\u00fdstavi\u0161t\u011b \u2013 [&hellip;]","protected":false},"author":251,"featured_media":75487,"comment_status":"closed","ping_status":"open","sticky":false,"template":"","format":"standard","meta":[],"categories":[34],"tags":[57,125],"_links":{"self":[{"href":"https:\/\/www.praha7.cz\/api\/wp\/v2\/posts\/91457"}],"collection":[{"href":"https:\/\/www.praha7.cz\/api\/wp\/v2\/posts"}],"about":[{"href":"https:\/\/www.praha7.cz\/api\/wp\/v2\/types\/post"}],"author":[{"embeddable":true,"href":"https:\/\/www.praha7.cz\/api\/wp\/v2\/users\/251"}],"replies":[{"embeddable":true,"href":"https:\/\/www.praha7.cz\/api\/wp\/v2\/comments?post=91457"}],"version-history":[{"count":1,"href":"https:\/\/www.praha7.cz\/api\/wp\/v2\/posts\/91457\/revisions"}],"predecessor-version":[{"id":91458,"href":"https:\/\/www.praha7.cz\/api\/wp\/v2\/posts\/91457\/revisions\/91458"}],"wp:featuredmedia":[{"embeddable":true,"href":"https:\/\/www.praha7.cz\/api\/wp\/v2\/media\/75487"}],"wp:attachment":[{"href":"https:\/\/www.praha7.cz\/api\/wp\/v2\/media?parent=91457"}],"wp:term":[{"taxonomy":"category","embeddable":true,"href":"https:\/\/www.praha7.cz\/api\/wp\/v2\/categories?post=91457"},{"taxonomy":"post_tag","embeddable":true,"href":"https:\/\/www.praha7.cz\/api\/wp\/v2\/tags?post=91457"}],"curies":[{"name":"wp","href":"https:\/\/api.w.org\/{rel}","templated":true}]}}