    
{"id":91435,"date":"2026-04-24T09:14:23","date_gmt":"2026-04-24T07:14:23","guid":{"rendered":"https:\/\/www.praha7.cz\/?p=91435"},"modified":"2026-04-24T10:12:35","modified_gmt":"2026-04-24T08:12:35","slug":"jak-pecovat-doma","status":"publish","type":"post","link":"https:\/\/www.praha7.cz\/jak-pecovat-doma\/","title":{"rendered":"Jak pe\u010dovat o&nbsp;bl\u00edzk\u00e9ho doma? Zveme na workshop"},"content":{"rendered":"<p>[perex]<\/p>\r\n<p>V sobotu 16.&nbsp;kv\u011btna 2026 od 10 do 16 hodin se v&nbsp;<a href=\"https:\/\/www.dcagora7.cz\/listing\/pristav-7\/\" target=\"_blank\" rel=\"noopener\">P\u0159\u00edstavu 7<\/a> (V&nbsp;P\u0159\u00edstavu 24) uskute\u010dn\u00ed praktick\u00fd workshop na t\u00e9ma jak pe\u010dovat o&nbsp;bl\u00edzk\u00e9ho doma. \u010cekaj\u00ed v\u00e1s praktick\u00e9 uk\u00e1zky p\u00e9\u010de, p\u0159\u00edprava j\u00eddla, poradna i&nbsp;sd\u00edlen\u00ed zku\u0161enost\u00ed. Vstup zdarma, na n\u011bkter\u00e9 \u010d\u00e1sti programu je t\u0159eba registrace.<\/p>\r\n<p>[\/perex]<\/p>\r\n<p>P\u00e9\u010de o&nbsp;bl\u00edzk\u00e9ho v&nbsp;dom\u00e1c\u00edm prost\u0159ed\u00ed m\u016f\u017ee b\u00fdt n\u00e1ro\u010dn\u00e1, pln\u00e1 ot\u00e1zek i&nbsp;nejistoty. Je to \u010dasto tich\u00e1 a&nbsp;nen\u00e1padn\u00e1 pr\u00e1ce, o&nbsp;kter\u00e9 se moc nemluv\u00ed \u2013 dokud se n\u00e1s osobn\u011b net\u00fdk\u00e1. Pr\u00e1v\u011b proto Charita Praha-Hole\u0161ovice a&nbsp;komunitn\u00ed centrum P\u0159\u00edstav 7 p\u0159ipravily praktick\u00fd workshop, kde si v\u0161e d\u016fle\u017eit\u00e9 uk\u00e1\u017eeme srozumiteln\u011b, lidsky a&nbsp;hlavn\u011b v&nbsp;praxi. Nau\u010d\u00edte se, jak pe\u010dovat s&nbsp;v\u011bt\u0161\u00ed jistotou, klidem a&nbsp;respektem \u2013 a&nbsp;odnesete si konkr\u00e9tn\u00ed dovednosti, kter\u00e9 opravdu vyu\u017eijete.<\/p>\r\n<p>Na workshop se p\u0159ihla\u0161ujte online <a href=\"https:\/\/forms.gle\/A4yCzqpHvZHQicPW6\" target=\"_blank\" rel=\"noopener\">zde<\/a> nebo napi\u0161te mail na: <a href=\"mailto:nebatsepecovat@gmail.com\">nebatsepecovat@gmail.com<\/a>.<\/p>\r\n<p><br \/>\r\nI&nbsp;pokud se praktick\u00e9ho workshopu nez\u00fa\u010dastn\u00edte, jste i&nbsp;p\u0159esto srde\u010dn\u011b v\u00edt\u00e1ni \u2013 po cel\u00fd den bude k&nbsp;dispozici poradna Charity Praha-Hole\u0161ovice. M\u016f\u017eete p\u0159ij\u00edt jen tak na\u010derpat inspiraci, popov\u00eddat si, sd\u00edlet sv\u00e9 zku\u0161enosti nebo si jednodu\u0161e u\u017e\u00edt p\u0159\u00edjemn\u00fd den s&nbsp;n\u00e1mi.<\/p>\r\n<p>&nbsp;<\/p>\r\n<p><a href=\"https:\/\/www.praha7.cz\/wp-content\/uploads\/2026\/04\/workshop-16.-5.-2026_page-0001.jpg\" target=\"_blank\" rel=\"noopener\"><img loading=\"lazy\" src=\"https:\/\/www.praha7.cz\/wp-content\/uploads\/2026\/04\/workshop-16.-5.-2026_page-0001-282x400.jpg\" alt=\"\" width=\"282\" height=\"400\" class=\"alignnone size-medium wp-image-91436\" srcset=\"https:\/\/www.praha7.cz\/wp-content\/uploads\/2026\/04\/workshop-16.-5.-2026_page-0001-282x400.jpg 282w, https:\/\/www.praha7.cz\/wp-content\/uploads\/2026\/04\/workshop-16.-5.-2026_page-0001-704x1000.jpg 704w, https:\/\/www.praha7.cz\/wp-content\/uploads\/2026\/04\/workshop-16.-5.-2026_page-0001-768x1090.jpg 768w, https:\/\/www.praha7.cz\/wp-content\/uploads\/2026\/04\/workshop-16.-5.-2026_page-0001.jpg 874w\" sizes=\"(max-width: 282px) 100vw, 282px\" \/><\/a><\/p>","protected":false},"excerpt":{"rendered":"[perex] V&nbsp;sobotu 16.&nbsp;kv\u011btna 2026 od 10 do 16 hodin se v&nbsp;P\u0159\u00edstavu 7 (V&nbsp;P\u0159\u00edstavu 24) uskute\u010dn\u00ed praktick\u00fd workshop na t\u00e9ma jak pe\u010dovat o&nbsp;bl\u00edzk\u00e9ho doma. \u010cekaj\u00ed v\u00e1s praktick\u00e9 uk\u00e1zky p\u00e9\u010de, p\u0159\u00edprava j\u00eddla, poradna i&nbsp;sd\u00edlen\u00ed zku\u0161enost\u00ed. Vstup zdarma, na n\u011bkter\u00e9 \u010d\u00e1sti programu je t\u0159eba registrace. [\/perex] P\u00e9\u010de o&nbsp;bl\u00edzk\u00e9ho v&nbsp;dom\u00e1c\u00edm prost\u0159ed\u00ed m\u016f\u017ee b\u00fdt n\u00e1ro\u010dn\u00e1, pln\u00e1 ot\u00e1zek i&nbsp;nejistoty. Je [&hellip;]","protected":false},"author":251,"featured_media":91437,"comment_status":"closed","ping_status":"open","sticky":false,"template":"","format":"standard","meta":[],"categories":[34],"tags":[140],"_links":{"self":[{"href":"https:\/\/www.praha7.cz\/api\/wp\/v2\/posts\/91435"}],"collection":[{"href":"https:\/\/www.praha7.cz\/api\/wp\/v2\/posts"}],"about":[{"href":"https:\/\/www.praha7.cz\/api\/wp\/v2\/types\/post"}],"author":[{"embeddable":true,"href":"https:\/\/www.praha7.cz\/api\/wp\/v2\/users\/251"}],"replies":[{"embeddable":true,"href":"https:\/\/www.praha7.cz\/api\/wp\/v2\/comments?post=91435"}],"version-history":[{"count":2,"href":"https:\/\/www.praha7.cz\/api\/wp\/v2\/posts\/91435\/revisions"}],"predecessor-version":[{"id":91440,"href":"https:\/\/www.praha7.cz\/api\/wp\/v2\/posts\/91435\/revisions\/91440"}],"wp:featuredmedia":[{"embeddable":true,"href":"https:\/\/www.praha7.cz\/api\/wp\/v2\/media\/91437"}],"wp:attachment":[{"href":"https:\/\/www.praha7.cz\/api\/wp\/v2\/media?parent=91435"}],"wp:term":[{"taxonomy":"category","embeddable":true,"href":"https:\/\/www.praha7.cz\/api\/wp\/v2\/categories?post=91435"},{"taxonomy":"post_tag","embeddable":true,"href":"https:\/\/www.praha7.cz\/api\/wp\/v2\/tags?post=91435"}],"curies":[{"name":"wp","href":"https:\/\/api.w.org\/{rel}","templated":true}]}}