    
{"id":91399,"date":"2026-04-22T13:20:59","date_gmt":"2026-04-22T11:20:59","guid":{"rendered":"https:\/\/www.praha7.cz\/?p=91399"},"modified":"2026-04-22T13:24:14","modified_gmt":"2026-04-22T11:24:14","slug":"od-slonu-po-opylovatele","status":"publish","type":"post","link":"https:\/\/www.praha7.cz\/od-slonu-po-opylovatele\/","title":{"rendered":"Od slon\u016f po opylovatele"},"content":{"rendered":"<p>[perex]<\/p>\r\n<p>Jen p\u00e1r minut ch\u016fze od Kr\u00e1lovsk\u00e9 obory najdete od podzimu 2023 centrum s&nbsp;poetick\u00fdm n\u00e1zvem <a href=\"https:\/\/ustudankypoznani.cz\/\" target=\"_blank\" rel=\"noopener\">U stud\u00e1nky pozn\u00e1n\u00ed<\/a>. Na prvn\u00ed pohled m\u016f\u017ee p\u016fsobit nen\u00e1padn\u011b. Nejde o&nbsp;velkou instituci ani o&nbsp;b\u011b\u017en\u00e9 ekologick\u00e9 centrum. Sp\u00ed\u0161 o&nbsp;otev\u0159en\u00fd prostor, kde se setk\u00e1vaj\u00ed lid\u00e9, kte\u0159\u00ed maj\u00ed s&nbsp;ochranou p\u0159\u00edrody osobn\u00ed zku\u0161enost, s&nbsp;t\u011bmi, kdo o&nbsp;n\u00ed cht\u011bj\u00ed v\u011bd\u011bt v\u00edc. Vede jej Krist\u00fdna Nov\u00e1kov\u00e1, ji\u017e p\u0159edstavujeme v&nbsp;rubrice <a href=\"https:\/\/www.praha7.cz\/priroda-zacina-za-oknem\/\" target=\"_blank\" rel=\"noopener\">Potk\u00e1v\u00e1me je<\/a>. Co m\u016f\u017eete U&nbsp;stud\u00e1nky pozn\u00e1n\u00ed za\u017e\u00edt, se dozv\u00edte na n\u00e1sleduj\u00edc\u00edch \u0159\u00e1dc\u00edch.<\/p>\r\n<p>[\/perex]<\/p>\r\n<p>Za vznikem centra stoj\u00ed <a href=\"https:\/\/ccbc.cz\/\" target=\"_blank\" rel=\"noopener\">\u010cesk\u00e1 koalice pro ochranu biodiverzity (CCBC)<\/a>, platforma pro organizace a\u00a0jednotlivce, kte\u0159\u00ed se v\u011bnuj\u00ed ochran\u011b biodiverzity v\u00a0praxi. Jej\u00ed \u010dlenov\u00e9 tr\u00e1v\u00ed \u010d\u00e1st roku v\u00a0ter\u00e9nu \u2013 v\u00a0africk\u00fdch rezervac\u00edch, asijsk\u00fdch pralesech i\u00a0na \u010desk\u00fdch louk\u00e1ch. \u201ePostupn\u011b si ale uv\u011bdomili, \u017ee vedle samotn\u00e9 ochrany ohro\u017een\u00fdch druh\u016f a\u00a0ekosyst\u00e9m\u016f je stejn\u011b d\u016fle\u017eit\u00e9 sd\u00edlet sv\u00e9 zku\u0161enosti s\u00a0ve\u0159ejnost\u00ed,\u201c \u0159\u00edk\u00e1 \u0159editelka CCBC Krist\u00fdna Nov\u00e1kov\u00e1.<\/p>\r\n<p><strong>Od pr\u00e1ce v\u00a0ter\u00e9nu ke vzd\u011bl\u00e1v\u00e1n\u00ed<br \/>\r\n<\/strong>V\u00a0roce 2018 za\u010dali \u010dlenov\u00e9 koalice jezdit za \u017e\u00e1ky a\u00a0studenty s\u00a0projektem CCBC do \u0161kol. Ne\u0161lo o\u00a0obecn\u00e9 p\u0159edn\u00e1\u0161ky o\u00a0klimatu, ale o\u00a0konkr\u00e9tn\u00ed p\u0159\u00edb\u011bhy \u2013 o\u00a0tom, jak vypad\u00e1 ochrana pytl\u00e1ctv\u00edm ohro\u017een\u00fdch slon\u016f v\u00a0Kongu, co obn\u00e1\u0161\u00ed z\u00e1chrana mo\u0159sk\u00fdch \u017eelv na indon\u00e9sk\u00fdch pl\u00e1\u017e\u00edch nebo pro\u010d jsou pro krajinu kl\u00ed\u010dov\u00ed opylovatel\u00e9. \u201eUk\u00e1zalo se, \u017ee pr\u00e1v\u011b osobn\u00ed zku\u0161enost funguje nejl\u00e9pe. Kdy\u017e d\u011btem vypr\u00e1v\u00ed n\u011bkdo, kdo opravdu st\u00e1l u\u00a0zabaven\u00e9 z\u00e1silky pa\u0161ovan\u00fdch zv\u00ed\u0159at nebo kdo t\u00fddny pozoroval ohro\u017een\u00fd druh v\u00a0d\u017eungli, t\u00e9ma n\u00e1hle p\u0159est\u00e1v\u00e1 b\u00fdt abstraktn\u00ed,\u201c vysv\u011btluje Nov\u00e1kov\u00e1. Pr\u00e1v\u011b\u00a0z\u00a0t\u00e9to zku\u0161enosti postupn\u011b vykrystalizovala my\u0161lenka vytvo\u0159it st\u00e1l\u00e9 m\u00edsto, kde by se takov\u00e1 setk\u00e1n\u00ed mohla odehr\u00e1vat pravideln\u011b a\u00a0systematicky.<\/p>\r\n<p><strong><span style=\"color: #339966;\">U\u010debna, ateli\u00e9r i\u00a0d\u017eungle v\u00a0\u0161atn\u011b<\/span><br \/>\r\n<\/strong>Centrum U&nbsp;stud\u00e1nky pozn\u00e1n\u00ed nen\u00ed koncipov\u00e1no jako klasick\u00e1 u\u010debna. Hned p\u0159i vstupu je patrn\u00e9, \u017ee se tu pracuje s&nbsp;atmosf\u00e9rou. \u0160atna stylizovan\u00e1 do podoby indon\u00e9sk\u00e9 d\u017eungle p\u0159ipom\u00edn\u00e1, \u017ee ochrana p\u0159\u00edrody nen\u00ed jen lok\u00e1ln\u00ed t\u00e9ma. Nad hlavami d\u011bt\u00ed p\u0159i krou\u017ec\u00edch \u201epoletuj\u00ed\u201c malovan\u00e9 vla\u0161tovky a&nbsp;prom\u00edtac\u00ed salonek nab\u00edz\u00ed dokument\u00e1rn\u00ed materi\u00e1ly z&nbsp;ter\u00e9nu i&nbsp;z&nbsp;dom\u00e1c\u00edch projekt\u016f.<\/p>\r\n<p>Sou\u010d\u00e1st\u00ed prostoru je tak\u00e9 univerz\u00e1ln\u011b vybaven\u00fd ateli\u00e9r, kde se propojuje v\u00fdtvarn\u00e1 tvorba s&nbsp;environment\u00e1ln\u00ed tematikou, a&nbsp;m\u00edstnost ur\u010den\u00e1 pro diskuze, p\u0159edn\u00e1\u0161ky \u010di men\u0161\u00ed konference. Centrum tak umo\u017e\u0148uje pracovat s&nbsp;r\u016fzn\u00fdmi formami v\u00fduky \u2013 od praktick\u00fdch workshop\u016f p\u0159es projekce a\u017e po otev\u0159en\u00e9 debaty.<\/p>\r\n<p>V\u00fdznamnou roli hraje i&nbsp;okol\u00ed. Bl\u00edzkost Stromovky d\u00e1v\u00e1 program\u016fm dal\u0161\u00ed rozm\u011br. Lekto\u0159i mohou \u010d\u00e1st aktivit p\u0159esunout ven \u2013 k&nbsp;pozorov\u00e1n\u00ed pt\u00e1k\u016f, sledov\u00e1n\u00ed m\u011bstsk\u00e9 p\u0159\u00edrody nebo jednoduch\u00fdm ter\u00e9nn\u00edm cvi\u010den\u00edm. M\u011bsto se tak st\u00e1v\u00e1 \u017eivou laborato\u0159\u00ed.<\/p>\r\n<p><strong>Zahrada jako u\u010debna<br \/>\r\n<\/strong>P\u0159edzahr\u00e1dka centra se postupn\u011b prom\u011b\u0148uje v&nbsp;malou experiment\u00e1ln\u00ed zahradu. Nejde jen o&nbsp;estetick\u00fd dopln\u011bk, ale i&nbsp;o&nbsp;sou\u010d\u00e1st v\u00fduky. D\u011bti si zde mohou vyzkou\u0161et r\u016fzn\u00e9 zp\u016fsoby p\u011bstov\u00e1n\u00ed \u2013 hydroponii, akvaponii, aeroponii i&nbsp;tradi\u010dn\u00ed pr\u00e1ci s&nbsp;p\u016fdou. Sleduj\u00ed, jak funguje kolob\u011bh vody, jak rostliny p\u0159ij\u00edmaj\u00ed \u017eiviny a&nbsp;co znamen\u00e1 udr\u017eiteln\u00e9 hospoda\u0159en\u00ed se zdroji.<\/p>\r\n<p>Takov\u00e1 zku\u0161enost m\u00e1 jin\u00fd dopad ne\u017e pouh\u00e9 vysv\u011btlen\u00ed v\u00a0u\u010debnici. Kdy\u017e si \u00fa\u010dastn\u00edci sami vyzkou\u0161ej\u00ed, jak n\u00e1ro\u010dn\u00e9 je vyp\u011bstovat plodinu nebo jak citliv\u00fd je syst\u00e9m bez p\u016fdy na kvalitu vody, l\u00e9pe ch\u00e1pou \u0161ir\u0161\u00ed ekologick\u00e9 souvislosti.<\/p>\r\n<p><strong><span style=\"color: #339966;\">Z\u00a0vlastn\u00ed zku\u0161enosti<\/span><br \/>\r\n<\/strong>To nejd\u016fle\u017eit\u011bj\u0161\u00ed ale nejsou prostory, n\u00fdbr\u017e lid\u00e9, kte\u0159\u00ed zde p\u016fsob\u00ed. \u201eProgramy vedou odborn\u00edci s&nbsp;p\u0159\u00edmou zku\u0161enost\u00ed z&nbsp;ter\u00e9nu. O&nbsp;ochran\u011b africk\u00fdch slon\u016f mluv\u00ed Arthur F. Sniegon, zakladatel projektu Save Elephants, jen\u017e p\u016fsob\u00ed v&nbsp;Kongu. O&nbsp;z\u00e1chran\u011b mo\u0159sk\u00fdch \u017eelv vypr\u00e1v\u00ed Ad\u00e9la Hemel\u00edkov\u00e1 z&nbsp;indon\u00e9sk\u00e9ho projektu Lestari. Franti\u0161ek P\u0159\u00edbrsk\u00fd p\u0159ibli\u017euje ochranu outlo\u0148\u016f na Sumat\u0159e a&nbsp;problematiku neleg\u00e1ln\u00edho obchodu se zv\u00ed\u0159aty,\u201c \u0159\u00edk\u00e1 Krist\u00fdna Nov\u00e1kov\u00e1.<\/p>\r\n<p>Vedle \u201eexotick\u00fdch\u201c t\u00e9mat se v\u0161ak programy v\u011bnuj\u00ed i&nbsp;druh\u016fm, kter\u00e9 \u017eij\u00ed v&nbsp;\u010desk\u00e9 krajin\u011b. Hovo\u0159\u00ed se o&nbsp;opylovatel\u00edch, o&nbsp;je\u0159\u00e1bech popelav\u00fdch, o&nbsp;pt\u00e1c\u00edch p\u0159izp\u016fsoben\u00fdch m\u011bstsk\u00e9mu prost\u0159ed\u00ed. \u201eD\u016fraz klademe na souvislosti \u2013 pro\u010d je ka\u017ed\u00fd druh sou\u010d\u00e1st\u00ed \u0161ir\u0161\u00edho syst\u00e9mu a&nbsp;jak snadno se m\u016f\u017ee tato s\u00ed\u0165 naru\u0161it,\u201c prozrazuje Nov\u00e1kov\u00e1.<\/p>\r\n<p>Dopoledne jsou programy ur\u010deny p\u0159edev\u0161\u00edm \u0161kol\u00e1m, a&nbsp;to nejen z&nbsp;Prahy. Stud\u00e1nku nav\u0161t\u011bvuj\u00ed i&nbsp;t\u0159\u00eddy z&nbsp;jin\u00fdch region\u016f, kter\u00e9 do hlavn\u00edho m\u011bsta p\u0159ij\u00ed\u017ed\u011bj\u00ed na exkurzi. Odpoledne pat\u0159\u00ed d\u011btsk\u00fdm krou\u017ek\u016fm \u2013 nap\u0159\u00edklad v\u00fdtvarn\u00e9mu ateli\u00e9ru, ornitologii nebo klubu mlad\u00fdch zoolog\u016f. Ve\u010der se prostor otev\u00edr\u00e1 ve\u0159ejnosti p\u0159i besed\u00e1ch a&nbsp;tematick\u00fdch setk\u00e1n\u00edch.<\/p>\r\n<p><strong>Ochrana p\u0159\u00edrody v\u00a0glob\u00e1ln\u00edm kontextu<br \/>\r\n<\/strong>Aktivity CCBC p\u0159esahuj\u00ed hranice \u010cesk\u00e9 republiky. Organizace podporuje tak\u00e9 vzd\u011bl\u00e1vac\u00ed projekty ve t\u0159et\u00edch zem\u00edch, nap\u0159\u00edklad budov\u00e1n\u00ed knihoven \u010di iniciativy, kter\u00e9 d\u011btem usnad\u0148uj\u00ed cestu do \u0161koly. Ochrana p\u0159\u00edrody je zde vn\u00edm\u00e1na v&nbsp;\u0161ir\u0161\u00edm r\u00e1mci soci\u00e1ln\u00edch a&nbsp;ekonomick\u00fdch souvislost\u00ed.<\/p>\r\n<p>Tyto zku\u0161enosti se prom\u00edtaj\u00ed i&nbsp;do program\u016f Stud\u00e1nky. \u00da\u010dastn\u00edci se dozv\u00eddaj\u00ed, \u017ee ochrana ohro\u017een\u00e9ho druhu nen\u00ed jen biologick\u00fd probl\u00e9m, ale \u010dasto i&nbsp;ot\u00e1zka ekonomick\u00e9 zaji\u0161t\u011bnosti, p\u0159\u00edstupu ke vzd\u011bl\u00e1n\u00ed nebo fungov\u00e1n\u00ed m\u00edstn\u00ed komunity. T\u00e9ma se tak nezu\u017euje na p\u0159\u00edrodn\u00ed v\u011bdy, ale dot\u00fdk\u00e1 se i&nbsp;spole\u010densk\u00fdch ot\u00e1zek.<\/p>\r\n<p><strong><span style=\"color: #339966;\">Prostor pro ot\u00e1zky<\/span><br \/>\r\n<\/strong>Jak skloubit pot\u0159eby modern\u00ed spole\u010dnosti s&nbsp;ochranou p\u0159\u00edrody? Co m\u016f\u017ee ud\u011blat jednotlivec a&nbsp;kde je pot\u0159eba syst\u00e9mov\u00e1 zm\u011bna? Jakou roli hraje vzd\u011bl\u00e1v\u00e1n\u00ed? To jsou ot\u00e1zky, kter\u00e9 U&nbsp;stud\u00e1nky pozn\u00e1n\u00ed otev\u00edraj\u00ed. Oveneck\u00e1 38 je nejen m\u00edstem v\u00fduky, ale i&nbsp;setk\u00e1v\u00e1n\u00ed d\u011bt\u00ed, student\u016f, odborn\u00edk\u016f, rodi\u010d\u016f a&nbsp;pedagog\u016f. M\u00edstem, kde se o&nbsp;p\u0159\u00edrod\u011b nemluv\u00ed jako o&nbsp;vzd\u00e1len\u00e9m probl\u00e9mu, ale jako o&nbsp;realit\u011b, kter\u00e1 se n\u00e1s bezprost\u0159edn\u011b t\u00fdk\u00e1.<\/p>\r\n<hr \/>\r\n<p>\u2192 <a href=\"http:\/\/www.ustudankypoznani.cz\" target=\"_blank\" rel=\"noopener\">www.ustudankypoznani.cz<\/a><br \/>\r\n\u2192 <a href=\"http:\/\/www.ccbc.cz\" target=\"_blank\" rel=\"noopener\">www.ccbc.cz<\/a><\/p>","protected":false},"excerpt":{"rendered":"[perex] Jen p\u00e1r minut ch\u016fze od Kr\u00e1lovsk\u00e9 obory najdete od podzimu 2023 centrum s&nbsp;poetick\u00fdm n\u00e1zvem U&nbsp;stud\u00e1nky pozn\u00e1n\u00ed. Na prvn\u00ed pohled m\u016f\u017ee p\u016fsobit nen\u00e1padn\u011b. Nejde o&nbsp;velkou instituci ani o&nbsp;b\u011b\u017en\u00e9 ekologick\u00e9 centrum. Sp\u00ed\u0161 o&nbsp;otev\u0159en\u00fd prostor, kde se setk\u00e1vaj\u00ed lid\u00e9, kte\u0159\u00ed maj\u00ed s&nbsp;ochranou p\u0159\u00edrody osobn\u00ed zku\u0161enost, s&nbsp;t\u011bmi, kdo o&nbsp;n\u00ed cht\u011bj\u00ed v\u011bd\u011bt v\u00edc. Vede jej Krist\u00fdna Nov\u00e1kov\u00e1, ji\u017e [&hellip;]","protected":false},"author":292,"featured_media":4768,"comment_status":"closed","ping_status":"open","sticky":false,"template":"","format":"standard","meta":[],"categories":[37],"tags":[],"_links":{"self":[{"href":"https:\/\/www.praha7.cz\/api\/wp\/v2\/posts\/91399"}],"collection":[{"href":"https:\/\/www.praha7.cz\/api\/wp\/v2\/posts"}],"about":[{"href":"https:\/\/www.praha7.cz\/api\/wp\/v2\/types\/post"}],"author":[{"embeddable":true,"href":"https:\/\/www.praha7.cz\/api\/wp\/v2\/users\/292"}],"replies":[{"embeddable":true,"href":"https:\/\/www.praha7.cz\/api\/wp\/v2\/comments?post=91399"}],"version-history":[{"count":3,"href":"https:\/\/www.praha7.cz\/api\/wp\/v2\/posts\/91399\/revisions"}],"predecessor-version":[{"id":91403,"href":"https:\/\/www.praha7.cz\/api\/wp\/v2\/posts\/91399\/revisions\/91403"}],"wp:featuredmedia":[{"embeddable":true,"href":"https:\/\/www.praha7.cz\/api\/wp\/v2\/media\/4768"}],"wp:attachment":[{"href":"https:\/\/www.praha7.cz\/api\/wp\/v2\/media?parent=91399"}],"wp:term":[{"taxonomy":"category","embeddable":true,"href":"https:\/\/www.praha7.cz\/api\/wp\/v2\/categories?post=91399"},{"taxonomy":"post_tag","embeddable":true,"href":"https:\/\/www.praha7.cz\/api\/wp\/v2\/tags?post=91399"}],"curies":[{"name":"wp","href":"https:\/\/api.w.org\/{rel}","templated":true}]}}