    
{"id":90503,"date":"2026-03-17T15:46:29","date_gmt":"2026-03-17T14:46:29","guid":{"rendered":"https:\/\/www.praha7.cz\/?p=90503"},"modified":"2026-03-25T13:25:38","modified_gmt":"2026-03-25T12:25:38","slug":"gnm-3","status":"publish","type":"post","link":"https:\/\/www.praha7.cz\/gnm-3\/","title":{"rendered":"Zveme na v\u00fdstavu Barbory \u0160t\u00fdblov\u00e9 a&nbsp;Ji\u0159\u00edho Klimenty do Galerie na Milad\u011b"},"content":{"rendered":"<p>[perex]<\/p>\r\n<p>Zveme v\u00e1s na v\u00fdstavu Barbory \u0160t\u00fdblov\u00e9 &amp; Ji\u0159\u00edho Klimenty s&nbsp;n\u00e1zvem Nohy v&nbsp;p\u016fd\u011b, p\u016fda v&nbsp;noh\u00e1ch, kterou m\u016f\u017eete nav\u0161t\u00edvit v&nbsp;Galerii na Milad\u011b od 25.&nbsp;b\u0159ezna do 6.&nbsp;kv\u011btna 2026. Vernis\u00e1\u017e prob\u011bhne v&nbsp;\u00fater\u00fd 24.&nbsp;b\u0159ezna 2026 od 16.30. Vstup zdarma.<br \/>\r\n[\/perex]<\/p>\r\n<h3>Barbora \u0160t\u00fdblov\u00e1 &amp; Ji\u0159\u00ed Klimenta: Nohy v\u00a0p\u016fd\u011b, p\u016fda v\u00a0noh\u00e1ch<\/h3>\r\n<p>Autorsk\u00e1 dvojice se ve sv\u00e9 tvorb\u011b setk\u00e1v\u00e1 na pomez\u00ed voln\u00e9 figurace a&nbsp;abstrahuj\u00edc\u00ed malby. Jejich pr\u00e1ce vych\u00e1z\u00ed z&nbsp;v\u0161udyp\u0159\u00edtomn\u00e9 tenze, kter\u00e1 se sice p\u0159\u00edmo nepropisuje do v\u00fdsledn\u00e9 podoby obraz\u016f, ale st\u00e1v\u00e1 se vnit\u0159n\u00edm impulsem a&nbsp;hybnou silou samotn\u00e9ho tv\u016fr\u010d\u00edho procesu.<\/p>\r\n\r\n<figure id=\"attachment_90511\" aria-describedby=\"caption-attachment-90511\" style=\"width: 320px\" class=\"wp-caption alignnone\"><img loading=\"lazy\" src=\"https:\/\/www.praha7.cz\/wp-content\/uploads\/2026\/03\/gmilada_2-320x400.jpg\" alt=\"\" width=\"320\" height=\"400\" class=\"wp-image-90511 size-medium\" srcset=\"https:\/\/www.praha7.cz\/wp-content\/uploads\/2026\/03\/gmilada_2-320x400.jpg 320w, https:\/\/www.praha7.cz\/wp-content\/uploads\/2026\/03\/gmilada_2-800x1000.jpg 800w, https:\/\/www.praha7.cz\/wp-content\/uploads\/2026\/03\/gmilada_2-768x960.jpg 768w, https:\/\/www.praha7.cz\/wp-content\/uploads\/2026\/03\/gmilada_2-1229x1536.jpg 1229w, https:\/\/www.praha7.cz\/wp-content\/uploads\/2026\/03\/gmilada_2-1638x2048.jpg 1638w, https:\/\/www.praha7.cz\/wp-content\/uploads\/2026\/03\/gmilada_2-scaled.jpg 2048w\" sizes=\"(max-width: 320px) 100vw, 320px\" \/><figcaption id=\"caption-attachment-90511\" class=\"wp-caption-text\">Ji\u0159\u00ed Klimenta<\/figcaption><\/figure>\r\n\r\n<p>Toto nutk\u00e1n\u00ed pramen\u00ed z&nbsp;ka\u017edodenn\u00ed osobn\u00ed zku\u0161enosti zd\u00e1nliv\u011b p\u0159\u00edmo\u010dar\u00e9ho \u017eivota v&nbsp;sou\u010dasn\u00e9m sv\u011bt\u011b, v&nbsp;n\u011bm\u017e lze snadno nab\u00fdt pocitu, \u017ee ztr\u00e1c\u00edme pevnou p\u016fdu pod nohama. V\u00fdsledn\u00e1 d\u00edla proto dvojice nevn\u00edm\u00e1 jen jako obrazy, ale tak\u00e9 jako prostor sd\u00edlen\u00e9 zku\u0161enosti \u2013 n\u00e1stroj, skrz kter\u00fd jde budovat spole\u010dnou resilienci a&nbsp;mo\u017enosti pos\u00edlen\u00ed pocitu soun\u00e1le\u017eitosti.<\/p>\r\n<hr \/>\r\n<p><a href=\"https:\/\/www.praha7.cz\/temata\/art-district-7\/galerie-na-milade\/\" target=\"_blank\" rel=\"noopener\">Galerie na Milad\u011b<\/a> se nach\u00e1z\u00ed v&nbsp;ulici Milady Hor\u00e1kov\u00e9 2, otv\u00edrac\u00ed doba pond\u011bl\u00ed a&nbsp;st\u0159eda 7.30\u201312.00, 13.00\u201315.00; \u00fater\u00fd a&nbsp;\u010dtvrtek<br \/>\r\n7.30\u201312.00, 13.00\u201318.00; p\u00e1tek 7.30\u201312.00, 13.00\u201314.00. Vstup zdarma. Prostor nen\u00ed bezbari\u00e9rov\u00fd.\u00a0<\/p>\r\n<p>&nbsp;<\/p>\r\n<p>&nbsp;<\/p>\r\n<p>&nbsp;<\/p>","protected":false},"excerpt":{"rendered":"[perex] Zveme v\u00e1s na v\u00fdstavu Barbory \u0160t\u00fdblov\u00e9 &amp; Ji\u0159\u00edho Klimenty s&nbsp;n\u00e1zvem Nohy v&nbsp;p\u016fd\u011b, p\u016fda v&nbsp;noh\u00e1ch, kterou m\u016f\u017eete nav\u0161t\u00edvit v&nbsp;Galerii na Milad\u011b od 25.&nbsp;b\u0159ezna do 6.&nbsp;kv\u011btna 2026. Vernis\u00e1\u017e prob\u011bhne v&nbsp;\u00fater\u00fd 24.&nbsp;b\u0159ezna 2026 od 16.30. Vstup zdarma. [\/perex] Barbora \u0160t\u00fdblov\u00e1 &amp; Ji\u0159\u00ed Klimenta: Nohy v\u00a0p\u016fd\u011b, p\u016fda v\u00a0noh\u00e1ch Autorsk\u00e1 dvojice se ve sv\u00e9 tvorb\u011b setk\u00e1v\u00e1 na pomez\u00ed voln\u00e9 [&hellip;]","protected":false},"author":251,"featured_media":90512,"comment_status":"closed","ping_status":"open","sticky":false,"template":"","format":"standard","meta":[],"categories":[34],"tags":[106],"_links":{"self":[{"href":"https:\/\/www.praha7.cz\/api\/wp\/v2\/posts\/90503"}],"collection":[{"href":"https:\/\/www.praha7.cz\/api\/wp\/v2\/posts"}],"about":[{"href":"https:\/\/www.praha7.cz\/api\/wp\/v2\/types\/post"}],"author":[{"embeddable":true,"href":"https:\/\/www.praha7.cz\/api\/wp\/v2\/users\/251"}],"replies":[{"embeddable":true,"href":"https:\/\/www.praha7.cz\/api\/wp\/v2\/comments?post=90503"}],"version-history":[{"count":2,"href":"https:\/\/www.praha7.cz\/api\/wp\/v2\/posts\/90503\/revisions"}],"predecessor-version":[{"id":90587,"href":"https:\/\/www.praha7.cz\/api\/wp\/v2\/posts\/90503\/revisions\/90587"}],"wp:featuredmedia":[{"embeddable":true,"href":"https:\/\/www.praha7.cz\/api\/wp\/v2\/media\/90512"}],"wp:attachment":[{"href":"https:\/\/www.praha7.cz\/api\/wp\/v2\/media?parent=90503"}],"wp:term":[{"taxonomy":"category","embeddable":true,"href":"https:\/\/www.praha7.cz\/api\/wp\/v2\/categories?post=90503"},{"taxonomy":"post_tag","embeddable":true,"href":"https:\/\/www.praha7.cz\/api\/wp\/v2\/tags?post=90503"}],"curies":[{"name":"wp","href":"https:\/\/api.w.org\/{rel}","templated":true}]}}