    
{"id":90502,"date":"2026-03-17T14:24:12","date_gmt":"2026-03-17T13:24:12","guid":{"rendered":"https:\/\/www.praha7.cz\/?p=90502"},"modified":"2026-03-20T12:40:19","modified_gmt":"2026-03-20T11:40:19","slug":"vytezek-sbirka-po-pozaru-v-dobrovskeho","status":"publish","type":"post","link":"https:\/\/www.praha7.cz\/vytezek-sbirka-po-pozaru-v-dobrovskeho\/","title":{"rendered":"V\u00fdt\u011b\u017eek sb\u00edrky po po\u017e\u00e1ru v&nbsp;Dobrovsk\u00e9ho"},"content":{"rendered":"<p>[perex]<\/p>\r\n<p>D\u00edky velk\u00e9 vln\u011b solidarity se ve sb\u00edrce na pomoc lidem z&nbsp;ulice Dobrovsk\u00e9ho, kter\u00fdm minul\u00fd t\u00fdden poni\u010dil domovy po\u017e\u00e1r plynu, poda\u0159ilo za p\u00e1r dn\u00ed vybrat p\u0159es <strong>150&nbsp;000 korun<\/strong>. Z&nbsp;toho 88&nbsp;000 ji\u017e putovalo na zaji\u0161t\u011bn\u00ed jejich sou\u010dasn\u00fdch pot\u0159eb. Moc d\u011bkujeme za v\u0161echny p\u0159\u00edsp\u011bvky a&nbsp;dal\u0161\u00ed nab\u00edzenou pomoc!<\/p>\r\n<p>Bleskovou sb\u00edrku t\u00edmto ukon\u010dujeme, na <a href=\"https:\/\/www.praha7.cz\/temata\/pomahame\/verejne-sbirky\/sosp7\/\">transparentn\u00ed \u00fa\u010det SOS P7<\/a> lze v\u0161ak p\u0159isp\u00edvat i&nbsp;nad\u00e1le. P\u0159es n\u00e1\u0161 Humanitn\u00ed fond poskytujeme pomoc v\u0161em pot\u0159ebn\u00fdm lidem z\u00a0Prahy&nbsp;7.<\/p>\r\n<p>[\/perex]<\/p>\r\n<p>Dom\u00e1cnostem, kter\u00fdm zaji\u0161\u0165ujeme n\u00e1hradn\u00ed bydlen\u00ed, p\u0159ed\u00e1v\u00e1me rovn\u011b\u017e drog\u00e9rii, hygienick\u00e9 pot\u0159eby a&nbsp;dal\u0161\u00ed vybaven\u00ed, kter\u00e9 n\u00e1m darovala Alza. Moc d\u011bkujeme tak\u00e9 jim za solidaritu a&nbsp;\u0161t\u011bdrost.<\/p>\r\n<p><img loading=\"lazy\" src=\"https:\/\/www.praha7.cz\/wp-content\/uploads\/2026\/03\/vybaveni-alza-2-1334x1000.jpg\" alt=\"\" width=\"519\" height=\"389\" class=\"alignnone  wp-image-90504\" srcset=\"https:\/\/www.praha7.cz\/wp-content\/uploads\/2026\/03\/vybaveni-alza-2-1334x1000.jpg 1334w, https:\/\/www.praha7.cz\/wp-content\/uploads\/2026\/03\/vybaveni-alza-2-534x400.jpg 534w, https:\/\/www.praha7.cz\/wp-content\/uploads\/2026\/03\/vybaveni-alza-2-768x576.jpg 768w, https:\/\/www.praha7.cz\/wp-content\/uploads\/2026\/03\/vybaveni-alza-2.jpg 1534w\" sizes=\"(max-width: 519px) 100vw, 519px\" \/><\/p>\r\n<p>Pokud by n\u011bkdo ze zasa\u017een\u00fdch obyvatel v\u00a0ulici Dobrovsk\u00e9ho pot\u0159eboval pomoc a&nbsp;nebyl s\u00a0n\u00e1mi je\u0161t\u011b v\u00a0kontaktu, m\u016f\u017ee se obr\u00e1tit na pana starostu Jana \u010ci\u017einsk\u00e9ho: 774828345, <a href=\"mailto:CizinskyJ@praha7.cz\">CizinskyJ@praha7.cz<\/a>, nebo pana radn\u00edho pro soci\u00e1ln\u00ed oblast Jakoba Hurrleho: 770125246, <a href=\"mailto:HurrleJ@praha7.cz\">HurrleJ@praha7.cz<\/a>.<\/p>","protected":false},"excerpt":{"rendered":"[perex] D\u00edky velk\u00e9 vln\u011b solidarity se ve sb\u00edrce na pomoc lidem z&nbsp;ulice Dobrovsk\u00e9ho, kter\u00fdm minul\u00fd t\u00fdden poni\u010dil domovy po\u017e\u00e1r plynu, poda\u0159ilo za p\u00e1r dn\u00ed vybrat p\u0159es 150&nbsp;000 korun. Z&nbsp;toho 88&nbsp;000 ji\u017e putovalo na zaji\u0161t\u011bn\u00ed jejich sou\u010dasn\u00fdch pot\u0159eb. Moc d\u011bkujeme za v\u0161echny p\u0159\u00edsp\u011bvky a&nbsp;dal\u0161\u00ed nab\u00edzenou pomoc! Bleskovou sb\u00edrku t\u00edmto ukon\u010dujeme, na transparentn\u00ed \u00fa\u010det SOS P7 lze [&hellip;]","protected":false},"author":5,"featured_media":90423,"comment_status":"closed","ping_status":"open","sticky":false,"template":"","format":"standard","meta":[],"categories":[34],"tags":[],"_links":{"self":[{"href":"https:\/\/www.praha7.cz\/api\/wp\/v2\/posts\/90502"}],"collection":[{"href":"https:\/\/www.praha7.cz\/api\/wp\/v2\/posts"}],"about":[{"href":"https:\/\/www.praha7.cz\/api\/wp\/v2\/types\/post"}],"author":[{"embeddable":true,"href":"https:\/\/www.praha7.cz\/api\/wp\/v2\/users\/5"}],"replies":[{"embeddable":true,"href":"https:\/\/www.praha7.cz\/api\/wp\/v2\/comments?post=90502"}],"version-history":[{"count":2,"href":"https:\/\/www.praha7.cz\/api\/wp\/v2\/posts\/90502\/revisions"}],"predecessor-version":[{"id":90506,"href":"https:\/\/www.praha7.cz\/api\/wp\/v2\/posts\/90502\/revisions\/90506"}],"wp:featuredmedia":[{"embeddable":true,"href":"https:\/\/www.praha7.cz\/api\/wp\/v2\/media\/90423"}],"wp:attachment":[{"href":"https:\/\/www.praha7.cz\/api\/wp\/v2\/media?parent=90502"}],"wp:term":[{"taxonomy":"category","embeddable":true,"href":"https:\/\/www.praha7.cz\/api\/wp\/v2\/categories?post=90502"},{"taxonomy":"post_tag","embeddable":true,"href":"https:\/\/www.praha7.cz\/api\/wp\/v2\/tags?post=90502"}],"curies":[{"name":"wp","href":"https:\/\/api.w.org\/{rel}","templated":true}]}}