    
{"id":90485,"date":"2026-03-17T11:29:07","date_gmt":"2026-03-17T10:29:07","guid":{"rendered":"https:\/\/www.praha7.cz\/?p=90485"},"modified":"2026-03-22T09:31:35","modified_gmt":"2026-03-22T08:31:35","slug":"demonstrace-26","status":"publish","type":"post","link":"https:\/\/www.praha7.cz\/demonstrace-26\/","title":{"rendered":"Praktick\u00e9 informace pro obyvatele Prahy&nbsp;7 k&nbsp;demonstraci na Letn\u00e9 21.&nbsp;b\u0159ezna"},"content":{"rendered":"<p>[perex]<\/p>\r\n<p>V sobotu 21.&nbsp;b\u0159ezna 2026 od 15 do cca 17 hodin je na Letensk\u00e9 pl\u00e1ni napl\u00e1nov\u00e1na velk\u00e1 demonstrace s&nbsp;p\u0159edpokl\u00e1danou \u00fa\u010dast\u00ed a\u017e n\u011bkolika set tis\u00edc lid\u00ed. Dopravn\u00ed podnik bude posilovat MHD, nicm\u00e9n\u011b s&nbsp;ohledem na vysok\u00e9 po\u010dty \u00fa\u010dastn\u00edk\u016f m\u016f\u017ee zejm\u00e9na p\u0159i p\u0159\u00edjezdu demonstrant\u016f a&nbsp;po ukon\u010den\u00ed demonstrace doj\u00edt k&nbsp;velk\u00e9mu zat\u00ed\u017een\u00ed kapacit ve\u0159ejn\u00e9 dopravy v&nbsp;oblasti v\u010detn\u011b stanic metra Hrad\u010dansk\u00e1, Vltavsk\u00e1 a&nbsp;N\u00e1dra\u017e\u00ed Hole\u0161ovice. Po\u010d\u00edtat je t\u0159eba i&nbsp;s&nbsp;komplikacemi v&nbsp;automobilov\u00e9 doprav\u011b, v\u010detn\u011b p\u0159\u00edpadn\u00fdch do\u010dasn\u00fdch uzav\u00edrek komunikac\u00ed.<\/p>\r\n<p>Na z\u00e1klad\u011b informac\u00ed od MHMP, DPP, IZS a&nbsp;organiz\u00e1tora Milion chvilek budeme tuto str\u00e1nku aktualizovat a&nbsp;dopl\u0148ovat o&nbsp;informace relevantn\u00ed pro obyvatele Prahy&nbsp;7.<\/p>\r\n<p>&nbsp;<\/p>\r\n<p><strong>Aktuality 21.&nbsp;3.&nbsp;2026<\/strong><\/p>\r\n<p>17:35 &#8211; Shrom\u00e1\u017ed\u011bn\u00ed bylo ukon\u010deno, \u00fa\u010dastn\u00edci se rozch\u00e1zej\u00ed.<\/p>\r\n<p>15.50 &#8211; Doprava bez v\u00fdrazn\u011bj\u0161\u00edch omezen\u00ed. Dal\u0161\u00ed n\u00e1por lze o\u010dek\u00e1vat po skon\u010den\u00ed akce kolem 17 hodin.\u00a0<\/p>\r\n<p>14.49 \/ ukon\u010deno &#8211; Omezen\u00ed vstupu do stanice metra Hrad\u010dansk\u00e1. Z&nbsp;d\u016fvodu zahlcen\u00ed stanice metra n\u011bkter\u00e9 vlaky stanice Hrad\u010dansk\u00e1 proj\u00ed\u017ed\u011bj\u00ed a&nbsp;odbavuj\u00ed cestuj\u00edc\u00ed a\u017e v&nbsp;n\u00e1sleduj\u00edc\u00edch stanic\u00edch. V\u00edce <a href=\"https:\/\/www.dpp.cz\/omezeni-a-mimoradne-udalosti\/detail\/31391\" target=\"_blank\" rel=\"noopener\">str\u00e1nky DPP<\/a>.<\/p>\r\n<p>14.&nbsp;30 \/ ukon\u010deno &#8211; Zpo\u017ed\u011bn\u00ed tramvajov\u00fdch spoj\u016f v&nbsp;oblasti Letn\u00e9 a\u017e 15 minut. V\u00edce <a href=\"https:\/\/www.dpp.cz\/omezeni-a-mimoradne-udalosti\/detail\/31392\" target=\"_blank\" rel=\"noopener\">str\u00e1nky DPP<\/a>.<\/p>\r\n<p>[\/perex]<\/p>\r\n<p>Ob\u010dany informujeme tak\u00e9 prost\u0159ednictv\u00edm slu\u017eby\u00a0<strong>Munipolis<\/strong>\u00a0\u2013 nej\u010dast\u011bji vyu\u017e\u00edv\u00e1me form\u00e1t e-mail\u016f a&nbsp;zpr\u00e1v do mobiln\u00ed aplikace.\u00a0<strong>Pros\u00edme,\u00a0<a href=\"https:\/\/praha7.munipolis.cz\/registrace\" target=\"_blank\" rel=\"noopener\">registrujte se<\/a>\u00a0a st\u00e1hn\u011bte si aplikaci<\/strong>, v\u0161e je zdarma. D\u011bkujeme.<\/p>\r\n<h3>Ve\u0159ejn\u00e1 doprava<\/h3>\r\n<p>Dopravn\u00ed podnik v&nbsp;sobotu zavede v&nbsp;\u010dase p\u0159ibli\u017en\u011b od 13.00 do 19.00 mimo\u0159\u00e1dnou <strong>tramvajovou linku 36<\/strong> s&nbsp;intervalem 5 minut. Spoj\u00ed Letenskou pl\u00e1\u0148 se v\u0161emi linkami metra.<\/p>\r\n<p>Trasa linky 36: \u010cerven\u00fd Vrch \u2013 S\u00eddli\u0161t\u011b \u010cerven\u00fd Vrch \u2013 Bo\u0159islavka \u2013 Na P\u00edsk\u00e1ch \u2013 Hadovka \u2013 Th\u00e1kurova \u2013 Dejvick\u00e1 \u2013 V\u00edt\u011bzn\u00e9 n\u00e1m\u011bst\u00ed \u2013 Hrad\u010dansk\u00e1 \u2013 Sparta \u2013 Korunova\u010dn\u00ed \u2013 Letensk\u00e9 n\u00e1m\u011bst\u00ed \u2013 Kamenick\u00e1 \u2013 Strossmayerovo n\u00e1m\u011bst\u00ed \u2013 Vltavsk\u00e1 (na p\u0159edmost\u00ed Hl\u00e1vkova mostu) \u2013 \u0160tvanice \u2013 T\u011b\u0161nov \u2013 Florenc \u2013 Karl\u00ednsk\u00e9 n\u00e1m\u011bst\u00ed \u2013 K\u0159i\u017e\u00edkova \u2013 Urxova \u2013 Invalidovna \u2013 Palmovka v&nbsp;ulici Zenklova \u2013 Palmovka (v\u00fdstup v&nbsp;ulici Sokolovsk\u00e1, n\u00e1stup v&nbsp;ulici Na \u017dertv\u00e1ch).<\/p>\r\n<ul>\r\n\t<li><a href=\"https:\/\/www.praha7.cz\/wp-content\/uploads\/2026\/03\/36_linka.pdf\" target=\"_blank\" rel=\"noopener\">j\u00edzdn\u00ed \u0159\u00e1d<\/a><\/li>\r\n<\/ul>\r\n<p>V \u010dase p\u0159ibli\u017en\u011b od\u00a012.30 hodin\u00a0do\u00a020.00 hodin\u00a0je <strong>pos\u00edlen provoz metra na v\u0161ech link\u00e1ch<\/strong>.<\/p>\r\n<p>V\u00edce na <a href=\"https:\/\/www.dpp.cz\/omezeni-a-mimoradne-udalosti\/detail\/31374\" target=\"_blank\" rel=\"noopener\">str\u00e1nk\u00e1ch DPP<\/a>.<\/p>\r\n<p>&nbsp;<\/p>\r\n<h3>P\u0159\u00edprava a&nbsp;\u00faklid<\/h3>\r\n<p>P\u0159\u00edpravn\u00e9 pr\u00e1ce v&nbsp;prostoru Letensk\u00e9 pl\u00e1n\u011b budou prob\u00edhat ji\u017e od p\u00e1tku 20.&nbsp;b\u0159ezna, \u00faklidov\u00e9 pr\u00e1ce jsou organiz\u00e1tory pl\u00e1nov\u00e1ny do ned\u011bln\u00edho r\u00e1na.\u00a0<\/p>\r\n<hr \/>\r\n<ul>\r\n\t<li><strong>ve\u0161ker\u00e9 informace od organiz\u00e1tora najdete <a href=\"https:\/\/letna.milionchvilek.cz\/letna\" target=\"_blank\" rel=\"noopener\">zde<\/a><\/strong><\/li>\r\n\t<li><a href=\"https:\/\/www.facebook.com\/events\/4298044540434578?active_tab=about\" target=\"_blank\" rel=\"noopener\">facebookov\u00e1 ud\u00e1lost<\/a><\/li>\r\n<\/ul>\r\n<p><a href=\"https:\/\/www.praha7.cz\/wp-content\/uploads\/2026\/03\/demo-prichod-odchod.png\"><img loading=\"lazy\" src=\"https:\/\/www.praha7.cz\/wp-content\/uploads\/2026\/03\/demo-prichod-odchod-566x400.png\" alt=\"\" width=\"566\" height=\"400\" class=\"alignnone size-medium wp-image-90496\" srcset=\"https:\/\/www.praha7.cz\/wp-content\/uploads\/2026\/03\/demo-prichod-odchod-566x400.png 566w, https:\/\/www.praha7.cz\/wp-content\/uploads\/2026\/03\/demo-prichod-odchod-768x543.png 768w, https:\/\/www.praha7.cz\/wp-content\/uploads\/2026\/03\/demo-prichod-odchod.png 1280w\" sizes=\"(max-width: 566px) 100vw, 566px\" \/><\/a><\/p>\r\n<p>&nbsp;<\/p>","protected":false},"excerpt":{"rendered":"[perex] V&nbsp;sobotu 21.&nbsp;b\u0159ezna 2026 od 15 do cca 17 hodin je na Letensk\u00e9 pl\u00e1ni napl\u00e1nov\u00e1na velk\u00e1 demonstrace s&nbsp;p\u0159edpokl\u00e1danou \u00fa\u010dast\u00ed a\u017e n\u011bkolika set tis\u00edc lid\u00ed. Dopravn\u00ed podnik bude posilovat MHD, nicm\u00e9n\u011b s&nbsp;ohledem na vysok\u00e9 po\u010dty \u00fa\u010dastn\u00edk\u016f m\u016f\u017ee zejm\u00e9na p\u0159i p\u0159\u00edjezdu demonstrant\u016f a&nbsp;po ukon\u010den\u00ed demonstrace doj\u00edt k&nbsp;velk\u00e9mu zat\u00ed\u017een\u00ed kapacit ve\u0159ejn\u00e9 dopravy v&nbsp;oblasti v\u010detn\u011b stanic metra Hrad\u010dansk\u00e1, [&hellip;]","protected":false},"author":251,"featured_media":90490,"comment_status":"closed","ping_status":"open","sticky":false,"template":"","format":"standard","meta":[],"categories":[34],"tags":[57],"_links":{"self":[{"href":"https:\/\/www.praha7.cz\/api\/wp\/v2\/posts\/90485"}],"collection":[{"href":"https:\/\/www.praha7.cz\/api\/wp\/v2\/posts"}],"about":[{"href":"https:\/\/www.praha7.cz\/api\/wp\/v2\/types\/post"}],"author":[{"embeddable":true,"href":"https:\/\/www.praha7.cz\/api\/wp\/v2\/users\/251"}],"replies":[{"embeddable":true,"href":"https:\/\/www.praha7.cz\/api\/wp\/v2\/comments?post=90485"}],"version-history":[{"count":22,"href":"https:\/\/www.praha7.cz\/api\/wp\/v2\/posts\/90485\/revisions"}],"predecessor-version":[{"id":90635,"href":"https:\/\/www.praha7.cz\/api\/wp\/v2\/posts\/90485\/revisions\/90635"}],"wp:featuredmedia":[{"embeddable":true,"href":"https:\/\/www.praha7.cz\/api\/wp\/v2\/media\/90490"}],"wp:attachment":[{"href":"https:\/\/www.praha7.cz\/api\/wp\/v2\/media?parent=90485"}],"wp:term":[{"taxonomy":"category","embeddable":true,"href":"https:\/\/www.praha7.cz\/api\/wp\/v2\/categories?post=90485"},{"taxonomy":"post_tag","embeddable":true,"href":"https:\/\/www.praha7.cz\/api\/wp\/v2\/tags?post=90485"}],"curies":[{"name":"wp","href":"https:\/\/api.w.org\/{rel}","templated":true}]}}