    
{"id":90422,"date":"2026-03-14T12:15:48","date_gmt":"2026-03-14T11:15:48","guid":{"rendered":"https:\/\/www.praha7.cz\/?p=90422"},"modified":"2026-03-17T14:26:18","modified_gmt":"2026-03-17T13:26:18","slug":"sbirka-pro-zasazene-pozarem","status":"publish","type":"post","link":"https:\/\/www.praha7.cz\/sbirka-pro-zasazene-pozarem\/","title":{"rendered":"Sb\u00edrka pro zasa\u017een\u00e9 po\u017e\u00e1rem"},"content":{"rendered":"<p>[perex]<\/p>\r\n<p><strong>Sb\u00edrka je ji\u017e ukon\u010dena. V\u00edce se do\u010dtete <a href=\"https:\/\/www.praha7.cz\/vytezek-sbirka-po-pozaru-v-dobrovskeho\/\">zde<\/a>. D\u011bkujeme v\u0161em d\u00e1rc\u016fm!\u00a0<\/strong><\/p>\r\n<p>Obyvatel\u016fm\u00a0dom\u016f z&nbsp;Dobrovsk\u00e9ho ulice, kter\u00e9 v\u00a0uplynul\u00e9m t\u00fddnu zas\u00e1hl po\u017e\u00e1r plynu a&nbsp;jejich byty jsou st\u00e1le neobyvateln\u00e9, pom\u00e1h\u00e1me se zaji\u0161t\u011bn\u00edm n\u00e1hradn\u00edho bydlen\u00ed, vybaven\u00ed dom\u00e1cnosti a&nbsp;dal\u0161\u00edch sou\u010dasn\u00fdch pot\u0159eb. Okam\u017eit\u00e1 pomoc umo\u017e\u0148uje p\u0159eklenout nejt\u011b\u017e\u0161\u00ed obdob\u00ed, ne\u017e se zapoj\u00ed dal\u0161\u00ed formy podpory, pln\u011bn\u00ed od poji\u0161\u0165oven apod.<\/p>\r\n<p>Pokud byste se cht\u011bli tak\u00e9 zapojit, m\u016f\u017eete tak u\u010dinit prost\u0159ednictv\u00edm na\u0161eho<strong>\u00a0transparentn\u00edho \u00fa\u010dtu\u00a0<a href=\"https:\/\/www.praha7.cz\/sosp7\/\">SOS P7<\/a>.<\/strong><\/p>\r\n<p>D\u011bkujeme v\u0161em za pomoc a&nbsp;st\u00e1le p\u0159ich\u00e1zej\u00edc\u00ed projevy solidarity!<\/p>\r\n<p>[\/perex]<\/p>\r\n<p>&nbsp;<\/p>","protected":false},"excerpt":{"rendered":"[perex] Sb\u00edrka je ji\u017e ukon\u010dena. V\u00edce se do\u010dtete zde. D\u011bkujeme v\u0161em d\u00e1rc\u016fm!\u00a0 Obyvatel\u016fm\u00a0dom\u016f z&nbsp;Dobrovsk\u00e9ho ulice, kter\u00e9 v\u00a0uplynul\u00e9m t\u00fddnu zas\u00e1hl po\u017e\u00e1r plynu a&nbsp;jejich byty jsou st\u00e1le neobyvateln\u00e9, pom\u00e1h\u00e1me se zaji\u0161t\u011bn\u00edm n\u00e1hradn\u00edho bydlen\u00ed, vybaven\u00ed dom\u00e1cnosti a&nbsp;dal\u0161\u00edch sou\u010dasn\u00fdch pot\u0159eb. Okam\u017eit\u00e1 pomoc umo\u017e\u0148uje p\u0159eklenout nejt\u011b\u017e\u0161\u00ed obdob\u00ed, ne\u017e se zapoj\u00ed dal\u0161\u00ed formy podpory, pln\u011bn\u00ed od poji\u0161\u0165oven apod. Pokud byste se [&hellip;]","protected":false},"author":5,"featured_media":90423,"comment_status":"closed","ping_status":"open","sticky":false,"template":"","format":"standard","meta":[],"categories":[34],"tags":[117],"_links":{"self":[{"href":"https:\/\/www.praha7.cz\/api\/wp\/v2\/posts\/90422"}],"collection":[{"href":"https:\/\/www.praha7.cz\/api\/wp\/v2\/posts"}],"about":[{"href":"https:\/\/www.praha7.cz\/api\/wp\/v2\/types\/post"}],"author":[{"embeddable":true,"href":"https:\/\/www.praha7.cz\/api\/wp\/v2\/users\/5"}],"replies":[{"embeddable":true,"href":"https:\/\/www.praha7.cz\/api\/wp\/v2\/comments?post=90422"}],"version-history":[{"count":4,"href":"https:\/\/www.praha7.cz\/api\/wp\/v2\/posts\/90422\/revisions"}],"predecessor-version":[{"id":90508,"href":"https:\/\/www.praha7.cz\/api\/wp\/v2\/posts\/90422\/revisions\/90508"}],"wp:featuredmedia":[{"embeddable":true,"href":"https:\/\/www.praha7.cz\/api\/wp\/v2\/media\/90423"}],"wp:attachment":[{"href":"https:\/\/www.praha7.cz\/api\/wp\/v2\/media?parent=90422"}],"wp:term":[{"taxonomy":"category","embeddable":true,"href":"https:\/\/www.praha7.cz\/api\/wp\/v2\/categories?post=90422"},{"taxonomy":"post_tag","embeddable":true,"href":"https:\/\/www.praha7.cz\/api\/wp\/v2\/tags?post=90422"}],"curies":[{"name":"wp","href":"https:\/\/api.w.org\/{rel}","templated":true}]}}