    
{"id":90400,"date":"2026-03-13T11:31:47","date_gmt":"2026-03-13T10:31:47","guid":{"rendered":"https:\/\/www.praha7.cz\/?p=90400"},"modified":"2026-03-20T12:42:08","modified_gmt":"2026-03-20T11:42:08","slug":"opravy-plyn-letna","status":"publish","type":"post","link":"https:\/\/www.praha7.cz\/opravy-plyn-letna\/","title":{"rendered":"Nutn\u00e9 opravy plyn\u00e1rensk\u00fdch za\u0159\u00edzen\u00ed po po\u017e\u00e1ru v&nbsp;Dobrovsk\u00e9ho"},"content":{"rendered":"<p>[perex]<\/p>\r\n<p>Upozor\u0148ujeme, \u017ee <a href=\"https:\/\/www.ppdistribuce.cz\/aktuality\/naruseni-plynovodu-v-ul-dobrovskeho-praha-7\" target=\"_blank\" rel=\"noopener\">Pra\u017esk\u00e1 plyn\u00e1rensk\u00e1 Distribuce<\/a> od dne\u0161n\u00edho dne prov\u00e1d\u00ed na Letn\u00e9 nutn\u00e9 opravy plyn\u00e1rensk\u00fdch za\u0159\u00edzen\u00ed souvisej\u00edc\u00ed s\u00a0ned\u00e1vn\u00fdm po\u017e\u00e1rem plynu v\u00a0ulici Dobrovsk\u00e9ho.<\/p>\r\n<p>Opravy nebudou m\u00edt dopad na z\u00e1sobov\u00e1n\u00ed obyvatel plynem a&nbsp;budou \u0159e\u0161eny bez odst\u00e1vky. Realizov\u00e1ny budou lok\u00e1ln\u011b na chodn\u00edc\u00edch i&nbsp;ve vozovk\u00e1ch, <strong>v dot\u010den\u00fdch \u00fasec\u00edch je v\u0161ak nezbytn\u00e9 co nejd\u0159\u00edv\u011bj\u0161\u00ed vyparkov\u00e1n\u00ed automobil\u016f<\/strong>.<\/p>\r\n<p>[\/perex]<\/p>\r\n<p>Jedn\u00e1 se o&nbsp;n\u00ed\u017ee uveden\u00e9 \u00faseky:<\/p>\r\n<p><strong>Kosteln\u00ed \u00d7 Franti\u0161ka K\u0159\u00ed\u017eka<\/strong> \u2013 pr\u00e1ce za\u010d\u00ednaj\u00ed v&nbsp;pr\u016fb\u011bhu p\u00e1tku 13.&nbsp;3.&nbsp;a&nbsp;soboty 14.&nbsp;3., p\u0159edpoklad trv\u00e1n\u00ed do 18.&nbsp;3.&nbsp;2026.<\/p>\r\n<p><strong>Kosteln\u00ed \u00d7 U&nbsp;Letensk\u00e9ho sadu<\/strong> \u2013 pr\u00e1ce za\u010d\u00ednaj\u00ed v\u00a0sobotu 14.&nbsp;3., p\u0159edpoklad trv\u00e1n\u00ed do 20.&nbsp;3.&nbsp;2026.<\/p>\r\n<p><strong>Letohradsk\u00e1 \u00d7 Oveneck\u00e1<\/strong> \u2013 pr\u00e1ce za\u010d\u00ednaj\u00ed v&nbsp;pr\u016fb\u011bhu p\u00e1tku 13.&nbsp;3., p\u0159edpoklad trv\u00e1n\u00ed do 20.&nbsp;3.&nbsp;2026.<\/p>\r\n<p><strong>Letohradsk\u00e1 \u00d7 Nad \u0160tolou<\/strong> \u2013 pr\u00e1ce za\u010d\u00ednaj\u00ed v&nbsp;pr\u016fb\u011bhu p\u00e1tku 13.&nbsp;3., p\u0159edpoklad trv\u00e1n\u00ed do 20.&nbsp;3.&nbsp;2026.<\/p>\r\n<p>V p\u0159\u00edpad\u011b, \u017ee do\u0161lo k&nbsp;odtahu, informujte se na m\u00edst\u011b u&nbsp;pracovn\u00edk\u016f PPD, p\u0159\u00edpadn\u011b na telefonn\u00edm \u010d\u00edsle, kter\u00e9 by m\u011blo b\u00fdt uvedeno na stavebn\u00ed ohrad\u011b, nebo na lince M\u011bstsk\u00e9 policie 156. V&nbsp;p\u0159\u00edpadn\u011b nutnosti odtahu kv\u016fli rychl\u00e9mu proveden\u00ed prac\u00ed by se auta m\u011bla p\u0159esouvat na nejbli\u017e\u0161\u00ed <a href=\"https:\/\/www.sshmp.cz\/odtahova-parkoviste\/praha-7-op-jankovcova\" target=\"_blank\" rel=\"noopener\">odtahov\u00e9 parkovi\u0161t\u011b v&nbsp;ulici Jankovcova<\/a>. Vyzvednut\u00ed vozidla je v&nbsp;tomto p\u0159\u00edpad\u011b zdarma.<\/p>\r\n<p>D\u011bkujeme za pochopen\u00ed v&nbsp;t\u00e9to mimo\u0159\u00e1dn\u00e9 situaci.<\/p>","protected":false},"excerpt":{"rendered":"[perex] Upozor\u0148ujeme, \u017ee Pra\u017esk\u00e1 plyn\u00e1rensk\u00e1 Distribuce od dne\u0161n\u00edho dne prov\u00e1d\u00ed na Letn\u00e9 nutn\u00e9 opravy plyn\u00e1rensk\u00fdch za\u0159\u00edzen\u00ed souvisej\u00edc\u00ed s\u00a0ned\u00e1vn\u00fdm po\u017e\u00e1rem plynu v\u00a0ulici Dobrovsk\u00e9ho. Opravy nebudou m\u00edt dopad na z\u00e1sobov\u00e1n\u00ed obyvatel plynem a&nbsp;budou \u0159e\u0161eny bez odst\u00e1vky. Realizov\u00e1ny budou lok\u00e1ln\u011b na chodn\u00edc\u00edch i&nbsp;ve vozovk\u00e1ch, v&nbsp;dot\u010den\u00fdch \u00fasec\u00edch je v\u0161ak nezbytn\u00e9 co nejd\u0159\u00edv\u011bj\u0161\u00ed vyparkov\u00e1n\u00ed automobil\u016f. [\/perex] Jedn\u00e1 se o&nbsp;n\u00ed\u017ee [&hellip;]","protected":false},"author":5,"featured_media":90407,"comment_status":"closed","ping_status":"open","sticky":false,"template":"","format":"standard","meta":[],"categories":[34],"tags":[57,125],"_links":{"self":[{"href":"https:\/\/www.praha7.cz\/api\/wp\/v2\/posts\/90400"}],"collection":[{"href":"https:\/\/www.praha7.cz\/api\/wp\/v2\/posts"}],"about":[{"href":"https:\/\/www.praha7.cz\/api\/wp\/v2\/types\/post"}],"author":[{"embeddable":true,"href":"https:\/\/www.praha7.cz\/api\/wp\/v2\/users\/5"}],"replies":[{"embeddable":true,"href":"https:\/\/www.praha7.cz\/api\/wp\/v2\/comments?post=90400"}],"version-history":[{"count":7,"href":"https:\/\/www.praha7.cz\/api\/wp\/v2\/posts\/90400\/revisions"}],"predecessor-version":[{"id":90418,"href":"https:\/\/www.praha7.cz\/api\/wp\/v2\/posts\/90400\/revisions\/90418"}],"wp:featuredmedia":[{"embeddable":true,"href":"https:\/\/www.praha7.cz\/api\/wp\/v2\/media\/90407"}],"wp:attachment":[{"href":"https:\/\/www.praha7.cz\/api\/wp\/v2\/media?parent=90400"}],"wp:term":[{"taxonomy":"category","embeddable":true,"href":"https:\/\/www.praha7.cz\/api\/wp\/v2\/categories?post=90400"},{"taxonomy":"post_tag","embeddable":true,"href":"https:\/\/www.praha7.cz\/api\/wp\/v2\/tags?post=90400"}],"curies":[{"name":"wp","href":"https:\/\/api.w.org\/{rel}","templated":true}]}}