    
{"id":90381,"date":"2026-03-12T16:47:06","date_gmt":"2026-03-12T15:47:06","guid":{"rendered":"https:\/\/www.praha7.cz\/?p=90381"},"modified":"2026-03-15T10:02:22","modified_gmt":"2026-03-15T09:02:22","slug":"kratkodobe-preruseni-provozu-tramvaji-strossmayerovo-namesti-hradcanska-v-noci-13-brezna","status":"publish","type":"post","link":"https:\/\/www.praha7.cz\/kratkodobe-preruseni-provozu-tramvaji-strossmayerovo-namesti-hradcanska-v-noci-13-brezna\/","title":{"rendered":"Kr\u00e1tkodob\u00e9 p\u0159eru\u0161en\u00ed provozu tramvaj\u00ed Strossmayerovo n\u00e1m\u011bst\u00ed \u2013 Hrad\u010dansk\u00e1 v&nbsp;noci 13.&nbsp;b\u0159ezna"},"content":{"rendered":"<p>[perex]<\/p>\r\n<p>Z d\u016fvodu \u00fadr\u017eby tramvajov\u00e9 trati doch\u00e1z\u00ed v&nbsp;p\u00e1tek 13.&nbsp;b\u0159ezna 2026 od 1.00 hodin do 4.00 hodin ke kr\u00e1tkodob\u00e9mu p\u0159eru\u0161en\u00ed provozu tramvaj\u00ed v&nbsp;\u00faseku Strossmayerovo n\u00e1m\u011bst\u00ed \u2013 Hrad\u010dansk\u00e1. Dot\u010den\u00e9 linky 91, 96. Zavedena bude autobusov\u00e1 linka X91.<\/p>\r\n<p>[\/perex]<\/p>\r\n<h4>Zm\u011bny tras tramvajov\u00fdch linek<\/h4>\r\n<p>Linky \u010d\u00edslo\u00a091\u00a0a\u00a096\u00a0&#8230; Dlouh\u00e1 t\u0159\u00edda \u2013\u00a0\u010cech\u016fv most \u2013 Chotkovy sady\u00a0\u2013 Hrad\u010dansk\u00e1 &#8230;<\/p>\r\n<h4>N\u00e1hradn\u00ed doprava<\/h4>\r\n<p>Zavedena je n\u00e1hradn\u00ed autobusov\u00e1 doprava X91 v&nbsp;trase N\u00e1m\u011bst\u00ed Republiky \u2013 Dlouh\u00e1 t\u0159\u00edda \u2013 Strossmayerovo n\u00e1m\u011bst\u00ed \u2013 Hrad\u010dansk\u00e1.\u00a0<\/p>\r\n<p>&nbsp;<\/p>","protected":false},"excerpt":{"rendered":"[perex] Z&nbsp;d\u016fvodu \u00fadr\u017eby tramvajov\u00e9 trati doch\u00e1z\u00ed v&nbsp;p\u00e1tek 13.&nbsp;b\u0159ezna 2026 od 1.00 hodin do 4.00 hodin ke kr\u00e1tkodob\u00e9mu p\u0159eru\u0161en\u00ed provozu tramvaj\u00ed v&nbsp;\u00faseku Strossmayerovo n\u00e1m\u011bst\u00ed \u2013 Hrad\u010dansk\u00e1. Dot\u010den\u00e9 linky 91, 96. Zavedena bude autobusov\u00e1 linka X91. [\/perex] Zm\u011bny tras tramvajov\u00fdch linek Linky \u010d\u00edslo\u00a091\u00a0a\u00a096\u00a0&#8230; Dlouh\u00e1 t\u0159\u00edda \u2013\u00a0\u010cech\u016fv most \u2013 Chotkovy sady\u00a0\u2013 Hrad\u010dansk\u00e1 &#8230; N\u00e1hradn\u00ed doprava Zavedena je [&hellip;]","protected":false},"author":251,"featured_media":33361,"comment_status":"closed","ping_status":"open","sticky":false,"template":"","format":"standard","meta":[],"categories":[34],"tags":[57],"_links":{"self":[{"href":"https:\/\/www.praha7.cz\/api\/wp\/v2\/posts\/90381"}],"collection":[{"href":"https:\/\/www.praha7.cz\/api\/wp\/v2\/posts"}],"about":[{"href":"https:\/\/www.praha7.cz\/api\/wp\/v2\/types\/post"}],"author":[{"embeddable":true,"href":"https:\/\/www.praha7.cz\/api\/wp\/v2\/users\/251"}],"replies":[{"embeddable":true,"href":"https:\/\/www.praha7.cz\/api\/wp\/v2\/comments?post=90381"}],"version-history":[{"count":3,"href":"https:\/\/www.praha7.cz\/api\/wp\/v2\/posts\/90381\/revisions"}],"predecessor-version":[{"id":90384,"href":"https:\/\/www.praha7.cz\/api\/wp\/v2\/posts\/90381\/revisions\/90384"}],"wp:featuredmedia":[{"embeddable":true,"href":"https:\/\/www.praha7.cz\/api\/wp\/v2\/media\/33361"}],"wp:attachment":[{"href":"https:\/\/www.praha7.cz\/api\/wp\/v2\/media?parent=90381"}],"wp:term":[{"taxonomy":"category","embeddable":true,"href":"https:\/\/www.praha7.cz\/api\/wp\/v2\/categories?post=90381"},{"taxonomy":"post_tag","embeddable":true,"href":"https:\/\/www.praha7.cz\/api\/wp\/v2\/tags?post=90381"}],"curies":[{"name":"wp","href":"https:\/\/api.w.org\/{rel}","templated":true}]}}