    
{"id":90295,"date":"2026-03-11T12:09:48","date_gmt":"2026-03-11T11:09:48","guid":{"rendered":"https:\/\/www.praha7.cz\/?p=90295"},"modified":"2026-03-25T13:26:36","modified_gmt":"2026-03-25T12:26:36","slug":"dobrovskeho-16","status":"publish","type":"post","link":"https:\/\/www.praha7.cz\/dobrovskeho-16\/","title":{"rendered":"Po\u017e\u00e1r plynu u&nbsp;Dobrovsk\u00e9ho 16: praktick\u00e9 informace a&nbsp;pod\u011bkov\u00e1n\u00ed"},"content":{"rendered":"<p>[perex]<\/p>\r\n<p>Po\u017e\u00e1r plynu u&nbsp;domu Dobrovsk\u00e9ho 16 byl v\u010dera, 10.&nbsp;b\u0159ezna 2026, v&nbsp;podve\u010dern\u00edch hodin\u00e1ch uha\u0161en. Byli evakuov\u00e1ni obyvatel\u00e9 ze sedmi bytov\u00fdch dom\u016f (45 osob), dv\u011b osoby hasi\u010di zachr\u00e1nili, spolu s&nbsp;nimi i&nbsp;jednu ko\u010dku. Nikdo nebyl zran\u011bn. P\u0159\u00ed\u010dina po\u017e\u00e1ru je nad\u00e1le p\u0159edm\u011btem \u0161et\u0159en\u00ed. Od dne\u0161n\u00edho r\u00e1na na m\u00edst\u011b prob\u00edh\u00e1 vy\u0161et\u0159ov\u00e1n\u00ed, dokumenta\u010dn\u00ed a&nbsp;zaji\u0161\u0165ovac\u00ed pr\u00e1ce.<\/p>\r\n<p>N\u00ed\u017ee naleznete stru\u010dn\u00fd n\u00e1vod, jak postupovat p\u0159i \u0159e\u0161en\u00ed situac\u00ed, kter\u00e9 v&nbsp;souvislosti s&nbsp;po\u017e\u00e1rem a&nbsp;ha\u0161en\u00edm mohly nastat.<\/p>\r\n<p>Dnes od 18 hodin v&nbsp;Sodovk\u00e1rn\u011b (P\u0159\u00edvozn\u00ed 2a) po\u0159\u00e1d\u00e1me pl\u00e1novan\u00e9 <a href=\"https:\/\/www.praha7.cz\/se-starostou-3-26\/\" target=\"_blank\" rel=\"noopener\">setk\u00e1n\u00ed se starostou a&nbsp;radn\u00edmi<\/a>, na m\u00edst\u011b v\u00e1m r\u00e1di poskytneme aktu\u00e1ln\u00ed informace.<\/p>\r\n<p><strong>D\u011bkujeme velice v\u0161em, kte\u0159\u00ed se na z\u00e1sahu pod\u00edleli.<\/strong><\/p>\r\n<p>Soupis ud\u00e1lost\u00ed z&nbsp;10.&nbsp;b\u0159ezna 2026 najdete <a href=\"https:\/\/www.praha7.cz\/pozar-plynu-v-krizovatce-dobrovskeho-x-ovenecka\/\" target=\"_blank\" rel=\"noopener\">zde<\/a>.<\/p>\r\n<p>[\/perex]<\/p>\r\n<h3>Dod\u00e1vky plynu a&nbsp;vody<\/h3>\r\n<ul>\r\n\t<li>dod\u00e1vky plynu se postupn\u011b obnovuj\u00ed, v\u00edce informac\u00ed na\u00a0<a href=\"https:\/\/www.ppdistribuce.cz\/aktuality\/naruseni-plynovodu-v-ul-dobrovskeho-praha-7\" target=\"_blank\" rel=\"noopener\">Pra\u017esk\u00e1 plyn\u00e1rensk\u00e1 Distribuce<\/a>, telefon 1239<\/li>\r\n\t<li>v\u00fdluka vody je ukon\u010dena<\/li>\r\n<\/ul>\r\n<h3>Poji\u0161t\u011bn\u00ed dom\u00e1cnosti<\/h3>\r\n<ul>\r\n\t<li>v\u0161e pe\u010dliv\u011b dokumentujte, fotografujte, nat\u00e1\u010dejte<\/li>\r\n\t<li>m\u00e1te poji\u0161t\u011bn\u00ed dom\u00e1cnosti \u2192 kontaktujte svoji poji\u0161\u0165ovnu<\/li>\r\n\t<li>nem\u00e1te poji\u0161t\u011bn\u00ed dom\u00e1cnosti \u2192 kontaktujte Olgu Drd\u00e1ckou, <a href=\"mailto:drdackao@praha7.cz\">drdackao@praha7.cz<\/a>, 602&nbsp;373&nbsp;775<\/li>\r\n<\/ul>\r\n<h3>Mimo\u0159\u00e1dn\u00e1 okam\u017eit\u00e1 pomoc<\/h3>\r\n<p>Pokud jste byli ud\u00e1lost\u00ed zasa\u017eeni, m\u016f\u017eete si po\u017e\u00e1dat o&nbsp;d\u00e1vku <a href=\"https:\/\/mpsv.gov.cz\/mimoradna-okamzita-pomoc\" target=\"_blank\" rel=\"noopener\">mimo\u0159\u00e1dn\u00e9 okam\u017eit\u00e9 pomoci<\/a> (MOP). Vypl\u00e1c\u00ed ji \u00da\u0159ad pr\u00e1ce \u2013 <a href=\"https:\/\/up.gov.cz\/praha-2\" target=\"_blank\" rel=\"noopener\">pobo\u010dka Hartigova<\/a> 2660\/141, Praha 3, nebo v&nbsp;p\u0159\u00edpad\u011b t\u00e9to v\u00fdjime\u010dn\u00e9 situace i&nbsp;<a href=\"https:\/\/mpsv.gov.cz\/up-cz\/praha-vychod-a-praha-zapad\" target=\"_blank\" rel=\"noopener\">pobo\u010dka v&nbsp;Dobrovsk\u00e9ho<\/a> 1278\/27.<\/p>\r\n<ul>\r\n\t<li>zdokumentujte m\u00edru a&nbsp;rozsah po\u0161kozen\u00ed<\/li>\r\n\t<li>pot\u0159ebujete pomoct vyplnit \u017e\u00e1dost \u2192 pom\u016f\u017eeme v\u00e1m na radnici, <a href=\"https:\/\/www.praha7.cz\/radnice\/organizacni-struktura\/odbor-socialnich-veci\/oddeleni-socialni-prace\/\" target=\"_blank\" rel=\"noopener\">odd\u011blen\u00ed soci\u00e1ln\u00ed pr\u00e1ce<\/a>, 2.&nbsp;patro<\/li>\r\n<\/ul>\r\n<h3>Pot\u00ed\u017ee s&nbsp;plynov\u00fdmi spot\u0159ebi\u010di po obnoven\u00ed dod\u00e1vky plynu<\/h3>\r\n<ul>\r\n\t<li>prov\u011b\u0159te svou pojistnou smlouvu a&nbsp;p\u0159\u00edpadn\u011b kontaktujte poji\u0161\u0165ovnu<\/li>\r\n\t<li>kontaktujte nap\u0159\u00edklad plyna\u0159e p\u0159\u00edmo z&nbsp;Dobrovsk\u00e9ho <a href=\"https:\/\/roman-svaricek.webnode.cz\/kontakt\/\" target=\"_blank\" rel=\"noopener\">Romana \u0160va\u0159\u00ed\u010dka<\/a>, 233&nbsp;382&nbsp;333 (servisovan\u00e9 zna\u010dky Mora, Moratop, Karma, Gamat, Vafky) (jedn\u00e1 se o&nbsp;placenou slu\u017ebu)<\/li>\r\n<\/ul>\r\n<h3>Dopravn\u00ed dostupnost oblasti<\/h3>\r\n<ul>\r\n\t<li>k\u0159i\u017eovatka Dobrovsk\u00e9ho \u00d7 U&nbsp;Letensk\u00e9ho sadu je ji\u017e pr\u016fjezdn\u00e1<\/li>\r\n<\/ul>\r\n<h3>P\u0159\u00edmotopy, vysou\u0161e\u010de<\/h3>\r\n<ul>\r\n\t<li>zap\u016fj\u010den\u00ed p\u0159\u00edmotop\u016f a&nbsp;vysou\u0161e\u010d\u016f v\u00e1m zajist\u00edme a&nbsp;doprav\u00edme je \u2192 kontaktujte Olgu Drd\u00e1ckou, 602&nbsp;373&nbsp;775<\/li>\r\n<\/ul>\r\n<h3>N\u00e1hradn\u00ed ubytov\u00e1n\u00ed<\/h3>\r\n<ul>\r\n\t<li>pot\u0159ebujete n\u00e1hradn\u00ed do\u010dasn\u00e9 ubytov\u00e1n\u00ed \u2192 obra\u0165te se na Kate\u0159inu Laskovskou, 605&nbsp;070&nbsp;056<\/li>\r\n<\/ul>\r\n<h3><strong>Pro obyvatele byt\u016f Dobrovsk\u00e9ho 16 a&nbsp;18<\/strong><\/h3>\r\n<ul>\r\n\t<li>s obyvateli i&nbsp;majiteli dom\u016f jsme v&nbsp;kontaktu<\/li>\r\n\t<li>za asistence police \u010cR budou v&nbsp;domluven\u00fdch \u010dasech vpu\u0161t\u011bni dovnit\u0159, aby si mohli odn\u00e9st nejnutn\u011bj\u0161\u00ed v\u011bci a&nbsp;prov\u00e9st fotodokumentaci pro poji\u0161\u0165ovny (v\u00edce informac\u00ed maj\u00ed majitel\u00e9 dom\u016f)<\/li>\r\n\t<li>zaji\u0161\u0165ujeme n\u00e1hradn\u00ed ubytov\u00e1n\u00ed<\/li>\r\n<\/ul>\r\n<h3>Ordinace MUDr. Wagnera, Dobrovsk\u00e9ho 18\u00a0<\/h3>\r\n<ul>\r\n\t<li>do\u010dasn\u011b uzav\u0159ena<\/li>\r\n\t<li>v\u00edce informac\u00ed pod\u00e1 sestra Andrea Mach\u00e1\u010dkov\u00e1, 608&nbsp;242&nbsp;264<\/li>\r\n\t<li>jsme p\u0159ipraveni pomoci a&nbsp;poskytnout n\u00e1hradn\u00ed prostor<\/li>\r\n<\/ul>\r\n<h3>Mal\u00fd velk\u00fd strom, Dobrovsk\u00e9ho 16<\/h3>\r\n<ul>\r\n\t<li>se soukromou d\u011btskou skupinou jedn\u00e1me o&nbsp;poskytnut\u00ed n\u00e1hradn\u00edho prostoru na Letn\u00e9<\/li>\r\n<\/ul>\r\n<h3>Psychick\u00e1 pomoc<\/h3>\r\n<ul>\r\n\t<li>obr\u00e1tit se m\u016f\u017eete nap\u0159\u00edklad na krizov\u00e9 centrum <a href=\"https:\/\/www.csspraha.cz\/kc-riaps\" target=\"_blank\" rel=\"noopener\">RIAPS<\/a>, slu\u017eba 24\/7<\/li>\r\n<\/ul>\r\n<h3>Sb\u00edrka pro zasa\u017een\u00e9<\/h3>\r\n<ul>\r\n\t<li>p\u0159isp\u011bt zasa\u017een\u00fdm z&nbsp;Dobrovsk\u00e9ho m\u016f\u017eete prost\u0159ednictv\u00edm <a href=\"http:\/\/www.praha7.cz\/sosp7\" target=\"_blank\" rel=\"noopener\">SOS konta Prahy&nbsp;7.<\/a> D\u011bkujeme!<\/li>\r\n<\/ul>\r\n<h3>Pod\u011bkov\u00e1n\u00ed \u2665<\/h3>\r\n<p>N\u00e1ro\u010dn\u00e1 a&nbsp;nenad\u00e1l\u00e1 situace si vy\u017e\u00e1dala zapojen\u00ed mnoha profesion\u00e1l\u016f i&nbsp;laik\u016f. V\u0161em chceme up\u0159\u00edmn\u011b pod\u011bkovat, tak\u00e9 d\u00edky v\u00e1m nebyl nikdo zran\u011bn a&nbsp;va\u0161e nasazen\u00ed bylo dechberouc\u00ed.<\/p>\r\n<ul>\r\n\t<li>slo\u017eky integrovan\u00e9ho z\u00e1chrann\u00e9ho syst\u00e9mu (IZS), kter\u00e9 na m\u00edst\u011b prok\u00e1zaly svou profesionalitu i&nbsp;lidskost\u00a0<\/li>\r\n\t<li>plyna\u0159\u016fm, kte\u0159\u00ed velmi operativn\u011b proch\u00e1zeli byty a&nbsp;domy<\/li>\r\n\t<li>PVK i&nbsp;PPD za rychl\u00e9 obnoven\u00ed dod\u00e1vek plynu a&nbsp;vody<\/li>\r\n\t<li>\u010cesk\u00e9mu \u010derven\u00e9mu k\u0159\u00ed\u017ei za pomoc i&nbsp;poskytnut\u00ed ob\u010derstven\u00ed<\/li>\r\n\t<li>Caf\u00e9 Letka za poskytnut\u00ed ob\u010derstven\u00ed a&nbsp;zp\u0159\u00edstupn\u011bn\u00ed toalet<\/li>\r\n\t<li>Sandwich Rodeo za n\u00e1poje pro IZS<\/li>\r\n\t<li>hotelu Belvedere Prague a&nbsp;Pe\u010dovatelsk\u00e9mu centru Prahy&nbsp;7 za rychl\u00e9 ubytov\u00e1n\u00ed dot\u010den\u00fdch ob\u010dan\u016f<\/li>\r\n\t<li>hotelu Mama Shelter za bezplatn\u00e9 ubytov\u00e1n\u00ed v&nbsp;n\u00e1sleduj\u00edc\u00edch dnech<\/li>\r\n\t<li>Magistr\u00e1tu hl. m. Prahy za nab\u00eddku byt\u016f<\/li>\r\n\t<li>sanit\u00e1\u0159\u016fm, kte\u0159\u00ed pom\u00e1hali s&nbsp;evakuac\u00ed, a&nbsp;\u0159idi\u010di taxi za odvoz seniorky<\/li>\r\n\t<li>Pap\u00edrnictv\u00ed na Letensk\u00e9m n\u00e1m\u011bst\u00ed za okam\u017eit\u00e9 poskytnut\u00ed kancel\u00e1\u0159sk\u00fdch pot\u0159eb<\/li>\r\n\t<li>\u0159editeli Radovi ze Z\u0160 Stross, kter\u00fd byl p\u0159ipraven zajistit nocleh ve \u0161kole<\/li>\r\n\t<li>pan\u00edm u\u010ditelk\u00e1m z&nbsp;Mal\u00e9ho velk\u00e9ho stromu za zachov\u00e1n\u00ed duchap\u0159\u00edtomnosti a&nbsp;poskytnut\u00ed psychick\u00e9ho bezpe\u010d\u00ed d\u011btem a&nbsp;za z\u00e1chranu ko\u010dky<\/li>\r\n\t<li>v\u0161em soused\u016fm, kte\u0159\u00ed p\u0159\u00edmo na m\u00edst\u011b nab\u00eddli pomoc \u010di nocleh a&nbsp;nab\u00edzej\u00ed podporu i&nbsp;nad\u00e1le<\/li>\r\n<\/ul>\r\n<p>&nbsp;<\/p>","protected":false},"excerpt":{"rendered":"[perex] Po\u017e\u00e1r plynu u&nbsp;domu Dobrovsk\u00e9ho 16 byl v\u010dera, 10.&nbsp;b\u0159ezna 2026, v&nbsp;podve\u010dern\u00edch hodin\u00e1ch uha\u0161en. Byli evakuov\u00e1ni obyvatel\u00e9 ze sedmi bytov\u00fdch dom\u016f (45 osob), dv\u011b osoby hasi\u010di zachr\u00e1nili, spolu s&nbsp;nimi i&nbsp;jednu ko\u010dku. Nikdo nebyl zran\u011bn. P\u0159\u00ed\u010dina po\u017e\u00e1ru je nad\u00e1le p\u0159edm\u011btem \u0161et\u0159en\u00ed. Od dne\u0161n\u00edho r\u00e1na na m\u00edst\u011b prob\u00edh\u00e1 vy\u0161et\u0159ov\u00e1n\u00ed, dokumenta\u010dn\u00ed a&nbsp;zaji\u0161\u0165ovac\u00ed pr\u00e1ce. N\u00ed\u017ee naleznete stru\u010dn\u00fd n\u00e1vod, jak postupovat [&hellip;]","protected":false},"author":251,"featured_media":90307,"comment_status":"closed","ping_status":"open","sticky":false,"template":"","format":"standard","meta":[],"categories":[34],"tags":[136],"_links":{"self":[{"href":"https:\/\/www.praha7.cz\/api\/wp\/v2\/posts\/90295"}],"collection":[{"href":"https:\/\/www.praha7.cz\/api\/wp\/v2\/posts"}],"about":[{"href":"https:\/\/www.praha7.cz\/api\/wp\/v2\/types\/post"}],"author":[{"embeddable":true,"href":"https:\/\/www.praha7.cz\/api\/wp\/v2\/users\/251"}],"replies":[{"embeddable":true,"href":"https:\/\/www.praha7.cz\/api\/wp\/v2\/comments?post=90295"}],"version-history":[{"count":14,"href":"https:\/\/www.praha7.cz\/api\/wp\/v2\/posts\/90295\/revisions"}],"predecessor-version":[{"id":90472,"href":"https:\/\/www.praha7.cz\/api\/wp\/v2\/posts\/90295\/revisions\/90472"}],"wp:featuredmedia":[{"embeddable":true,"href":"https:\/\/www.praha7.cz\/api\/wp\/v2\/media\/90307"}],"wp:attachment":[{"href":"https:\/\/www.praha7.cz\/api\/wp\/v2\/media?parent=90295"}],"wp:term":[{"taxonomy":"category","embeddable":true,"href":"https:\/\/www.praha7.cz\/api\/wp\/v2\/categories?post=90295"},{"taxonomy":"post_tag","embeddable":true,"href":"https:\/\/www.praha7.cz\/api\/wp\/v2\/tags?post=90295"}],"curies":[{"name":"wp","href":"https:\/\/api.w.org\/{rel}","templated":true}]}}