    
{"id":90224,"date":"2026-03-10T11:41:09","date_gmt":"2026-03-10T10:41:09","guid":{"rendered":"https:\/\/www.praha7.cz\/?p=90224"},"modified":"2026-03-10T11:41:09","modified_gmt":"2026-03-10T10:41:09","slug":"hledate-zajimavou-praci-v-koordinaci-staveb","status":"publish","type":"post","link":"https:\/\/www.praha7.cz\/hledate-zajimavou-praci-v-koordinaci-staveb\/","title":{"rendered":"Hled\u00e1te zaj\u00edmavou pr\u00e1ci v&nbsp;koordinaci staveb?"},"content":{"rendered":"<p>[perex]<\/p>\r\n<p>\u00da\u0159ad Prahy&nbsp;7 sh\u00e1n\u00ed do sv\u00e9ho t\u00fdmu kolegu \u010di kolegyni na pozici koordin\u00e1tor\/ka p\u0159\u00edpravy a&nbsp;realizace staveb Odboru majetku. Vyzn\u00e1te se ve stavebnictv\u00ed a&nbsp;spr\u00e1v\u011b nemovitost\u00ed? Bavila by v\u00e1s p\u0159\u00edprava a&nbsp;koordinace stavebn\u00edch projekt\u016f a&nbsp;rekonstrukc\u00ed od pl\u00e1n\u016f a\u017e po realizaci? M\u00e1te z\u00e1jem pracovat v&nbsp;dynamicky se rozv\u00edjej\u00edc\u00ed m\u011bstsk\u00e9 \u010d\u00e1sti pro \u00fa\u0159ad s&nbsp;tak trochu jin\u00fdm p\u0159\u00edstupem? Nev\u00e1hejte a&nbsp;p\u0159ihlaste se do na\u0161eho popt\u00e1vkov\u00e9ho \u0159\u00edzen\u00ed.<\/p>\r\n<p>[\/perex]<\/p>\r\n<h3>Co u&nbsp;n\u00e1s budete d\u011blat?<\/h3>\r\n<p>Koordinovat p\u0159\u00edpravu a&nbsp;realizaci investi\u010dn\u00edch staveb m\u011bstsk\u00e9 \u010d\u00e1sti (rekonstrukce budov, modernizace objekt\u016f, stavebn\u00ed \u00fapravy), zaji\u0161\u0165ovat p\u0159\u00edpravu projekt\u016f od studie proveditelnosti po realizaci, spolupracovat s&nbsp;projektanty, technick\u00fdm dozorem investora, zhotoviteli a&nbsp;dal\u0161\u00edmi extern\u00edmi partnery,\u00a0 kontrolovat projektovou dokumentaci, rozpo\u010dty a&nbsp;harmonogramy. D\u00e1le budete dohl\u00ed\u017eet na pr\u016fb\u011bh realizace staveb, kontrolovat kvalitu, term\u00edny a&nbsp;n\u00e1klady, administrovat investi\u010dn\u00ed akce \u2013 p\u0159ipravovat podklady pro zad\u00e1vac\u00ed \u0159\u00edzen\u00ed a&nbsp;ve\u0159ejn\u00e9 zak\u00e1zky \u2013 a&nbsp;spolupracovat p\u0159i kolaudac\u00edch a&nbsp;p\u0159ed\u00e1v\u00e1n\u00ed staveb.<\/p>\r\n<p>&nbsp;<\/p>\r\n<h3>Co od v\u00e1s o\u010dek\u00e1v\u00e1me?<\/h3>\r\n<ul>\r\n\t<li>vy\u0161\u0161\u00ed odborn\u00e9 vzd\u011bl\u00e1n\u00ed nebo st\u0159edn\u00ed vzd\u011bl\u00e1n\u00ed s&nbsp;maturitn\u00ed zkou\u0161kou<\/li>\r\n\t<li>znalost stavebn\u00edho z\u00e1kona a&nbsp;souvisej\u00edc\u00edch p\u0159edpis\u016f<\/li>\r\n\t<li>schopnost koordinovat v\u00edce subjekt\u016f a&nbsp;\u0159\u00eddit procesy<\/li>\r\n\t<li>samostatnost, odpov\u011bdnost a&nbsp;schopnost dotahovat projekty do konce<\/li>\r\n\t<li>v\u00fdborn\u00e9 komunika\u010dn\u00ed a&nbsp;organiza\u010dn\u00ed schopnosti<\/li>\r\n\t<li>pe\u010dlivost a&nbsp;systemati\u010dnost<\/li>\r\n\t<li>odolnost proti stresu (dodr\u017eov\u00e1n\u00ed postup\u016f ve\u0159ejn\u00fdch zak\u00e1zek)<\/li>\r\n\t<li>v\u00fdborn\u00e1 znalost pr\u00e1ce s&nbsp;po\u010d\u00edta\u010dem odpov\u00eddaj\u00edc\u00ed aktu\u00e1ln\u00edm a&nbsp;nov\u00fdm trend\u016fm, zejm\u00e9na prost\u0159ed\u00ed MS Office 365<\/li>\r\n\t<li>z\u00e1jem o&nbsp;modern\u00ed digit\u00e1ln\u00ed a&nbsp;AI n\u00e1stroje pro efektivn\u011bj\u0161\u00ed pr\u00e1ci<\/li>\r\n\t<li>kreativitu a&nbsp;iniciativu p\u0159i hled\u00e1n\u00ed nov\u00fdch \u0159e\u0161en\u00ed a&nbsp;zefektiv\u0148ov\u00e1n\u00ed proces\u016f<\/li>\r\n<\/ul>\r\n<p>&nbsp;<\/p>\r\n<h3>Co v\u00e1m nab\u00edz\u00edme?<\/h3>\r\n<p>Pracovn\u00ed pom\u011br na dobu ur\u010ditou do 30.&nbsp;dubna 2027 s&nbsp;mo\u017enost\u00ed n\u00e1sledn\u00e9 zm\u011bny na dobu neur\u010ditou. N\u00e1stupn\u00ed plat v&nbsp;9.&nbsp;platov\u00e9 t\u0159\u00edd\u011b podle d\u00e9lky odborn\u00e9 praxe. Po zku\u0161ebn\u00ed dob\u011b osobn\u00ed p\u0159\u00edplatek a\u017e do v\u00fd\u0161e 100&nbsp;% maxim\u00e1ln\u00edho n\u00e1stupn\u00edho platu.<\/p>\r\n<table width=\"1109\" height=\"217\" style=\"color: black !important; font-weight: normal !important;\">\r\n<tbody>\r\n<tr>\r\n<td style=\"height: 0px; text-align: center;\"><\/td>\r\n<td style=\"height: 0px; text-align: center;\"><\/td>\r\n<td style=\"height: 0px; text-align: center;\"><\/td>\r\n<\/tr>\r\n<tr>\r\n<td style=\"width: 361px; text-align: center;\">\r\n<p><img loading=\"lazy\" src=\"https:\/\/www.praha7.cz\/wp-content\/uploads\/2018\/11\/rust.jpg\" alt=\"\" width=\"99\" height=\"96\" class=\"alignnone size-full wp-image-21382\" \/><\/p>\r\n<span style=\"font-weight: normal !important; color: black !important;\">Platov\u00e9 ohodnocen\u00ed, kter\u00e9 roste spolu s&nbsp;v\u00e1mi.<\/span><\/td>\r\n<td style=\"width: 363px; text-align: center;\">\r\n<p><img loading=\"lazy\" src=\"https:\/\/www.praha7.cz\/wp-content\/uploads\/2018\/11\/benefit.jpg\" alt=\"\" width=\"99\" height=\"96\" class=\"alignnone size-full wp-image-21381\" \/><\/p>\r\n<span style=\"font-weight: normal !important; color: black !important;\">\u0160irokou \u0161k\u00e1lu benefit\u016f, kter\u00e9 p\u0159ich\u00e1zej\u00ed <br \/>\r\nve spr\u00e1vn\u00fd \u010das, nap\u0159. stravenkovou kartu nebo p\u0159\u00edsp\u011bvek na penzijn\u00ed poji\u0161t\u011bn\u00ed.<\/span><\/td>\r\n<td style=\"width: 363px; text-align: center;\">\r\n<p><img loading=\"lazy\" src=\"https:\/\/www.praha7.cz\/wp-content\/uploads\/2018\/11\/dovolena.jpg\" alt=\"\" width=\"99\" height=\"96\" class=\"alignnone size-full wp-image-21383\" \/><\/p>\r\n<span style=\"font-weight: normal !important; color: black !important;\">P\u011bt t\u00fddn\u016f dovolen\u00e9, na kterou <br \/>\r\nnebudete cht\u00edt odjet, a&nbsp;p\u011bt dn\u016f <br \/>\r\nindispozi\u010dn\u00edho volna.<\/span><\/td>\r\n<\/tr>\r\n<tr>\r\n<td style=\"width: 361px; text-align: center;\">\r\n<p><img loading=\"lazy\" src=\"https:\/\/www.praha7.cz\/wp-content\/uploads\/2018\/11\/vzdelavani.jpg\" alt=\"\" width=\"142\" height=\"96\" class=\"alignnone size-full wp-image-21384\" \/><\/p>\r\n<span style=\"font-weight: normal !important; color: black !important;\">Mo\u017enost dal\u0161\u00edho vzd\u011bl\u00e1v\u00e1n\u00ed, abyste se <br \/>\r\nve sv\u011bt\u011b neztratili.<\/span><\/td>\r\n<td style=\"width: 363px; text-align: center;\">\r\n<p><img loading=\"lazy\" src=\"https:\/\/www.praha7.cz\/wp-content\/uploads\/2018\/11\/inspirace.jpg\" alt=\"\" width=\"99\" height=\"96\" class=\"alignnone size-full wp-image-21385\" \/><\/p>\r\n<span style=\"font-weight: normal !important; color: black !important;\">Pr\u00e1ci v&nbsp;inspirativn\u00edm kolektivu, kde se <br \/>\r\np\u0159ed n\u00e1pady nezav\u00edraj\u00ed o\u010di.<\/span><\/td>\r\n<td style=\"width: 363px; text-align: center;\">\r\n<p><img loading=\"lazy\" src=\"https:\/\/www.praha7.cz\/wp-content\/uploads\/2018\/11\/perspektiva.jpg\" alt=\"\" width=\"99\" height=\"96\" class=\"alignnone size-full wp-image-21386\" \/><\/p>\r\n<span style=\"font-weight: normal !important; color: black !important;\">Perspektivn\u00ed zam\u011bstn\u00e1n\u00ed, kde pom\u00e1h\u00e1te <br \/>\r\nm\u011bnit sv\u011bt kolem sebe.<\/span><\/td>\r\n<\/tr>\r\n<\/tbody>\r\n<\/table>\r\n<p>&nbsp;<\/p>\r\n<h3>Jak se k\u00a0n\u00e1m dostanete?<\/h3>\r\n<p>Motiva\u010dn\u00ed dopis (nebo stru\u010dn\u00fd popis realizovan\u00fdch projekt\u016f a&nbsp;va\u0161\u00ed role na nich), strukturovan\u00fd profesn\u00ed \u017eivotopis, ve kter\u00e9m budou uvedeny \u00fadaje o&nbsp;dosavadn\u00edch zam\u011bstn\u00e1n\u00edch<br \/>\r\na&nbsp;o&nbsp;odborn\u00fdch znalostech a&nbsp;dovednostech, p\u0159ihl\u00e1\u0161ku a&nbsp;souhlas se zpracov\u00e1n\u00edm osobn\u00edch \u00fadaj\u016f je mo\u017en\u00e9 doru\u010dit:<\/p>\r\n<ul>\r\n\t<li>osobn\u011b v&nbsp;\u00fa\u0159edn\u00edch hodin\u00e1ch do podatelny \u00da\u0159adu M\u010c Praha&nbsp;7<\/li>\r\n\t<li>po\u0161tou na adresu M\u011bstsk\u00e1 \u010d\u00e1st Praha&nbsp;7, \u00da\u0159ad m\u011bstsk\u00e9 \u010d\u00e1sti Praha&nbsp;7, Odbor person\u00e1ln\u00edch \u010dinnost\u00ed, U&nbsp;Pr\u016fhonu 1338\/38, 170&nbsp;00 Praha&nbsp;7<\/li>\r\n\t<li>e-mailem na <a href=\"mailto:pouzarovae@praha7.cz\">pouzarovae@praha7.cz<\/a><\/li>\r\n\t<li>datovou schr\u00e1nkou r44b2x7<\/li>\r\n<\/ul>\r\n<p><span style=\"color: #ff0000;\"><strong>nejpozd\u011bji do 29.&nbsp;b\u0159ezna 2026<\/strong><\/span>.<\/p>\r\n<p>&nbsp;<\/p>\r\n<p><strong>Vznik pracovn\u00edho pom\u011bru\u00a0 1.&nbsp;kv\u011btna\u00a0 2026.<\/strong><\/p>\r\n<p><strong>Ve\u0161ker\u00e9 pot\u0159ebn\u00e9 informace pro p\u0159ihl\u00e1\u0161en\u00ed do popt\u00e1vkov\u00e9ho \u0159\u00edzen\u00ed naleznete <a href=\"https:\/\/www.praha7.cz\/wp-content\/uploads\/2026\/03\/OMA__koordinator.pdf\" target=\"_blank\" rel=\"noopener\">zde<\/a>.<\/strong><\/p>\r\n<hr \/>\r\n<p><strong>Formul\u00e1\u0159 ke sta\u017een\u00ed<\/strong><\/p>\r\n<p><a href=\"https:\/\/www.praha7.cz\/wp-content\/uploads\/2024\/11\/OPC-01-f02_Prihlaska_do_vyberoveho_poptavkoveho_rizeni_souhlas.pdf\">P\u0159ihl\u00e1\u0161ka a&nbsp;souhlas se zpracov\u00e1n\u00edm osobn\u00edch \u00fadaj\u016f<\/a><\/p>","protected":false},"excerpt":{"rendered":"[perex] \u00da\u0159ad Prahy&nbsp;7 sh\u00e1n\u00ed do sv\u00e9ho t\u00fdmu kolegu \u010di kolegyni na pozici koordin\u00e1tor\/ka p\u0159\u00edpravy a&nbsp;realizace staveb Odboru majetku. Vyzn\u00e1te se ve stavebnictv\u00ed a&nbsp;spr\u00e1v\u011b nemovitost\u00ed? Bavila by v\u00e1s p\u0159\u00edprava a&nbsp;koordinace stavebn\u00edch projekt\u016f a&nbsp;rekonstrukc\u00ed od pl\u00e1n\u016f a\u017e po realizaci? M\u00e1te z\u00e1jem pracovat v&nbsp;dynamicky se rozv\u00edjej\u00edc\u00ed m\u011bstsk\u00e9 \u010d\u00e1sti pro \u00fa\u0159ad s&nbsp;tak trochu jin\u00fdm p\u0159\u00edstupem? Nev\u00e1hejte a&nbsp;p\u0159ihlaste se do [&hellip;]","protected":false},"author":251,"featured_media":90228,"comment_status":"closed","ping_status":"open","sticky":false,"template":"","format":"standard","meta":[],"categories":[34],"tags":[118],"_links":{"self":[{"href":"https:\/\/www.praha7.cz\/api\/wp\/v2\/posts\/90224"}],"collection":[{"href":"https:\/\/www.praha7.cz\/api\/wp\/v2\/posts"}],"about":[{"href":"https:\/\/www.praha7.cz\/api\/wp\/v2\/types\/post"}],"author":[{"embeddable":true,"href":"https:\/\/www.praha7.cz\/api\/wp\/v2\/users\/251"}],"replies":[{"embeddable":true,"href":"https:\/\/www.praha7.cz\/api\/wp\/v2\/comments?post=90224"}],"version-history":[{"count":1,"href":"https:\/\/www.praha7.cz\/api\/wp\/v2\/posts\/90224\/revisions"}],"predecessor-version":[{"id":90229,"href":"https:\/\/www.praha7.cz\/api\/wp\/v2\/posts\/90224\/revisions\/90229"}],"wp:featuredmedia":[{"embeddable":true,"href":"https:\/\/www.praha7.cz\/api\/wp\/v2\/media\/90228"}],"wp:attachment":[{"href":"https:\/\/www.praha7.cz\/api\/wp\/v2\/media?parent=90224"}],"wp:term":[{"taxonomy":"category","embeddable":true,"href":"https:\/\/www.praha7.cz\/api\/wp\/v2\/categories?post=90224"},{"taxonomy":"post_tag","embeddable":true,"href":"https:\/\/www.praha7.cz\/api\/wp\/v2\/tags?post=90224"}],"curies":[{"name":"wp","href":"https:\/\/api.w.org\/{rel}","templated":true}]}}