    
{"id":90212,"date":"2026-03-10T09:58:47","date_gmt":"2026-03-10T08:58:47","guid":{"rendered":"https:\/\/www.praha7.cz\/?p=90212"},"modified":"2026-03-11T14:28:57","modified_gmt":"2026-03-11T13:28:57","slug":"na-budove-radnice-prahy-7-vlaje-tibetska-vlajka","status":"publish","type":"post","link":"https:\/\/www.praha7.cz\/na-budove-radnice-prahy-7-vlaje-tibetska-vlajka\/","title":{"rendered":"Na budov\u011b radnice Prahy&nbsp;7 vlaje tibetsk\u00e1 vlajka"},"content":{"rendered":"<p>[perex]<\/p>\r\n<p>Praha\u00a07 se tradi\u010dn\u011b p\u0159ipojila k\u00a0mezin\u00e1rodn\u00ed kampani\u00a0<a href=\"https:\/\/www.lungta.cz\/projekty\/vlajka-pro-tibet\/\" target=\"_blank\" rel=\"noopener\">Vlajka pro Tibet<\/a> a&nbsp;p\u0159ipomn\u011bla si 67.&nbsp;v\u00fdro\u010d\u00ed tibetsk\u00e9ho povst\u00e1n\u00ed. V&nbsp;\u00fater\u00fd 10.&nbsp;b\u0159ezna 2026 vyv\u011bsil tibetskou vlajku na budov\u011b radnice starosta Jan \u010ci\u017einsk\u00fd, aktu se z\u00fa\u010dastnili tak\u00e9 m\u00edstostarosta Kamil Vav\u0159inec Mare\u0161 a&nbsp;radn\u00ed Ji\u0159\u00ed Knitl a&nbsp;Martin Tom\u00e1nek.<\/p>\r\n<p>[\/perex]<\/p>\r\n<p>&nbsp;<\/p>\r\n<p><img loading=\"lazy\" src=\"https:\/\/www.praha7.cz\/wp-content\/uploads\/2026\/03\/tibet_vlajka_radni-579x400.jpg\" alt=\"\" width=\"579\" height=\"400\" class=\"alignnone size-medium wp-image-90213\" srcset=\"https:\/\/www.praha7.cz\/wp-content\/uploads\/2026\/03\/tibet_vlajka_radni-579x400.jpg 579w, https:\/\/www.praha7.cz\/wp-content\/uploads\/2026\/03\/tibet_vlajka_radni-1447x1000.jpg 1447w, https:\/\/www.praha7.cz\/wp-content\/uploads\/2026\/03\/tibet_vlajka_radni-768x531.jpg 768w, https:\/\/www.praha7.cz\/wp-content\/uploads\/2026\/03\/tibet_vlajka_radni-1536x1061.jpg 1536w, https:\/\/www.praha7.cz\/wp-content\/uploads\/2026\/03\/tibet_vlajka_radni-2048x1415.jpg 2048w\" sizes=\"(max-width: 579px) 100vw, 579px\" \/><\/p>\r\n<p>&nbsp;<\/p>\r\n<p>\u010cesk\u00e1 republika se ke kampani p\u0159ipojuje pravideln\u011b od roku 1996, kdy tibetskou vlajku vyv\u011bsila prvn\u00ed \u010dty\u0159i \u010desk\u00e1 m\u011bsta. Praha&nbsp;7 tibetskou vlajku vyv\u011b\u0161uje od roku 1997.<\/p>\r\n<p>&nbsp;<\/p>\r\n<p><img loading=\"lazy\" src=\"https:\/\/www.praha7.cz\/wp-content\/uploads\/2026\/03\/tibet_vlajka_sta_v2-267x400.jpeg\" alt=\"\" width=\"267\" height=\"400\" class=\"alignnone size-medium wp-image-90215\" srcset=\"https:\/\/www.praha7.cz\/wp-content\/uploads\/2026\/03\/tibet_vlajka_sta_v2-267x400.jpeg 267w, https:\/\/www.praha7.cz\/wp-content\/uploads\/2026\/03\/tibet_vlajka_sta_v2-668x1000.jpeg 668w, https:\/\/www.praha7.cz\/wp-content\/uploads\/2026\/03\/tibet_vlajka_sta_v2-768x1150.jpeg 768w, https:\/\/www.praha7.cz\/wp-content\/uploads\/2026\/03\/tibet_vlajka_sta_v2-1026x1536.jpeg 1026w, https:\/\/www.praha7.cz\/wp-content\/uploads\/2026\/03\/tibet_vlajka_sta_v2-1368x2048.jpeg 1368w, https:\/\/www.praha7.cz\/wp-content\/uploads\/2026\/03\/tibet_vlajka_sta_v2-scaled.jpeg 1710w\" sizes=\"(max-width: 267px) 100vw, 267px\" \/><\/p>\r\n<p>&nbsp;<\/p>\r\n<p>Vyv\u011b\u0161en\u00ed tibetsk\u00e9 vlajky je vn\u00edm\u00e1no jako symbolick\u00e1 podpora Tibe\u0165an\u016f v\u00a0jejich boji za lidsk\u00e1 pr\u00e1va a\u00a0n\u00e1rodn\u00ed identitu. V\u00fdro\u010d\u00ed povst\u00e1n\u00ed tibetsk\u00e9ho lidu proti \u010d\u00ednsk\u00e9 okupaci ve Lhase, kter\u00e9 bylo \u010c\u00ednou n\u00e1siln\u011b potla\u010deno, p\u0159ipad\u00e1 na 10.\u00a0b\u0159ezen. P\u0159i povst\u00e1n\u00ed v\u00a0roce 1959 zem\u0159elo v\u00edce ne\u017e 80\u00a0000 Tibe\u0165an\u016f, statis\u00edce Tibe\u0165an\u016f zem\u0159ely v\u00a0n\u00e1sleduj\u00edc\u00edch letech ve v\u011bzen\u00edch, pracovn\u00edch t\u00e1borech nebo v\u00a0d\u016fsledku hladomoru. C\u00edlem kampan\u011b\u00a0Vlajka pro Tibet\u00a0je pouk\u00e1zat na dlouhodob\u00e9 poru\u0161ov\u00e1n\u00ed lidsk\u00fdch pr\u00e1v v\u00a0Tibetu.\u00a0<\/p>\r\n<p>&nbsp;<\/p>\r\n<p>&nbsp;<\/p>","protected":false},"excerpt":{"rendered":"[perex] Praha\u00a07 se tradi\u010dn\u011b p\u0159ipojila k\u00a0mezin\u00e1rodn\u00ed kampani\u00a0Vlajka pro Tibet a&nbsp;p\u0159ipomn\u011bla si 67.&nbsp;v\u00fdro\u010d\u00ed tibetsk\u00e9ho povst\u00e1n\u00ed. V&nbsp;\u00fater\u00fd 10.&nbsp;b\u0159ezna 2026 vyv\u011bsil tibetskou vlajku na budov\u011b radnice starosta Jan \u010ci\u017einsk\u00fd, aktu se z\u00fa\u010dastnili tak\u00e9 m\u00edstostarosta Kamil Vav\u0159inec Mare\u0161 a&nbsp;radn\u00ed Ji\u0159\u00ed Knitl a&nbsp;Martin Tom\u00e1nek. [\/perex] &nbsp; &nbsp; \u010cesk\u00e1 republika se ke kampani p\u0159ipojuje pravideln\u011b od roku 1996, kdy tibetskou vlajku [&hellip;]","protected":false},"author":251,"featured_media":90214,"comment_status":"closed","ping_status":"open","sticky":false,"template":"","format":"standard","meta":[],"categories":[34],"tags":[84],"_links":{"self":[{"href":"https:\/\/www.praha7.cz\/api\/wp\/v2\/posts\/90212"}],"collection":[{"href":"https:\/\/www.praha7.cz\/api\/wp\/v2\/posts"}],"about":[{"href":"https:\/\/www.praha7.cz\/api\/wp\/v2\/types\/post"}],"author":[{"embeddable":true,"href":"https:\/\/www.praha7.cz\/api\/wp\/v2\/users\/251"}],"replies":[{"embeddable":true,"href":"https:\/\/www.praha7.cz\/api\/wp\/v2\/comments?post=90212"}],"version-history":[{"count":5,"href":"https:\/\/www.praha7.cz\/api\/wp\/v2\/posts\/90212\/revisions"}],"predecessor-version":[{"id":90223,"href":"https:\/\/www.praha7.cz\/api\/wp\/v2\/posts\/90212\/revisions\/90223"}],"wp:featuredmedia":[{"embeddable":true,"href":"https:\/\/www.praha7.cz\/api\/wp\/v2\/media\/90214"}],"wp:attachment":[{"href":"https:\/\/www.praha7.cz\/api\/wp\/v2\/media?parent=90212"}],"wp:term":[{"taxonomy":"category","embeddable":true,"href":"https:\/\/www.praha7.cz\/api\/wp\/v2\/categories?post=90212"},{"taxonomy":"post_tag","embeddable":true,"href":"https:\/\/www.praha7.cz\/api\/wp\/v2\/tags?post=90212"}],"curies":[{"name":"wp","href":"https:\/\/api.w.org\/{rel}","templated":true}]}}