    
{"id":90177,"date":"2026-03-09T14:49:22","date_gmt":"2026-03-09T13:49:22","guid":{"rendered":"https:\/\/www.praha7.cz\/?p=90177"},"modified":"2026-03-25T13:27:54","modified_gmt":"2026-03-25T12:27:54","slug":"pracujte-u-nas","status":"publish","type":"post","link":"https:\/\/www.praha7.cz\/pracujte-u-nas\/","title":{"rendered":"Pracujte u&nbsp;n\u00e1s! Aktu\u00e1ln\u00ed voln\u00e1 m\u00edsta na \u00da\u0159ad\u011b M\u010c Praha&nbsp;7"},"content":{"rendered":"<p>[perex]<\/p>\r\n<p>R\u00e1di byste pracovali pro \u00fa\u0159ad s&nbsp;tak trochu jin\u00fdm p\u0159\u00edstupem a&nbsp;m\u00e1te po\u017eadovanou kvalifikaci a&nbsp;praxi? Hled\u00e1me referentky a&nbsp;referenty pro organiza\u010dn\u00ed odd\u011blen\u00ed, odd\u011blen\u00ed doklad\u016f, dopravn\u00edch staveb nebo spr\u00e1vy majetku, p\u0159ijmeme tak\u00e9 vedouc\u00ed\/ho person\u00e1ln\u00edho odd\u011blen\u00ed. Nab\u00edz\u00edme stabiln\u00ed pr\u00e1ci i&nbsp;\u0159adu benefit\u016f. Prohl\u00e9dn\u011bte si aktu\u00e1ln\u00ed nab\u00eddku voln\u00fdch pracovn\u00edch m\u00edst.<\/p>\r\n<p>[\/perex]<\/p>\r\n<h3>Voln\u00e1 pracovn\u00ed m\u00edsta<\/h3>\r\n<p><a href=\"https:\/\/www.praha7.cz\/hledate-poutavou-praci-na-pozici-referent-organizacniho\/\">referent\/ka organiza\u010dn\u00edho odd\u011blen\u00ed<\/a><\/p>\r\n<p><a href=\"https:\/\/www.praha7.cz\/hledate-poutavou-praci-v-oddeleni-dokladu\/\" target=\"_blank\" rel=\"noopener\">referent\/ka odd\u011blen\u00ed doklad\u016f<\/a><\/p>\r\n<p><a href=\"https:\/\/www.praha7.cz\/hledate-pozoruhodnou-praci-se-zamerenim-na-dopravni-stavby\/\" target=\"_blank\" rel=\"noopener\">referent\/ka odd\u011blen\u00ed dopravn\u00edch staveb<\/a><\/p>\r\n<p><a href=\"https:\/\/www.praha7.cz\/hledate-poutavou-praci-ve-sprave-nemovitosti\/\" target=\"_blank\" rel=\"noopener\">referent\/ka majetkov\u00e9 spr\u00e1vy<\/a><\/p>\r\n<p><a href=\"https:\/\/www.praha7.cz\/hledate-poutavou-praci-se-zamerenim-na-dopravu-2\/\" rel=\"noopener\">referent\/ka odd\u011blen\u00ed silni\u010dn\u00edho spr\u00e1vn\u00edho \u00fa\u0159adu<\/a><\/p>\r\n<p><a href=\"https:\/\/www.praha7.cz\/hledate-zajimavou-praci-v-koordinaci-staveb\/\" target=\"_blank\" rel=\"noopener\">koordin\u00e1tor\/ka p\u0159\u00edpravy a\u00a0realizace staveb<\/a><\/p>\r\n<p><a href=\"https:\/\/www.praha7.cz\/hledate-praci_hr\/\" target=\"_blank\" rel=\"noopener\">vedouc\u00ed odboru person\u00e1ln\u00edch \u010dinnost\u00ed<\/a><\/p>\r\n<p>&nbsp;<\/p>\r\n<p>&nbsp;<\/p>","protected":false},"excerpt":{"rendered":"[perex] R\u00e1di byste pracovali pro \u00fa\u0159ad s&nbsp;tak trochu jin\u00fdm p\u0159\u00edstupem a&nbsp;m\u00e1te po\u017eadovanou kvalifikaci a&nbsp;praxi? Hled\u00e1me referentky a&nbsp;referenty pro organiza\u010dn\u00ed odd\u011blen\u00ed, odd\u011blen\u00ed doklad\u016f, dopravn\u00edch staveb nebo spr\u00e1vy majetku, p\u0159ijmeme tak\u00e9 vedouc\u00ed\/ho person\u00e1ln\u00edho odd\u011blen\u00ed. Nab\u00edz\u00edme stabiln\u00ed pr\u00e1ci i&nbsp;\u0159adu benefit\u016f. Prohl\u00e9dn\u011bte si aktu\u00e1ln\u00ed nab\u00eddku voln\u00fdch pracovn\u00edch m\u00edst. [\/perex] Voln\u00e1 pracovn\u00ed m\u00edsta referent\/ka organiza\u010dn\u00edho odd\u011blen\u00ed referent\/ka odd\u011blen\u00ed doklad\u016f referent\/ka [&hellip;]","protected":false},"author":251,"featured_media":69375,"comment_status":"closed","ping_status":"open","sticky":false,"template":"","format":"standard","meta":[],"categories":[34],"tags":[118],"_links":{"self":[{"href":"https:\/\/www.praha7.cz\/api\/wp\/v2\/posts\/90177"}],"collection":[{"href":"https:\/\/www.praha7.cz\/api\/wp\/v2\/posts"}],"about":[{"href":"https:\/\/www.praha7.cz\/api\/wp\/v2\/types\/post"}],"author":[{"embeddable":true,"href":"https:\/\/www.praha7.cz\/api\/wp\/v2\/users\/251"}],"replies":[{"embeddable":true,"href":"https:\/\/www.praha7.cz\/api\/wp\/v2\/comments?post=90177"}],"version-history":[{"count":6,"href":"https:\/\/www.praha7.cz\/api\/wp\/v2\/posts\/90177\/revisions"}],"predecessor-version":[{"id":90341,"href":"https:\/\/www.praha7.cz\/api\/wp\/v2\/posts\/90177\/revisions\/90341"}],"wp:featuredmedia":[{"embeddable":true,"href":"https:\/\/www.praha7.cz\/api\/wp\/v2\/media\/69375"}],"wp:attachment":[{"href":"https:\/\/www.praha7.cz\/api\/wp\/v2\/media?parent=90177"}],"wp:term":[{"taxonomy":"category","embeddable":true,"href":"https:\/\/www.praha7.cz\/api\/wp\/v2\/categories?post=90177"},{"taxonomy":"post_tag","embeddable":true,"href":"https:\/\/www.praha7.cz\/api\/wp\/v2\/tags?post=90177"}],"curies":[{"name":"wp","href":"https:\/\/api.w.org\/{rel}","templated":true}]}}