    
{"id":90170,"date":"2026-03-09T12:39:58","date_gmt":"2026-03-09T11:39:58","guid":{"rendered":"https:\/\/www.praha7.cz\/?p=90170"},"modified":"2026-03-09T12:46:33","modified_gmt":"2026-03-09T11:46:33","slug":"duvera-ve-vlastni-prozitek","status":"publish","type":"post","link":"https:\/\/www.praha7.cz\/duvera-ve-vlastni-prozitek\/","title":{"rendered":"D\u016fv\u011bra ve vlastn\u00ed pro\u017eitek"},"content":{"rendered":"<p>[perex]<br \/>\r\nJak dnes mluvit o&nbsp;um\u011bn\u00ed tak, aby bylo srozumiteln\u00e9 a&nbsp;z\u00e1rove\u0148 si zachovalo svou otev\u0159enost a&nbsp;schopnost oslovovat r\u016fzn\u00e9 lidi? Jak vytvo\u0159it prost\u0159ed\u00ed, kde n\u00e1v\u0161t\u011bvn\u00edci nejsou jen pasivn\u00edmi poslucha\u010di v\u00fdkladu, ale aktivn\u00edmi \u00fa\u010dastn\u00edky, kte\u0159\u00ed mohou p\u0159em\u00fd\u0161let, pt\u00e1t se, sd\u00edlet a&nbsp;hledat vlastn\u00ed vztah k&nbsp;tomu, co vid\u00ed? A&nbsp;jak m\u016f\u017ee galerie fungovat nejen jako m\u00edsto prezentace um\u011bn\u00ed, ale tak\u00e9 jako prostor setk\u00e1v\u00e1n\u00ed, zpomalen\u00ed, p\u00e9\u010de a&nbsp;vz\u00e1jemn\u00e9ho porozum\u011bn\u00ed?<br \/>\r\n[\/perex]<br \/>\r\n<br \/>\r\nNa tyto ot\u00e1zky reaguje \u0160kola participativn\u00ed art mediace (\u0160PAM), spole\u010dn\u00fd projekt <a href=\"http:\/\/www.ngprague.cz\">N\u00e1rodn\u00ed galerie v&nbsp;Praze<\/a> (NGP) a&nbsp;<a href=\"https:\/\/www.sjch.cz\/\">Spole\u010dnosti Jind\u0159icha Chalupeck\u00e9ho<\/a> (SJCh). V&nbsp;uplynul\u00e9m roce se do n\u011bj zapojila deseti\u010dlenn\u00e1 skupina \u00fa\u010dastnic, kter\u00e1 se setk\u00e1vala ve v\u00fdstav\u00e1ch Cena Jind\u0159icha Chalupeck\u00e9ho 2025 a&nbsp;Naslouchaj\u00edc\u00ed t\u011blo zahrani\u010dn\u00ed hostky Kinke Kooi. Spole\u010dn\u011b zkou\u0161ely nov\u00e9 zp\u016fsoby d\u00edv\u00e1n\u00ed se, sd\u00edlely sv\u00e9 pro\u017eitky a&nbsp;hledaly, jak se k&nbsp;um\u011bn\u00ed vztahovat bez obav, s&nbsp;otev\u0159enost\u00ed a&nbsp;zv\u00eddavost\u00ed. V\u00fdsledkem nebyl jen hlub\u0161\u00ed ponor do vystaven\u00fdch d\u011bl, ale tak\u00e9 vznik kolektivu, kter\u00fd spojila d\u016fv\u011bra, otev\u0159enost a&nbsp;radost z&nbsp;objevov\u00e1n\u00ed.<\/p>\r\n<p><strong>Pro\u010d rozv\u00edjet participativn\u00ed art mediaci<br \/>\r\n<\/strong>Art mediace neboli zprost\u0159edkov\u00e1n\u00ed um\u011bn\u00ed je b\u011b\u017enou sou\u010d\u00e1st\u00ed v\u00fdstav. Ke zprost\u0159edkov\u00e1n\u00ed doch\u00e1z\u00ed u\u017e samotn\u00fdm zp\u016fsobem instalace d\u011bl, tedy prost\u0159ednictv\u00edm v\u00fdstavn\u00ed architektury, zapojen\u00edm text\u016f kur\u00e1torstva i\u00a0um\u011blectva i\u00a0dal\u0161\u00edch prost\u0159edk\u016f, kter\u00e9 spole\u010dn\u011b vytv\u00e1\u0159ej\u00ed tematick\u00fd r\u00e1mec nebo interpreta\u010dn\u00ed linii v\u00fdstavy. Tento zp\u016fsob pr\u00e1ce nab\u00edz\u00ed ur\u010ditou formu \u010dten\u00ed jednotliv\u00fdch d\u011bl i\u00a0v\u00fdstavn\u00edho celku, na ni\u017e d\u00e1le navazuj\u00ed ve\u0159ejn\u00e9 a\u00a0vzd\u011bl\u00e1vac\u00ed programy ur\u010den\u00e9 pro d\u011bti, dosp\u011bl\u00e9 i\u00a0\u0161koln\u00ed skupiny.<\/p>\r\n<p>Na rozd\u00edl od t\u00e9to b\u011b\u017en\u00e9 praxe, v\u00a0n\u00ed\u017e um\u011bn\u00ed zprost\u0159edkov\u00e1vaj\u00ed p\u0159edev\u0161\u00edm profesion\u00e1lov\u00e9, participativn\u00ed art mediace (PAM) zapojuje do procesu interpretace \u0161irokou ve\u0159ejnost. Vych\u00e1z\u00ed z\u00a0jednoduch\u00e9ho, ale siln\u00e9ho p\u0159esv\u011bd\u010den\u00ed, \u017ee existuje v\u00edce cest, jak se setk\u00e1vat s\u00a0um\u011bn\u00edm, ne\u017e v\u00fdhradn\u011b prost\u0159ednictv\u00edm mediace zalo\u017een\u00e9 na znalostech a\u00a0odborn\u00e9m r\u00e1mci d\u011bjin a\u00a0teorie um\u011bn\u00ed. D\u016fle\u017eit\u011bj\u0161\u00ed roli zde hraje intuitivn\u00ed a\u00a0subjektivn\u00ed p\u0159\u00edstup a\u00a0ochota vstoupit do otev\u0159en\u00e9ho dialogu\u00a0\u2013 se sebou sam\u00fdm, s\u00a0ostatn\u00edmi lidmi i\u00a0s\u00a0vystaven\u00fdmi d\u00edly. C\u00edlem nen\u00ed p\u0159ed\u00e1v\u00e1n\u00ed uzav\u0159en\u00fdch interpretac\u00ed, ale vytv\u00e1\u0159en\u00ed podm\u00ednek, v\u00a0nich\u017e se m\u016f\u017ee rozv\u00edjet osobn\u00ed i\u00a0spole\u010dn\u00e1 zku\u0161enost s\u00a0um\u011bn\u00edm. Metody PAM posiluj\u00ed d\u016fv\u011bru ve vlastn\u00ed vn\u00edm\u00e1n\u00ed a\u00a0podporuj\u00ed budov\u00e1n\u00ed vztahu ke galerii jako k\u00a0m\u00edstu, kde se \u010dlov\u011bk m\u016f\u017ee c\u00edtit bezpe\u010dn\u011b, v\u00edtan\u011b a\u00a0respektovan\u011b.<\/p>\r\n<p><strong>Prostor pro zp\u0159\u00edtomn\u011bn\u00ed a\u00a0propojen\u00ed<\/strong><br \/>\r\n\u0160kola byla koncipov\u00e1na jako cyklus p\u011bti setk\u00e1n\u00ed, b\u011bhem nich\u017e skupina tr\u00e1vila \u010das ve v\u00fdstav\u00e1ch i\u00a0v\u00a0uzav\u0159en\u00e9m prost\u0159ed\u00ed podporuj\u00edc\u00edm skupinovou pr\u00e1ci. Program z\u00e1m\u011brn\u011b kontrastoval s\u00a0b\u011b\u017enou prax\u00ed rychl\u00fdch n\u00e1v\u0161t\u011bv galeri\u00ed a\u00a0front\u00e1ln\u011b veden\u00fdch v\u00fdklad\u016f. Nab\u00edzel prostor pro zpomalen\u00ed, ticho i\u00a0otev\u0159enou diskuzi. To umo\u017enilo j\u00edt v\u00edce do hloubky, sledovat prom\u011bny vlastn\u00edho vn\u00edm\u00e1n\u00ed a\u00a0postupn\u011b objevovat nov\u00e9 souvislosti.<\/p>\r\n<p>Mo\u017enost tohoto hlub\u0161\u00edho ponoru a&nbsp;skupinov\u00fd z\u00e1\u017eitek ve v\u00fdstav\u011b oslovil v\u00edce \u00fa\u010dastnic. Jedna z&nbsp;nich, Mark\u00e9ta B\u00e1rtov\u00e1, k&nbsp;tomu poznamenala: \u201eZaj\u00edmalo m\u011b, co se bude d\u00edt, kdy\u017e si na jednu v\u00fdstavu vymez\u00edm opravdu o&nbsp;dost \u010dasu v\u00edce ne\u017e obvykle, nav\u0161t\u00edv\u00edm ji v&nbsp;kr\u00e1tk\u00e9m \u010dase v\u00edcekr\u00e1t, budu se hloub\u011bji zab\u00fdvat jednotliv\u00fdmi d\u00edly a\u00a0svoje my\u0161lenky a\u00a0pocity z\u00a0nich rozeb\u00edrat s\u00a0do t\u00e9 doby ciz\u00edmi lidmi.\u201c<\/p>\r\n<p>Podobnou zku\u0161enost sd\u00edlela i\u00a0Adriana Bielkov\u00e1, pro ni\u017e bylo setk\u00e1n\u00ed s\u00a0art mediac\u00ed zcela nov\u00e9: \u201ePri\u0161la som bez o\u010dak\u00e1van\u00ed a\u00a0art medi\u00e1ciu som v\u00f4bec nepoznala, o\u00a0to viac ma prekvapilo, \u017ee to bola jedna z\u00a0najlep\u0161\u00edch sk\u00fasenost\u00ed, ak\u00e9 som za posledn\u00fd rok za\u017eila. Ve\u013emi siln\u00e9 pre m\u0148a bolo, \u017ee program prebiehal v\u00a0skupine a\u00a0bol zameran\u00fd na jednu v\u00fdstavu\u00a0\u2013 v\u010faka opakovan\u00fdm n\u00e1vratom som si uvedomila, ak\u00e9 zmyslupln\u00e9 je \u00eds\u0165 do h\u013abky namiesto r\u00fdchleho prech\u00e1dzania v\u00fdstav.\u201c<\/p>\r\n<p>D\u016fle\u017eit\u00fdm p\u0159\u00ednosem programu se uk\u00e1zala b\u00fdt tak\u00e9 mo\u017enost setk\u00e1vat se s\u00a0r\u016fzn\u00fdmi perspektivami a\u00a0pohledy ostatn\u00edch, jak dokl\u00e1d\u00e1 dal\u0161\u00ed absolventka \u0160PAM Franti\u0161ka Kindlerov\u00e1: \u201ePro m\u011b bylo obohacuj\u00edc\u00ed sledovat, jak se na um\u011bn\u00ed d\u00edvaj\u00ed ostatn\u00ed, a\u00a0nahl\u00e9dnout tak na n\u011bj z\u00a0jin\u00e9ho \u00fahlu. Setk\u00e1n\u00ed byla velmi p\u0159\u00edjemn\u00e1 a\u00a0umo\u017enila mi reflektovat m\u016fj vlastn\u00ed p\u0159\u00edstup k\u00a0um\u011bn\u00ed, kter\u00fd \u010dasto zahrnuje sp\u00ed\u0161 artefiletick\u00fd nebo v\u00fdtvarn\u00fd pohled.\u201c<\/p>\r\n<p><strong>Sd\u00edlen\u00fd pro\u017eitek, kter\u00fd posiluje<br \/>\r\n<\/strong>P\u0159i tv\u016fr\u010d\u00edch aktivit\u00e1ch jsme vyu\u017e\u00edvaly verb\u00e1ln\u00ed i&nbsp;neverb\u00e1ln\u00ed prost\u0159edky komunikace. Rozv\u00edjely jsme holistick\u00e9 zp\u016fsoby vn\u00edm\u00e1n\u00ed um\u011bn\u00ed propojuj\u00edc\u00ed kognitivn\u00ed, smyslov\u00e9, emo\u010dn\u00ed i&nbsp;t\u011blesn\u00e9 pro\u017e\u00edv\u00e1n\u00ed obsahu a&nbsp;dost\u00e1valy se do kontaktu s&nbsp;vlastn\u00ed imaginac\u00ed prost\u0159ednictv\u00edm veden\u00fdch meditac\u00ed a&nbsp;asocia\u010dn\u00edch her. P\u0159i zprost\u0159edkov\u00e1v\u00e1n\u00ed um\u011bn\u00ed \u2013 a\u0165 u\u017e intern\u011b v&nbsp;r\u00e1mci skupiny, nebo p\u0159i ve\u0159ejn\u00fdch v\u00fdstupech pro publikum \u2013 jsme pracovaly rovn\u011b\u017e s&nbsp;form\u00e1tem p\u0159\u00edb\u011bhu, experiment\u00e1ln\u00edmi textov\u00fdmi tvary, interaktivn\u00edmi metodami a\u00a0r\u016fzn\u00fdmi performativn\u00edmi prvky. A\u010dkoliv setk\u00e1n\u00ed trvala p\u0159ibli\u017en\u011b t\u0159i hodiny a&nbsp;aktivity p\u0159i nich byly sestaveny tak, aby se st\u0159\u00eddala intelektu\u00e1ln\u00ed \u010dinnost, emo\u010dn\u00ed pro\u017e\u00edv\u00e1n\u00ed, pohyb i\u00a0relaxace. Sna\u017eily jsme se vytvo\u0159it prostor pro zapojen\u00ed, kter\u00fd respektoval, \u017ee ka\u017ed\u00e1 \u00fa\u010dastnice do n\u011bj vstupovala s\u00a0odli\u0161n\u00fdm nalad\u011bn\u00edm, v\u00a0jin\u00e9 fyzick\u00e9 a\u00a0psychick\u00e9 kondici a\u00a0\u010dasto i\u00a0s\u00a0r\u016fzn\u00fdmi osobn\u00edmi \u017eivotn\u00edmi v\u00fdzvami.<\/p>\r\n<p>Program pro mnoh\u00e9 \u00fa\u010dastnice p\u0159edstavoval nejen mo\u017enost soust\u0159ed\u011bn\u00e9ho pro\u017eitku um\u011bn\u00ed, ale i\u00a0prostor pro regeneraci. Jak shrnula V\u00e2n Tr\u1ea7n H\u1ed3ng: \u201eProgram m\u011b nab\u00edjel i\u00a0v\u00a0dob\u011b, kdy jsem m\u011bla m\u00e1lo energie, a\u00a0poskytoval mi prostor pro vystoupen\u00ed z\u00a0komfortn\u00ed z\u00f3ny.\u201c Podobn\u011b Adriana Bielkov\u00e1 reflektovala konkr\u00e9tn\u00ed cvi\u010den\u00ed: \u201eNajviac mi sadli posledn\u00e9 stretnutia s\u00a0konkr\u00e9tnymi cvi\u010deniami, z\u00a0ktor\u00fdch som v\u017edy odch\u00e1dzala nabit\u00e1 energiou, aj ke\u010f som pri\u0161la unaven\u00e1 alebo trochu sklesl\u00e1.\u201c Alena Kun\u010d\u00edkov\u00e1 doplnila svou motivaci k\u00a0\u00fa\u010dasti: \u201eDo \u0160PAM jsem se p\u0159ihl\u00e1sila, abych ve slo\u017eit\u00e9m \u017eivotn\u00edm obdob\u00ed p\u0159i\u0161la na jin\u00e9 my\u0161lenky\u00a0\u2013 doufala jsem v\u00a0uzdravuj\u00edc\u00ed s\u00edlu um\u011bn\u00ed.\u201c<\/p>\r\n<p>Program vedly Alena Kotyza, eduk\u00e1torka N\u00e1rodn\u00ed galerie v&nbsp;Praze, a&nbsp;Nikola Ludlov\u00e1, koordin\u00e1torka pro inkluzi a&nbsp;udr\u017eitelnost Spole\u010dnosti Jind\u0159icha Chalupeck\u00e9ho. Jejich role spo\u010d\u00edvala zejm\u00e9na ve facilitaci \u2013 v&nbsp;dr\u017een\u00ed struktury a&nbsp;bezpe\u010dn\u00e9ho r\u00e1mce bez opanov\u00e1n\u00ed prostoru a&nbsp;potla\u010dov\u00e1n\u00ed spont\u00e1nn\u00edch proces\u016f a&nbsp;iniciativ skupiny. \u00da\u010dastnice oce\u0148ovaly, \u017ee facilit\u00e1torky dok\u00e1zaly vytvo\u0159it podporuj\u00edc\u00ed prost\u0159ed\u00ed. V\u00e2n Tr\u1ea7n H\u1ed3ng za sebe shrnula, jak vn\u00edmala veden\u00ed i&nbsp;strukturu programu: \u201eProgram m\u011bl jasnou strukturu a\u00a0mantinely, p\u0159itom facilit\u00e1torky p\u016fsobily podp\u016frn\u011b, \u010d\u00edm\u017e vznikl prostor pro na\u0161e vlastn\u00ed p\u0159\u00edsp\u011bvky a\u00a0n\u00e1zory. Pestrost aktivit, kombinace individu\u00e1ln\u00ed pr\u00e1ce a\u00a0pr\u00e1ce ve skupin\u00e1ch byly velmi p\u0159\u00ednosn\u00e9. Velmi oce\u0148uji p\u0159\u00e1telskou a\u00a0bezpe\u010dnou atmosf\u00e9ru, kterou facilit\u00e1torky vytv\u00e1\u0159ely, a\u00a0mo\u017enost pracovat s\u00a0r\u016fzn\u00fdmi lidmi.\u201c Podobn\u011b Ji\u0159ina \u0160ediv\u00e1 dodala: \u201eD\u00edky veden\u00ed lektorek se poda\u0159ilo nastolit uvoln\u011bnou atmosf\u00e9ru a\u00a0rozpt\u00fdlit prvotn\u00ed nejistotu, jak art meditaci uchopit.\u201c<\/p>\r\n<p><strong>Skupina, kter\u00e1 d\u00e1v\u00e1 smysl<br \/>\r\n<\/strong>Sebeprecizn\u011bji navr\u017een\u00fd program by ale nemohl fungovat bez aktivn\u00ed \u00fa\u010dasti a\u00a0motivace samotn\u00fdch \u00fa\u010dastnic. Pr\u00e1v\u011b skupina se uk\u00e1zala jako jeden z\u00a0nejsiln\u011bj\u0161\u00edch moment\u016f programu\u00a0\u2013 jej\u00ed v\u011bkov\u00e1, profesn\u00ed i\u00a0\u017eivotn\u00ed rozmanitost byla z\u00e1sadn\u00ed. Setk\u00e1valy se zde \u017eeny r\u016fzn\u00e9ho v\u011bku, kulturn\u00edho z\u00e1zem\u00ed, z\u00a0r\u016fzn\u00fdch profesn\u00edch oblast\u00ed, s\u00a0v\u00fdtvarn\u00fdm \u010di um\u011bnov\u011bdn\u00fdm vzd\u011bl\u00e1n\u00edm i\u00a0bez n\u011bj. Pr\u00e1v\u011b tato r\u016fznorodost a\u00a0mezigenera\u010dn\u00ed v\u00fdm\u011bna umo\u017e\u0148ovaly sd\u00edlen\u00ed mnoha perspektiv a\u00a0vytv\u00e1\u0159ely prost\u0159ed\u00ed, v\u00a0n\u011bm\u017e bylo mo\u017en\u00e9 u\u010dit se jedna od druh\u00e9.<\/p>\r\n<p>Aspekt rozmanitosti oce\u0148ovaly v\u0161echny \u00fa\u010dastnice. \u201eNejv\u00edce m\u011b oslovilo propojen\u00ed generac\u00ed, tedy senior\u016f a&nbsp;mlad\u00fdch lid\u00ed. Setk\u00e1v\u00e1n\u00ed s&nbsp;mlad\u0161\u00ed generac\u00ed m\u011b velmi nab\u00edjelo a&nbsp;bylo pro m\u011b radostn\u00e9 vid\u011bt, jac\u00ed mlad\u00ed lid\u00e9 jsou. Dalo mi to pocit, \u017ee sv\u011bt bude i&nbsp;nad\u00e1le kr\u00e1sn\u00fdm a&nbsp;dobr\u00fdm m\u00edstem,\u201c \u0159\u00edk\u00e1 Marcela Capou\u0161kov\u00e1. \u201eVe skupin\u011b vznikla \u00fa\u017easn\u00e1 tv\u016fr\u010d\u00ed energie. V\u011bk \u00fa\u010dastnic nehr\u00e1l \u017e\u00e1dnou roli. Konfrontovat se s&nbsp;t\u00edm, \u017ee ka\u017ed\u00e1 z&nbsp;n\u00e1s vn\u00edm\u00e1 konkr\u00e9tn\u00ed d\u00edlo \u00fapln\u011b jinak, bylo velmi obohacuj\u00edc\u00ed,\u201c hodnot\u00ed svou zku\u0161enost Ji\u0159ina \u0160ediv\u00e1. \u201eHodn\u011b\u00a0m\u011b povzbudilo, jak jsme se tu se\u0161ly ka\u017ed\u00e1 jin\u00e1, v\u00a0jin\u00e9m v\u011bku a\u00a0s\u00a0jin\u00fdmi zku\u0161enostmi. Pr\u00e1v\u011b ta r\u016fznorodost mi p\u0159i\u0161la fantastick\u00e1,\u201c dod\u00e1v\u00e1 \u0160\u00e1rka Brabcov\u00e1.<\/p>\r\n<p>Pocit soun\u00e1le\u017eitosti a\u00a0bezpe\u010d\u00ed se uk\u00e1zal jako nezbytn\u00e1 podm\u00ednka pro tento typ sebezku\u0161enostn\u00ed a\u00a0skupinov\u00e9 pr\u00e1ce. Bez n\u011bj by individu\u00e1ln\u00ed zapojen\u00ed a\u00a0vz\u00e1jemn\u00e9 propojen\u00ed nebyly mo\u017en\u00e9, jak vypl\u00fdv\u00e1 ze sd\u00edlen\u00ed Sofie Ljubo\u0148ky: \u201eNejv\u00edce m\u011b bavily \u010d\u00e1sti programu, kdy jsme se dostaly k\u00a0hlub\u0161\u00edmu sd\u00edlen\u00ed a\u00a0spole\u010dn\u00e9 pr\u00e1ci, a\u00a0postupn\u011b jsem se v\u00a0kolektivu\u00a0c\u00edtila jist\u011bji. D\u00edky tomu, \u017ee jsme se ka\u017ed\u00e1<br \/>\r\nkreativn\u011b vyj\u00e1d\u0159ily a\u00a0sv\u00e9 v\u00fdstupy sd\u00edlely, m\u00e1m pocit, \u017ee n\u00e1s to navz\u00e1jem opravdu propojilo.\u201c<\/p>\r\n<p><strong>Kdy\u017e se div\u00e1k st\u00e1v\u00e1 \u00fa\u010dastn\u00edkem<br \/>\r\n<\/strong>Mnoho lid\u00ed vstupuje do galerie s&nbsp;obavami, \u017ee nemaj\u00ed dost znalost\u00ed nebo neovl\u00e1daj\u00ed spr\u00e1vn\u00fd jazyk, aby mohli o&nbsp;um\u011bn\u00ed mluvit. Jedn\u00edm z&nbsp;hlavn\u00edch c\u00edl\u016f art mediace je tyto bari\u00e9ry odbour\u00e1vat a&nbsp;posilovat d\u016fv\u011bru ve vlastn\u00ed vn\u00edm\u00e1n\u00ed.<\/p>\r\n<p>Participativn\u00ed art mediace m\u00e1 efekt nejen na chov\u00e1n\u00ed absolventek \u0160PAM ve v\u00fdstav\u00e1ch \u2013 t\u00edm, \u017ee umo\u017e\u0148uje intimn\u011bj\u0161\u00ed a\u00a0otev\u0159en\u011bj\u0161\u00ed p\u0159istupov\u00e1n\u00ed k\u00a0d\u00edl\u016fm, ale tak\u00e9 m\u011bn\u00ed jejich postoj v\u016f\u010di odborn\u00e9 mediaci. Lid\u00e9 se na \u017eiv\u00fdch programech c\u00edt\u00ed v\u00edce jako \u00fa\u010dastn\u00edci dialogu ne\u017e jako pasivn\u00ed konzumenti obsahu, kter\u00fd pro n\u011b p\u0159ipravuje profesion\u00e1l. \u0160\u00e1rka Brabcov\u00e1 tuto zku\u0161enost popisuje slovy: \u201eSetk\u00e1n\u00ed s\u00a0art mediac\u00ed mi otev\u0159elo o\u010di a\u00a0zm\u011bnilo to zp\u016fsob, jak\u00fdm dnes chod\u00edm na v\u00fdstavy. Uv\u011bdomila jsem si, \u017ee k\u00a0um\u011bn\u00ed m\u016f\u017eu m\u00edt sv\u016fj vlastn\u00ed postoj a\u00a0m\u00edt na n\u011bj i\u00a0vlastn\u00ed n\u00e1zor, ani\u017e bych musela b\u00fdt nutn\u011b \u0161kolen\u00e1 nebo zn\u00e1t p\u0159esn\u00e9 styly, informace od kur\u00e1tor\u016f \u010di v\u0161e, co se b\u011b\u017en\u011b ur\u010duje do, \u0161katulek\u2018.\u201c Popisuje tak\u00e9 pocit osvobozen\u00ed, kter\u00fd p\u0159ich\u00e1zel s\u00a0jej\u00ed rostouc\u00ed d\u016fv\u011brou ve vlastn\u00ed kompetence jako art medi\u00e1torky: \u201ePostupn\u011b jsem se p\u0159estala b\u00e1t j\u00edt se sv\u00fdm vlastn\u00edm vn\u00edm\u00e1n\u00edm ven, nejd\u0159\u00edv v\u00a0kolektivu a\u00a0pozd\u011bji i\u00a0p\u0159ed ve\u0159ejnost\u00ed.\u201c<\/p>\r\n<p>Podstatou a\u00a0jakousi jiskrou t\u011bchto setk\u00e1n\u00ed bylo p\u0159ich\u00e1zen\u00ed do kontaktu s\u00a0vlastn\u00ed p\u0159edstavivost\u00ed, citlivost\u00ed a\u00a0kreativitou i\u00a0t\u011bch druh\u00fdch. Vyjevilo se, co n\u00e1s spojuje a\u00a0v\u00a0\u010dem jsme jedine\u010dn\u00ed. \u201eUv\u011bdomila jsem si, \u017ee art mediace je zp\u016fsob, jak s\u00a0lidmi sd\u00edlet r\u016fzn\u00e9 zp\u016fsoby vn\u00edm\u00e1n\u00ed um\u011bn\u00ed, a\u00a0\u017ee se vlastn\u00edho pohledu nemus\u00edm b\u00e1t,\u201c shrnuje Alena Prose\u010dov\u00e1. \u201eNejde o\u00a0to n\u011bco se nau\u010dit a\u00a0pak to n\u011bkomu vysv\u011btlovat, ale ujistit lidi, \u017ee to, co c\u00edt\u00ed a\u00a0vn\u00edmaj\u00ed, je v\u00a0po\u0159\u00e1dku.\u201c<\/p>\r\n<p>Podobn\u011b Franti\u0161ka Kindlerov\u00e1 zd\u016fraz\u0148uje hodnotu otev\u0159enosti a\u00a0sd\u00edlen\u00ed r\u016fzn\u00fdch pohled\u016f: \u201eSetk\u00e1n\u00ed byla velmi p\u0159\u00edjemn\u00e1 a\u00a0umo\u017enila mi reflektovat m\u016fj vlastn\u00ed p\u0159\u00edstup k\u00a0um\u011bn\u00ed. I\u00a0kdy\u017e program neobsahoval v\u0161echny prvky, na kter\u00e9 jsem zvykl\u00e1 (a\u00a0kter\u00e9 za b\u011b\u017en\u00fdch okolnost\u00ed up\u0159ednost\u0148uji), nap\u0159\u00edklad samostatn\u00e9 v\u00fdtvarn\u00e9 \u010dinnosti, pr\u00e1v\u011b otev\u0159enost a\u00a0mo\u017enost sd\u00edlen\u00ed r\u016fzn\u00fdch pohled\u016f pova\u017euji za jeho nejv\u011bt\u0161\u00ed hodnotu.\u201c<\/p>\r\n<p><strong>Od div\u00e1k\u016f k\u00a0art medi\u00e1tor\u016fm<\/strong><br \/>\r\nVyvrcholen\u00edm programu \u0160koly participativn\u00ed art mediace byly ve\u0159ejn\u00e9 komentovan\u00e9 prohl\u00eddky v\u00fdstav Cena Jind\u0159icha Chalupeck\u00e9ho 2025 a\u00a0zahrani\u010dn\u00ed hostky Kinke Kooi, b\u011bhem nich\u017e absolventky p\u0159edstavily vlastn\u00ed artmedia\u010dn\u00ed p\u0159\u00edstupy. N\u00e1v\u0161t\u011bvn\u00edci m\u011bli mo\u017enost za\u017e\u00edt rozmanit\u00e9 zp\u016fsoby zprost\u0159edkov\u00e1n\u00ed\u00a0\u2013<br \/>\r\nod osobn\u00edch v\u00fdklad\u016f, dialogick\u00fdch koment\u00e1\u0159\u016f, performativn\u00edch, meditativn\u00edch i\u00a0zcela p\u0159iznan\u011b spekulativn\u00edch vstup\u016f a\u017e po participativn\u00ed aktivity, kter\u00e9 zapojovaly publikum do spole\u010dn\u00e9ho objevov\u00e1n\u00ed v\u00fdstav. Prohl\u00eddky se konaly ve dnech 6.&nbsp;a\u00a011.\u00a0ledna\u00a02026 a\u00a0setkaly se s\u00a0velmi pozitivn\u00edm ohlasem. Potvrdily, \u017ee o\u00a0tento typ program\u016f je mezi ve\u0159ejnost\u00ed z\u00e1jem a\u00a0\u017ee participativn\u00ed p\u0159\u00edstup dok\u00e1\u017ee oslovit i\u00a0lidi, kte\u0159\u00ed b\u011b\u017en\u011b na komentovan\u00e9 prohl\u00eddky nechod\u00ed.<\/p>\r\n<p>Pilotn\u00ed ro\u010dn\u00edk \u0160koly participativn\u00ed art mediace lze jak na z\u00e1klad\u011b vlastn\u00edho hodnocen\u00ed facilit\u00e1torek, tak zp\u011btn\u00e9 vazby \u00fa\u010dastnic hodnotit jako velmi \u00fasp\u011b\u0161n\u00fd. Ukazuje, \u017ee galerie m\u016f\u017ee b\u00fdt m\u00edstem, kde se propojuje um\u011bn\u00ed, p\u00e9\u010de, dialog i&nbsp;komunitn\u00ed \u017eivot. P\u0159in\u00e1\u0161\u00ed prostor pro zpomalen\u00ed, soust\u0159ed\u011bn\u00ed a&nbsp;sd\u00edlen\u00ed, kter\u00e9 jsou v&nbsp;dne\u0161n\u00ed dob\u011b st\u00e1le cenn\u011bj\u0161\u00ed. A&nbsp;z\u00e1rove\u0148 p\u0159ipom\u00edn\u00e1, \u017ee vztah k&nbsp;um\u011bn\u00ed m\u016f\u017ee b\u00fdt osobn\u00ed, otev\u0159en\u00fd a&nbsp;radostn\u00fd \u2013 bez obav, bez spr\u00e1vn\u00fdch odpov\u011bd\u00ed, zato s&nbsp;chut\u00ed objevovat.\u00a0<\/p>\r\n<hr \/>\r\n<p><span style=\"color: #0000ff;\"><strong>Art mediace v&nbsp;roce 2026<\/strong><\/span><\/p>\r\n<p>Na program nav\u00e1\u017ee s\u00e9rie tematick\u00fdch setk\u00e1n\u00ed ve st\u00e1l\u00fdch expozic\u00edch NGP ve Veletr\u017en\u00edm pal\u00e1ci. Setk\u00e1n\u00ed budou prob\u00edhat v\u017edy od 14 do 17 hodin, \u00fa\u010dast bude nutn\u00e9 si p\u0159edem rezervovat. Aktu\u00e1ln\u00ed informace budou k\u00a0dispozici na webu NGP.<\/p>\r\n<p>Term\u00edny pl\u00e1novan\u00fdch art mediac\u00ed v&nbsp;roce 2026: 19.&nbsp;4., 23.&nbsp;5., 14.&nbsp;6., 13.&nbsp;9., 18.\u00a010.&nbsp;a\u00a022.\u00a011.<br \/>\r\n\u2192\u00a0<a href=\"http:\/\/www.ngprague.cz\">www.ngprague.cz<\/a><\/p>","protected":false},"excerpt":{"rendered":"[perex] Jak dnes mluvit o&nbsp;um\u011bn\u00ed tak, aby bylo srozumiteln\u00e9 a&nbsp;z\u00e1rove\u0148 si zachovalo svou otev\u0159enost a&nbsp;schopnost oslovovat r\u016fzn\u00e9 lidi? Jak vytvo\u0159it prost\u0159ed\u00ed, kde n\u00e1v\u0161t\u011bvn\u00edci nejsou jen pasivn\u00edmi poslucha\u010di v\u00fdkladu, ale aktivn\u00edmi \u00fa\u010dastn\u00edky, kte\u0159\u00ed mohou p\u0159em\u00fd\u0161let, pt\u00e1t se, sd\u00edlet a&nbsp;hledat vlastn\u00ed vztah k&nbsp;tomu, co vid\u00ed? A&nbsp;jak m\u016f\u017ee galerie fungovat nejen jako m\u00edsto prezentace um\u011bn\u00ed, ale tak\u00e9 jako [&hellip;]","protected":false},"author":76,"featured_media":90174,"comment_status":"closed","ping_status":"open","sticky":false,"template":"","format":"standard","meta":[],"categories":[37],"tags":[],"_links":{"self":[{"href":"https:\/\/www.praha7.cz\/api\/wp\/v2\/posts\/90170"}],"collection":[{"href":"https:\/\/www.praha7.cz\/api\/wp\/v2\/posts"}],"about":[{"href":"https:\/\/www.praha7.cz\/api\/wp\/v2\/types\/post"}],"author":[{"embeddable":true,"href":"https:\/\/www.praha7.cz\/api\/wp\/v2\/users\/76"}],"replies":[{"embeddable":true,"href":"https:\/\/www.praha7.cz\/api\/wp\/v2\/comments?post=90170"}],"version-history":[{"count":2,"href":"https:\/\/www.praha7.cz\/api\/wp\/v2\/posts\/90170\/revisions"}],"predecessor-version":[{"id":90175,"href":"https:\/\/www.praha7.cz\/api\/wp\/v2\/posts\/90170\/revisions\/90175"}],"wp:featuredmedia":[{"embeddable":true,"href":"https:\/\/www.praha7.cz\/api\/wp\/v2\/media\/90174"}],"wp:attachment":[{"href":"https:\/\/www.praha7.cz\/api\/wp\/v2\/media?parent=90170"}],"wp:term":[{"taxonomy":"category","embeddable":true,"href":"https:\/\/www.praha7.cz\/api\/wp\/v2\/categories?post=90170"},{"taxonomy":"post_tag","embeddable":true,"href":"https:\/\/www.praha7.cz\/api\/wp\/v2\/tags?post=90170"}],"curies":[{"name":"wp","href":"https:\/\/api.w.org\/{rel}","templated":true}]}}