    
{"id":90163,"date":"2026-03-09T12:32:10","date_gmt":"2026-03-09T11:32:10","guid":{"rendered":"https:\/\/www.praha7.cz\/?p=90163"},"modified":"2026-03-09T12:41:55","modified_gmt":"2026-03-09T11:41:55","slug":"za-kulturou-bez-barier","status":"publish","type":"post","link":"https:\/\/www.praha7.cz\/za-kulturou-bez-barier\/","title":{"rendered":"Za kulturou bez bari\u00e9r"},"content":{"rendered":"<p>[perex]<br \/>\r\nNov\u00e1 rubrika navazuje na text <a href=\"https:\/\/www.praha7.cz\/kultura-jako-sdilena-zkusenost\/\">Kultura jako sd\u00edlen\u00e1 zku\u0161enost<\/a>, kter\u00fd vy\u0161el v\u00a0lo\u0148sk\u00e9m roce na str\u00e1nk\u00e1ch Hobuletu (z\u00e1\u0159\u00ed\u00a02025). Pro divadla, galerie, muzea i\u00a0dal\u0161\u00ed instituce je d\u016fle\u017eit\u00e9, aby si u\u00a0nich kulturn\u00ed z\u00e1\u017eitek mohl u\u017e\u00edt ka\u017ed\u00fd bez rozd\u00edlu. P\u0159izp\u016fsobuj\u00ed sv\u016fj program \u010di prostory tak, aby byly p\u0159\u00edstupn\u00e9 i\u00a0div\u00e1k\u016fm s\u00a0omezen\u00edm zraku, sluchu nebo pohybu. Sna\u017e\u00ed se, aby n\u00e1v\u0161t\u011bva prob\u00edhala co nejp\u0159\u00edjemn\u011bji a\u00a0nejjednodu\u0161eji. Budeme v\u00e1s zv\u00e1t na takov\u00e9 akce, kter\u00e9 n\u011bjak\u00fdm zp\u016fsobem bouraj\u00ed div\u00e1ck\u00e9 bari\u00e9ry. Sou\u010d\u00e1st\u00ed rubriky je nav\u00edc sloupek (Bez)bari\u00e9ry, kde p\u0159edstav\u00edme kulturn\u00ed instituce Prahy&nbsp;7 z\u00a0pohledu p\u0159\u00edstupnosti pro h\u016f\u0159e mobiln\u00ed milovn\u00edky kultury.<\/p>\r\n<p>[\/perex]\u00a0<br \/>\r\n<br \/>\r\n<strong>Parent friendly: Hlubiny v\u00a0Alfredu<\/strong><\/p>\r\n<p><a href=\"https:\/\/linktr.ee\/parentfriendlyculture\">Parent-Friendly Culture<\/a> je platforma upozor\u0148uj\u00edc\u00ed na bari\u00e9ry v&nbsp;kulturn\u00edm provozu, je\u017e mnoha rodi\u010d\u016fm mal\u00fdch d\u011bt\u00ed znemo\u017e\u0148uj\u00ed plnohodnotnou \u00fa\u010dast na spole\u010densk\u00e9m \u017eivot\u011b. Vznikla v&nbsp;roce 2023 z&nbsp;iniciativy kulturn\u00edho centra Studio Alta. Platforma nab\u00edz\u00ed p\u0159edstaven\u00ed s&nbsp;d\u0159\u00edv\u011bj\u0161\u00edm za\u010d\u00e1tkem a&nbsp;bezplatn\u00e9 hl\u00edd\u00e1n\u00ed d\u011bt\u00ed \u010di zakl\u00e1d\u00e1 podp\u016frn\u00e9 skupiny na WhatsAppu a&nbsp;Facebooku. Pravideln\u00fd Parent Friendly program se nyn\u00ed kon\u00e1 t\u0159eba pr\u00e1v\u011b ve Studiu Alta nebo v&nbsp;Divadle v&nbsp;Dlouh\u00e9, na Sedmi\u010dce pak ve Studiu Hrdin\u016f a&nbsp;Alfredu ve dvo\u0159e.<\/p>\r\n<p>V\u00a0r\u00e1mci t\u00e9to iniciativy odehraj\u00ed ve st\u0159edu 25.\u00a0b\u0159ezna radik\u00e1lov\u00e9 nonverb\u00e1ln\u00edho divadla Wariot Ideal p\u0159edstaven\u00ed Hlubiny. Za\u010d\u00e1tek p\u0159edstaven\u00ed je v\u00a0Alfredu ve dvo\u0159e ji\u017e v\u00a018 hodin. V\u00a0Hlubin\u00e1ch se divadeln\u00edci rozhodli sed\u0159\u00edt folklor a\u017e na kost a\u00a0ohledat ko\u0159eny ritu\u00e1lu. P\u0159edv\u00e1d\u011bj\u00ed \u201elidov\u011b\u201c vyhl\u00ed\u017eej\u00edc\u00ed ritu\u00e1ly, obrazy snov\u00e9 a\u00a0t\u011b\u017eko interpretovan\u00e9, z\u00e1rove\u0148 v\u0161ak siln\u00e9, p\u0159ekvapiv\u00e9 a\u00a0vtahuj\u00edc\u00ed.<\/p>\r\n<p>Jak to prob\u00edh\u00e1?<\/p>\r\n<p>V praxi jde o&nbsp;to, \u017ee do Alfreda m\u016f\u017eete p\u0159ij\u00edt na p\u0159edstaven\u00ed pro dosp\u011bl\u00e9 div\u00e1ky i&nbsp;s&nbsp;d\u011btmi. Zat\u00edmco budete sledovat divadlo, o&nbsp;va\u0161e d\u011bti se postar\u00e1 dvojice zku\u0161en\u00fdch pr\u016fvodc\u016f, s&nbsp;nimi\u017e v&nbsp;Alfredu spolupracuj\u00ed od roku 2023. M\u00edsto pro hl\u00edd\u00e1n\u00ed d\u011bt\u00ed bude na studiov\u00e9 sc\u00e9n\u011b v&nbsp;budov\u011b divadla. B\u011bhem p\u0159edstaven\u00ed budou m\u00edt d\u011bti p\u0159ipraven\u00e9 interaktivn\u00ed aktivity a&nbsp;hry, kter\u00e9 rozv\u00edjej\u00ed jejich kreativn\u00ed potenci\u00e1l a&nbsp;schopnosti komunikace s&nbsp;dal\u0161\u00edmi d\u011btmi ve skupin\u011b. D\u011bti je mo\u017en\u00e9 sv\u011b\u0159it do hl\u00edd\u00e1n\u00ed od 17.15 (nejpozd\u011bji v\u0161ak v&nbsp;17.45) a&nbsp;v&nbsp;p\u00e9\u010di pr\u016fvodc\u016f z\u016fstanou a\u017e do konce p\u0159edstaven\u00ed, s&nbsp;mo\u017enost\u00ed prodlou\u017eit hl\u00edd\u00e1n\u00ed do 19.30. Hl\u00edd\u00e1n\u00ed je bezplatn\u00e9, je mo\u017en\u00e9 sv\u011b\u0159it d\u011bti ve v\u011bkov\u00e9m rozmez\u00ed 2\u20138 let. Kapacita je omezena na 10 d\u011bt\u00ed, proto je pot\u0159eba dop\u0159edu vyplnit registra\u010dn\u00ed formul\u00e1\u0159, kter\u00fd najdete na webov\u00fdch str\u00e1nk\u00e1ch divadla. Jedinou podm\u00ednkou pro \u00fasp\u011b\u0161nou rezervaci je zakoupen\u00ed vstupenky na p\u0159edstaven\u00ed (pro sebe, o&nbsp;d\u011bti je postar\u00e1no zdarma). S&nbsp;dotazy se nev\u00e1hejte obr\u00e1tit na t\u00fdm Alfredu ve dvo\u0159e \u2013 Adam Posp\u00ed\u0161il (adam@alfredvedvore.cz; 607&nbsp;539&nbsp;713).\u00a0<br \/>\r\n\u2192 <a href=\"http:\/\/www.alfredvedvore.cz\">www.alfredvedvore.cz<\/a><\/p>\r\n<hr \/>\r\n<p><strong>Bez titulk\u016f i&nbsp;s&nbsp;titulky<\/strong><\/p>\r\n<p>Nejenom Praha&nbsp;7, ale cel\u00e1 metropole je pln\u00e1 lid\u00ed, kte\u0159\u00ed jsou dnes ozna\u010dov\u00e1ni za expaty. Ne ka\u017ed\u00fd z&nbsp;nich ovl\u00e1d\u00e1 \u010de\u0161tinu na takov\u00e9 \u00farovni, aby si troufl vyrazit do klasick\u00e9ho divadla. Pokud to nen\u00ed zrovna fanou\u0161ek nonverb\u00e1ln\u00edch p\u0159edstaven\u00ed a&nbsp;jeho jazykem je angli\u010dtina, m\u00e1 mo\u017enost hledat v&nbsp;programu hry obvykle ozna\u010den\u00e9 \u201ewith English subtitles\u201c nebo \u201eEnglish friendly\u201c. \u201e\u010casto se n\u00e1m st\u00e1v\u00e1, \u017ee se lid\u00e9 ptaj\u00ed, zda ve Studiu Hrdin\u016f uv\u00e1d\u00edme p\u0159edstaven\u00ed s&nbsp;titulky. Nen\u00ed to u&nbsp;n\u00e1s standard, ale sna\u017e\u00edme se do programu za\u0159azovat i&nbsp;titulkovan\u00e9 repr\u00edzy. Z\u00e1jem o&nbsp;n\u011b je a&nbsp;p\u0159iv\u00e1d\u00ed n\u00e1m to nov\u00e9 div\u00e1ky, kte\u0159\u00ed by jinak kv\u016fli jazykov\u00e9 bari\u00e9\u0159e na p\u0159edstaven\u00ed ne\u0161li,\u201c ned\u00e1vno pro Hobulet uvedla Anna M\u00e1\u0161ov\u00e1 ze Studia Hrdin\u016f. V&nbsp;b\u0159eznu m\u00e1 Studio Hrdin\u016f na programu:<\/p>\r\n<p><em><strong>2.&nbsp;3., 23.&nbsp;3.&nbsp;a&nbsp;24.&nbsp;3.&nbsp;20.00 tane\u010dn\u00ed p\u0159edstaven\u00ed Trap\u00e9za\u00a0<\/strong><\/em><br \/>\r\nEnglish friendly<\/p>\r\n<p><em><strong>4.&nbsp;3.&nbsp;20.00 tane\u010dn\u00ed p\u0159edstaven\u00ed Fatamorgana\u00a0<\/strong><\/em><br \/>\r\nno language barrier \/ beze slov<\/p>\r\n<p><em><strong>19.&nbsp;3.&nbsp;20.00 pohybov\u00e9 p\u0159edstaven\u00ed Z\u00e1kon \u0159ady\u00a0<\/strong><\/em><br \/>\r\nno language barrier \/ beze slov<\/p>\r\n<p><em><strong>26.&nbsp;3.&nbsp;20.00 p\u0159edstaven\u00ed Romanticky rozpra\u0161uji vlastn\u00ed popel\u00a0<\/strong><\/em><br \/>\r\ns&nbsp;anglick\u00fdmi titulky\u00a0<br \/>\r\n\u2192\u00a0<a href=\"http:\/\/www.studiohrdinu.cz\">www.studiohrdinu.cz<\/a><\/p>\r\n<hr \/>\r\n<p><strong>Dance Well lekce<\/strong><br \/>\r\nOzdravn\u00e1 s\u00edla tance pro ka\u017ed\u00e9 t\u011blo, bez ohledu na v\u011bk, zku\u0161enosti \u010di fyzick\u00e9 mo\u017enosti. Pravideln\u00e1 tane\u010dn\u00ed setk\u00e1n\u00ed otev\u00edraj\u00ed prostor lidem, kter\u00fdm do \u017eivota vstoupila Parkinsonova choroba nebo jin\u00e1 pohybov\u00e1 omezen\u00ed. Jsou pozv\u00e1nkou k&nbsp;p\u00e9\u010di o&nbsp;sebe sama, k&nbsp;radosti z&nbsp;pohybu a&nbsp;k&nbsp;pro\u017eitku soun\u00e1le\u017eitosti tady a&nbsp;te\u010f. Lekce vede t\u00fdm zku\u0161en\u00fdch profesion\u00e1ln\u00edch um\u011blky\u0148 a&nbsp;um\u011blc\u016f vy\u0161kolen\u00fdch v&nbsp;r\u00e1mci mezin\u00e1rodn\u00edho projektu Dance Well: C\u00e9cile da Costa, Barbora L\u00e1talov\u00e1, Mark\u00e9ta Perroud, Hana Polansk\u00e1, Mark\u00e9ta Vacovsk\u00e1 a\u00a0Roman Zotov-Mikshin. Lekce\u00a0Dance Well po\u0159\u00e1d\u00e1 DanceConnected\u00a0ve spolupr\u00e1ci s\u00a0N\u00e1rodn\u00ed galeri\u00ed v\u00a0Praze. Konaj\u00ed se hned za \u0159ekou v\u00a0sousedn\u00ed Praze 1 ve Slavnostn\u00edm s\u00e1le Kl\u00e1\u0161tera sv. Ane\u017eky \u010cesk\u00e9 kousek od Dvo\u0159\u00e1kova n\u00e1b\u0159e\u017e\u00ed\u00a0(U\u00a0Milosrdn\u00fdch 17, Praha 1).<\/p>\r\n<p>V p\u0159\u00edpad\u011b z\u00e1jmu o&nbsp;v\u00edce informac\u00ed o\u00a0projektu pi\u0161te na\u00a0dancewell@danceconnected.eu. Lekce za\u010d\u00ednaj\u00ed v\u017edy v\u00a010 hodin, trvaj\u00ed 60 minut a\u00a0jsou zdarma. Sou\u010d\u00e1st\u00ed programu nen\u00ed vstup<br \/>\r\ndo v\u00fdstavy. <em><strong>Term\u00edny: 17.&nbsp;3., 14.&nbsp;4., 12.&nbsp;5., 9.&nbsp;6.&nbsp;a&nbsp;8.&nbsp;9.\u00a0<\/strong><\/em><br \/>\r\n\u2192 <a href=\"http:\/\/www.ngprague.cz\">www.ngprague.cz<\/a><br \/>\r\n<br \/>\r\n<\/p>\r\n<p><a href=\"https:\/\/www.praha7.cz\/za-kulturou-bez-barier\/dopln%e2%95%a0iuji%e2%95%a0uci%e2%95%a0u-foto-do-kultury-2-0_dance-well\/\" rel=\"attachment wp-att-90166\"><img loading=\"lazy\" src=\"https:\/\/www.praha7.cz\/wp-content\/uploads\/2026\/03\/dopln\u2560iuji\u2560uci\u2560u-foto-do-kultury-2.0_Dance-Well-600x400.jpg\" alt=\"\" width=\"600\" height=\"400\" class=\"alignnone wp-image-90166 size-medium\" srcset=\"https:\/\/www.praha7.cz\/wp-content\/uploads\/2026\/03\/dopln\u2560iuji\u2560uci\u2560u-foto-do-kultury-2.0_Dance-Well-600x400.jpg 600w, https:\/\/www.praha7.cz\/wp-content\/uploads\/2026\/03\/dopln\u2560iuji\u2560uci\u2560u-foto-do-kultury-2.0_Dance-Well-1500x1000.jpg 1500w, https:\/\/www.praha7.cz\/wp-content\/uploads\/2026\/03\/dopln\u2560iuji\u2560uci\u2560u-foto-do-kultury-2.0_Dance-Well-768x512.jpg 768w, https:\/\/www.praha7.cz\/wp-content\/uploads\/2026\/03\/dopln\u2560iuji\u2560uci\u2560u-foto-do-kultury-2.0_Dance-Well-1536x1024.jpg 1536w, https:\/\/www.praha7.cz\/wp-content\/uploads\/2026\/03\/dopln\u2560iuji\u2560uci\u2560u-foto-do-kultury-2.0_Dance-Well.jpg 1813w\" sizes=\"(max-width: 600px) 100vw, 600px\" \/><\/a><br \/>\r\n<br \/>\r\n<\/p>\r\n<hr \/>\r\n<p><strong>Kocour a&nbsp;vlaky v&nbsp;\u010desk\u00e9m znakov\u00e9m jazyce<\/strong><\/p>\r\n<p>V\u00a0uplynul\u00e9m roce vznikl v\u00a0N\u00e1rodn\u00edm technick\u00e9m muzeu na Letn\u00e9 (NTM) vzd\u011bl\u00e1vac\u00ed program v\u00a0\u010desk\u00e9m znakov\u00e9m jazyce pro nesly\u0161\u00edc\u00ed d\u011bti a\u00a0rodiny s\u00a0d\u011btmi. \u201eV\u00a0minulosti jsme realizovali vzd\u011bl\u00e1vac\u00ed aktivity za pomoci tlumo\u010dn\u00edk\u016f, loni jsme se v\u0161ak v\u00a0p\u0159\u00edpad\u011b \u010desk\u00e9ho znakov\u00e9ho jazyka pokusili o\u00a0vytvo\u0159en\u00ed programu, kter\u00fd je veden zcela bez jazykov\u00e9 bari\u00e9ry, p\u0159\u00edmo v\u00a0\u010desk\u00e9m znakov\u00e9m jazyce,\u201c \u0159\u00edk\u00e1 Marie Markov\u00e1 z\u00a0NTM. Co znamenal objev parn\u00ed lokomotivy pro na\u0161e praprababi\u010dky a\u00a0praprad\u011bde\u010dky? Jak funguje parn\u00ed stroj? A\u00a0jak\u00e1 je role pr\u016fvod\u010d\u00edho a\u00a0v\u00fdprav\u010d\u00edho? Spolu s\u00a0lektory NTM v\u00e1s expozic\u00ed Dopravn\u00ed hala provede ply\u0161ov\u00fd kocour\u00a0\u2013 zv\u00eddav\u00fd pomocn\u00edk a\u00a0pr\u016fvodce. Hodinov\u00fd program NTM vede lektorka spole\u010dn\u011b se sv\u00fdm asistentem\/asistentkou v\u00a0\u010desk\u00e9m znakov\u00e9m jazyce. Program je vhodn\u00fd pro d\u011bti od 4 do 10 let a\u00a0maxim\u00e1ln\u00ed po\u010det d\u011bt\u00ed na jednu skupinu je 10. Cena vstupenky je 70&nbsp;K\u010d. Objednat se m\u016f\u017eete on-line na rezervace.ntm.cz nebo e-mailem na edukace@ntm.cz. \u201eD\u00edky grantov\u00e9 podpo\u0159e M\u010c Praha&nbsp;7 nevznikl pouze jeden program, ale tak\u00e9 skv\u011bl\u00e9 propojen\u00ed spolupracuj\u00edc\u00edch osobnost\u00ed, kter\u00e9 mohou postupn\u011b zp\u0159\u00edstupnit i\u00a0dal\u0161\u00ed n\u00e1rodn\u00ed kulturn\u00ed pam\u00e1tky, a\u00a0to pr\u00e1v\u011b v\u00a0N\u00e1rodn\u00edm technick\u00e9m muzeu. Letos si dovolujeme pozvat v\u0161echny u\u017eivatele \u010desk\u00e9ho znakov\u00e9ho jazyka na eduka\u010dn\u00ed program Kocour a\u00a0vlaky,\u201c uzav\u00edr\u00e1 Markov\u00e1.<br \/>\r\n\u2192 <a href=\"http:\/\/www.ntm.cz\">www.ntm.cz<\/a><\/p>\r\n<hr \/>\r\n<p><strong>\u00a0Hrajeme pro nejmen\u0161\u00ed<\/strong><\/p>\r\n<p>Studio Dam\u00faza se ji\u017e p\u0159ed deseti lety za\u010dala zab\u00fdvat inscenacemi pro nejmen\u0161\u00ed div\u00e1ky od deseti m\u011bs\u00edc\u016f do t\u0159\u00ed let. \u201eDivadlo pro batolata m\u00e1 sv\u00e1 specifika. B\u011bhem p\u0159edstaven\u00ed je pot\u0159eba p\u0159edev\u0161\u00edm navodit p\u0159\u00edjemnou, bezpe\u010dnou atmosf\u00e9ru, performe\u0159i mus\u00ed s&nbsp;div\u00e1ky verb\u00e1ln\u011b i&nbsp;neverb\u00e1ln\u011b komunikovat a&nbsp;mus\u00ed m\u00edt na pam\u011bti, \u017ee pro d\u011bti m\u016f\u017ee b\u00fdt n\u00e1v\u0161t\u011bva divadla t\u0159eba jedn\u00edm z&nbsp;prvn\u00edch soci\u00e1ln\u00edch kontakt\u016f nejen s&nbsp;um\u011blci, ale p\u0159edev\u0161\u00edm s&nbsp;v\u011bt\u0161\u00edm po\u010dtem vrstevn\u00edk\u016f. P\u0159edstaven\u00ed b\u00fdvaj\u00ed do ur\u010dit\u00e9 m\u00edry interaktivn\u00ed a&nbsp;nevy\u017eaduje se, aby b\u011bhem nich d\u011bti vydr\u017eely celou dobu na jednom m\u00edst\u011b. Hlavn\u00ed d\u011bjovou linkou neb\u00fdv\u00e1 p\u0159\u00edb\u011bh, ale s\u00e9rie r\u016fzn\u00fdch vjem\u016f \u2013 vizu\u00e1ln\u00edch, haptick\u00fdch, sluchov\u00fdch, ale t\u0159eba i&nbsp;\u010dichov\u00fdch. Jednoduch\u00e1 d\u011bjov\u00e1 linka je sp\u00ed\u0161e vod\u00edtkem pro dosp\u011bl\u00fd doprovod,\u201c \u0159ekla d\u0159\u00edve pro Hobulet Daniela Nachtmanov\u00e1, zakladatelka projektu KUK, v&nbsp;r\u00e1mci kter\u00e9ho Dam\u00faza po\u0159\u00e1d\u00e1 festivaly pro batolata. Na Sedmi\u010dce hraje Studio Dam\u00faza batolec\u00ed p\u0159edstaven\u00ed v&nbsp;Klubu Letka:<\/p>\r\n<p><em><strong>7.&nbsp;3.&nbsp;10.00 a&nbsp;11.30 Balalanc<\/strong><\/em><br \/>\r\n<em><strong>21.&nbsp;3.&nbsp;10.00 a&nbsp;11.30 Batosn\u011bn\u00ed<\/strong><\/em><br \/>\r\n\u2192 <a href=\"http:\/\/www.klubletka.cz\">www.klubletka.cz<\/a><\/p>\r\n<hr \/>\r\n<p><span style=\"color: #0000ff;\"><strong>(Bez)bari\u00e9ry<\/strong><\/span><br \/>\r\n<span style=\"color: #0000ff;\"><strong>Centrum sou\u010dasn\u00e9ho um\u011bn\u00ed DOX<\/strong><\/span><\/p>\r\n<p>Sou\u010dasn\u00e9 um\u011bn\u00ed by m\u011blo b\u00fdt p\u0159\u00edstupn\u00e9 v\u0161em \u2013 a&nbsp;Centrum sou\u010dasn\u00e9ho um\u011bn\u00ed DOX jde v&nbsp;tomto sm\u011bru p\u0159\u00edkladem. Pokud pomineme ikonickou vzducholo\u010f Gulliver, kter\u00e1 bezbari\u00e9rov\u00e1 nen\u00ed, jsou ostatn\u00ed prostory galerie n\u00e1v\u0161t\u011bvn\u00edk\u016fm s&nbsp;omezenou mobilitou pln\u011b p\u0159\u00edstupn\u00e9. Galerie nab\u00edz\u00ed bezbari\u00e9rov\u00fd vstup i&nbsp;pohyb po budov\u011b. Samoz\u0159ejmost\u00ed je bezbari\u00e9rov\u00e9 WC, sn\u00ed\u017een\u00fd pult na pokladn\u011b a&nbsp;tak\u00e9 prostorn\u00fd v\u00fdtah, kter\u00fd bez probl\u00e9m\u016f pojme osoby na voz\u00edku a&nbsp;doveze je a\u017e do nejvy\u0161\u0161\u00edch pater galerie. D\u00edky tomu si mohou n\u00e1v\u0161t\u011bvn\u00edci se sn\u00ed\u017eenou pohyblivost\u00ed vychutnat v\u00fdstavy ve v\u0161ech patrech bez nutnosti jak\u00e9hokoli omezen\u00ed nebo asistence. Prostory v\u00fdstav jsou tak\u00e9 propojeny rampami, kter\u00e9 umo\u017e\u0148uj\u00ed pohyb po galerii na voz\u00edku nebo s&nbsp;ko\u010d\u00e1rkem. Na bezbari\u00e9rov\u00e9m<br \/>\r\nWC je um\u00edst\u011bn p\u0159ebalovac\u00ed pult.<\/p>\r\n<p>Dob\u0159e je \u0159e\u0161en\u00fd tak\u00e9 samotn\u00fd p\u0159\u00edstup ke galerii. Zast\u00e1vka MHD Ortenovo n\u00e1m\u011bst\u00ed je bezbari\u00e9rov\u00e1 a\u00a0pravideln\u011b sem jezd\u00ed n\u00edzkopodla\u017en\u00ed tramvaje, co\u017e v\u00fdrazn\u011b usnad\u0148uje dopravu nejen lidem na voz\u00edku, ale i\u00a0senior\u016fm nebo rodi\u010d\u016fm s\u00a0ko\u010d\u00e1rky. Dostupnost toti\u017e nen\u00ed jen ot\u00e1zkou interi\u00e9ru, ale cel\u00e9 cesty n\u00e1v\u0161t\u011bvn\u00edka.<\/p>\r\n<p><strong>Novinka v\u00a0galerii: skl\u00e1dac\u00ed \u017eidli\u010dky pro pohodln\u011bj\u0161\u00ed prohl\u00eddku<br \/>\r\n<\/strong>Vedle bezbari\u00e9rovosti p\u0159ich\u00e1z\u00ed DOX tak\u00e9 s\u00a0drobnou, ale velmi praktickou novinkou, je\u017e pot\u011b\u0161\u00ed \u0159adu n\u00e1v\u0161t\u011bvn\u00edk\u016f. Nov\u011b jsou v\u00a0galerii k\u00a0dispozici speci\u00e1ln\u00ed lehk\u00e9 skl\u00e1dac\u00ed \u017eidli\u010dky ur\u010den\u00e9 pro ty, kte\u0159\u00ed se cht\u011bj\u00ed proj\u00edt v\u00fdstavn\u00edmi s\u00e1ly, ale v\u011bd\u00ed, \u017ee by celou prohl\u00eddku bez odpo\u010dinku nezvl\u00e1dli. \u017didli\u010dky si mohou z\u00e1jemci vz\u00edt s\u00a0sebou p\u0159\u00edmo do v\u00fdstavy. Kdykoli pot\u0159ebuj\u00ed, mohou se na n\u011b pohodln\u011b posadit, nabrat s\u00edly a\u00a0v\u00a0klidu si prohl\u00e9dnout vystaven\u00e1 d\u00edla. Jakmile cht\u011bj\u00ed pokra\u010dovat d\u00e1l, sta\u010d\u00ed jeden jednoduch\u00fd pohyb\u00a0\u2013 ultralehk\u00e1 \u017eidli\u010dka se slo\u017e\u00ed a\u00a0n\u00e1v\u0161t\u011bvn\u00edk m\u016f\u017ee j\u00edt d\u00e1l. Praktick\u00fdm bonusem je, \u017ee \u017eidli\u010dka z\u00e1rove\u0148 slou\u017e\u00ed i\u00a0jako chod\u00edtko.<\/p>\r\n<p>\u017didli\u010dky jsou pravideln\u011b rozm\u00edst\u011bn\u00e9 ve v\u00fdstavn\u00edch prostorech na stojanech, tak\u017ee je lze na libovoln\u00e9m m\u00edst\u011b pohodln\u011b vr\u00e1tit a\u00a0na dal\u0161\u00ed v\u00fdstav\u011b si vyp\u016fj\u010dit dal\u0161\u00ed. Tato novinka se osv\u011bd\u010duje nejen p\u0159i komentovan\u00fdch prohl\u00eddk\u00e1ch, kdy zvy\u0161uje komfort zejm\u00e9na pro seniory nebo n\u00e1v\u0161t\u011bvn\u00edky se zdravotn\u00edmi obt\u00ed\u017eemi. Na p\u0159enosn\u00e9 \u017eidli\u010dky p\u0159isp\u011bla spole\u010dnost Hochtief CZ (prost\u0159ednictv\u00edm NF DOX) a\u00a0M\u010c Praha&nbsp;7.<\/p>\r\n<p>DOX nav\u00edc uva\u017euje o&nbsp;dal\u0161\u00edch zm\u011bn\u00e1ch bezbari\u00e9rovosti do budoucna. V&nbsp;roce 2025 se v&nbsp;centru uskute\u010dnilo n\u011bkolik akc\u00ed zam\u011b\u0159en\u00fdch pr\u00e1v\u011b na seniory a\u00a0v\u00a0roce 2026 pl\u00e1nuje galerie takov\u00e9 aktivity roz\u0161\u00ed\u0159it.<br \/>\r\n\u2192\u00a0<a href=\"http:\/\/www.dox.cz\">www.dox.cz<\/a><\/p>","protected":false},"excerpt":{"rendered":"[perex] Nov\u00e1 rubrika navazuje na text Kultura jako sd\u00edlen\u00e1 zku\u0161enost, kter\u00fd vy\u0161el v\u00a0lo\u0148sk\u00e9m roce na str\u00e1nk\u00e1ch Hobuletu (z\u00e1\u0159\u00ed\u00a02025). Pro divadla, galerie, muzea i\u00a0dal\u0161\u00ed instituce je d\u016fle\u017eit\u00e9, aby si u\u00a0nich kulturn\u00ed z\u00e1\u017eitek mohl u\u017e\u00edt ka\u017ed\u00fd bez rozd\u00edlu. P\u0159izp\u016fsobuj\u00ed sv\u016fj program \u010di prostory tak, aby byly p\u0159\u00edstupn\u00e9 i\u00a0div\u00e1k\u016fm s\u00a0omezen\u00edm zraku, sluchu nebo pohybu. Sna\u017e\u00ed se, aby n\u00e1v\u0161t\u011bva [&hellip;]","protected":false},"author":76,"featured_media":90164,"comment_status":"closed","ping_status":"open","sticky":false,"template":"","format":"standard","meta":[],"categories":[37],"tags":[],"_links":{"self":[{"href":"https:\/\/www.praha7.cz\/api\/wp\/v2\/posts\/90163"}],"collection":[{"href":"https:\/\/www.praha7.cz\/api\/wp\/v2\/posts"}],"about":[{"href":"https:\/\/www.praha7.cz\/api\/wp\/v2\/types\/post"}],"author":[{"embeddable":true,"href":"https:\/\/www.praha7.cz\/api\/wp\/v2\/users\/76"}],"replies":[{"embeddable":true,"href":"https:\/\/www.praha7.cz\/api\/wp\/v2\/comments?post=90163"}],"version-history":[{"count":6,"href":"https:\/\/www.praha7.cz\/api\/wp\/v2\/posts\/90163\/revisions"}],"predecessor-version":[{"id":90173,"href":"https:\/\/www.praha7.cz\/api\/wp\/v2\/posts\/90163\/revisions\/90173"}],"wp:featuredmedia":[{"embeddable":true,"href":"https:\/\/www.praha7.cz\/api\/wp\/v2\/media\/90164"}],"wp:attachment":[{"href":"https:\/\/www.praha7.cz\/api\/wp\/v2\/media?parent=90163"}],"wp:term":[{"taxonomy":"category","embeddable":true,"href":"https:\/\/www.praha7.cz\/api\/wp\/v2\/categories?post=90163"},{"taxonomy":"post_tag","embeddable":true,"href":"https:\/\/www.praha7.cz\/api\/wp\/v2\/tags?post=90163"}],"curies":[{"name":"wp","href":"https:\/\/api.w.org\/{rel}","templated":true}]}}