    
{"id":90138,"date":"2026-03-06T13:01:31","date_gmt":"2026-03-06T12:01:31","guid":{"rendered":"https:\/\/www.praha7.cz\/?p=90138"},"modified":"2026-03-25T13:28:37","modified_gmt":"2026-03-25T12:28:37","slug":"vystava-pameti-naroda-na-strossmayerove-namesti","status":"publish","type":"post","link":"https:\/\/www.praha7.cz\/vystava-pameti-naroda-na-strossmayerove-namesti\/","title":{"rendered":"V\u00fdstava Pam\u011bti n\u00e1roda na Strossmayerov\u011b n\u00e1m\u011bst\u00ed"},"content":{"rendered":"<p>[perex]<\/p>\r\n<p>Od 6.&nbsp;do 20.&nbsp;b\u0159ezna 2026 m\u016f\u017eete p\u0159ed kostelem sv. Anton\u00edna na Strossmayerov\u011b n\u00e1m\u011bst\u00ed zhl\u00e9dnout panelovou v\u00fdstavu Svoboda za nejvy\u0161\u0161\u00ed cenu. P\u0159ipom\u00edn\u00e1 \u010desk\u00e9 voj\u00e1ky, kte\u0159\u00ed polo\u017eili sv\u00e9 \u017eivoty p\u0159i obran\u011b napaden\u00e9 Ukrajiny.<br \/>\r\n[\/perex]<\/p>\r\n<p>V\u00fdstavu po\u0159\u00e1daj\u00ed Pam\u011b\u0165 n\u00e1roda a&nbsp;Iniciativa Vlny solidarity. Od po\u010d\u00e1tku v\u00e1lky d\u00edky podpo\u0159e jednotliv\u00fdch d\u00e1rc\u016f dopravili na Ukrajinu humanit\u00e1rn\u00ed a&nbsp;materi\u00e1ln\u00ed pomoc v&nbsp;hodnot\u011b stovek milion\u016f korun \u2013 pomoc, kter\u00e1 zachra\u0148uje konkr\u00e9tn\u00ed lidsk\u00e9 \u017eivoty. I&nbsp;o&nbsp;tom je tato v\u00fdstava.<\/p>\r\n<p>V\u00fdstava p\u0159ipom\u00edn\u00e1, \u017ee vedle hrdin\u016f boje proti nacistick\u00e9mu a&nbsp;komunistick\u00e9mu re\u017eimu tu jsou i&nbsp;novodob\u00ed hrdinov\u00e9, kte\u0159\u00ed po boku ukrajinsk\u00e9 arm\u00e1dy br\u00e1n\u00ed svobodu a&nbsp;demokracii nejen Ukrajiny, ale cel\u00e9 Evropy.<\/p>\r\n<p>P\u0159ij\u010fte vzd\u00e1t \u00factu, p\u0159ipomenout si odvahu a&nbsp;solidaritu a&nbsp;nezapomenout.<\/p>","protected":false},"excerpt":{"rendered":"[perex] Od 6.&nbsp;do 20.&nbsp;b\u0159ezna 2026 m\u016f\u017eete p\u0159ed kostelem sv. Anton\u00edna na Strossmayerov\u011b n\u00e1m\u011bst\u00ed zhl\u00e9dnout panelovou v\u00fdstavu Svoboda za nejvy\u0161\u0161\u00ed cenu. P\u0159ipom\u00edn\u00e1 \u010desk\u00e9 voj\u00e1ky, kte\u0159\u00ed polo\u017eili sv\u00e9 \u017eivoty p\u0159i obran\u011b napaden\u00e9 Ukrajiny. [\/perex] V\u00fdstavu po\u0159\u00e1daj\u00ed Pam\u011b\u0165 n\u00e1roda a&nbsp;Iniciativa Vlny solidarity. Od po\u010d\u00e1tku v\u00e1lky d\u00edky podpo\u0159e jednotliv\u00fdch d\u00e1rc\u016f dopravili na Ukrajinu humanit\u00e1rn\u00ed a&nbsp;materi\u00e1ln\u00ed pomoc v&nbsp;hodnot\u011b stovek milion\u016f [&hellip;]","protected":false},"author":251,"featured_media":90145,"comment_status":"closed","ping_status":"open","sticky":false,"template":"","format":"standard","meta":[],"categories":[34],"tags":[106],"_links":{"self":[{"href":"https:\/\/www.praha7.cz\/api\/wp\/v2\/posts\/90138"}],"collection":[{"href":"https:\/\/www.praha7.cz\/api\/wp\/v2\/posts"}],"about":[{"href":"https:\/\/www.praha7.cz\/api\/wp\/v2\/types\/post"}],"author":[{"embeddable":true,"href":"https:\/\/www.praha7.cz\/api\/wp\/v2\/users\/251"}],"replies":[{"embeddable":true,"href":"https:\/\/www.praha7.cz\/api\/wp\/v2\/comments?post=90138"}],"version-history":[{"count":1,"href":"https:\/\/www.praha7.cz\/api\/wp\/v2\/posts\/90138\/revisions"}],"predecessor-version":[{"id":90146,"href":"https:\/\/www.praha7.cz\/api\/wp\/v2\/posts\/90138\/revisions\/90146"}],"wp:featuredmedia":[{"embeddable":true,"href":"https:\/\/www.praha7.cz\/api\/wp\/v2\/media\/90145"}],"wp:attachment":[{"href":"https:\/\/www.praha7.cz\/api\/wp\/v2\/media?parent=90138"}],"wp:term":[{"taxonomy":"category","embeddable":true,"href":"https:\/\/www.praha7.cz\/api\/wp\/v2\/categories?post=90138"},{"taxonomy":"post_tag","embeddable":true,"href":"https:\/\/www.praha7.cz\/api\/wp\/v2\/tags?post=90138"}],"curies":[{"name":"wp","href":"https:\/\/api.w.org\/{rel}","templated":true}]}}