    
{"id":90120,"date":"2026-03-05T12:39:01","date_gmt":"2026-03-05T11:39:01","guid":{"rendered":"https:\/\/www.praha7.cz\/?p=90120"},"modified":"2026-04-20T11:35:18","modified_gmt":"2026-04-20T09:35:18","slug":"ms-leto-26","status":"publish","type":"post","link":"https:\/\/www.praha7.cz\/ms-leto-26\/","title":{"rendered":"Mate\u0159sk\u00e9 \u0161koly o&nbsp;pr\u00e1zdnin\u00e1ch, p\u0159ihla\u0161ov\u00e1n\u00ed do Letn\u00ed \u0161kolky od 16.&nbsp;b\u0159ezna"},"content":{"rendered":"<p>[perex]<\/p>\r\n<p>Pr\u00e1zdninov\u00fd provoz mate\u0159sk\u00fdch \u0161kol v&nbsp;l\u00e9t\u011b 2026: od 29.&nbsp;\u010dervna do 17.&nbsp;\u010dervence budou v&nbsp;provozu v\u0161echny mate\u0159sk\u00e9 \u0161koly (hlavn\u00ed budovy). Od 20.&nbsp;\u010dervence do konce letn\u00edch pr\u00e1zdnin budou m\u00edt M\u0160 z\u0159izovan\u00e9 M\u010c Praha&nbsp;7 p\u0159eru\u0161en provoz.<\/p>\r\n<p>Od 20.&nbsp;\u010dervence do 14.&nbsp;srpna 2026 lze vyu\u017e\u00edt Letn\u00ed \u0161kolku Prahy&nbsp;7, kter\u00e1 pom\u00e1h\u00e1 rodi\u010d\u016fm zajistit p\u00e9\u010di o&nbsp;d\u011bti ve v\u011bku 3\u20138 let v&nbsp;dob\u011b letn\u00edch pr\u00e1zdnin. P\u0159ihla\u0161ov\u00e1n\u00ed bude mo\u017en\u00e9 od 16.&nbsp;b\u0159ezna 2026.<\/p>\r\n<p><strong>Omlouv\u00e1me se, ale kapacita letn\u00ed \u0161kolky je ji\u017e zapln\u011bna. D\u011bkujeme za pochopen\u00ed.\u00a0<\/strong><\/p>\r\n<p>Nov\u00fd \u0161koln\u00ed rok bude zah\u00e1jen v\u00a0\u00fater\u00fd 1.\u00a0z\u00e1\u0159\u00ed 2026.<\/p>\r\n<p>[\/perex]<\/p>\r\n<p>Letn\u00ed \u0161kolka se uskute\u010dn\u00ed ve dvou term\u00ednech:<\/p>\r\n<p><a href=\"https:\/\/skolatusarova.cz\/materska-skola\/dulezita-sdeleni\/letni-skolka.406\" target=\"_blank\" rel=\"noopener\">Z\u0160 a&nbsp;M\u0160 Tusarova<\/a>: 20.\u201331.&nbsp;7.&nbsp;2026<br \/>\r\n<a href=\"https:\/\/www.zsstross.cz\/menu\/letn%C3%AD-%C5%A1kolka-v-p7\" target=\"_blank\" rel=\"noopener\">Z\u0160 Stross<\/a>: 3.\u201314.&nbsp;8.&nbsp;2026<\/p>\r\n<p>Cena v\u010detn\u011b celodenn\u00edho stravov\u00e1n\u00ed za jeden t\u00fdden \u010din\u00ed 2&nbsp;750 korun. P\u0159ihla\u0161ujte se pros\u00edm vypln\u011bn\u00edm <a href=\"https:\/\/docs.google.com\/forms\/d\/e\/1FAIpQLSdJtvMqgE-9F6QVEh-9-KxOnHwe2YpCpWvJeseoUdepsE4p7g\/closedform\" target=\"_blank\" rel=\"noopener\">online formul\u00e1\u0159e<\/a>. Bli\u017e\u0161\u00ed info: <a href=\"mailto:letniskolka@skolatusarova.cz\" target=\"_blank\" rel=\"noopener\">letniskolka@skolatusarova.cz<\/a> nebo <a href=\"mailto:letniskolka@zsstross.cz\">letniskolka@zsstross.cz<\/a>.<\/p>\r\n<p><br \/>\r\n<a href=\"https:\/\/www.praha7.cz\/wp-content\/uploads\/2026\/03\/letni_skolka_2026_A4_na-tisk_page-0001.jpg\" target=\"_blank\" rel=\"noopener\"><img loading=\"lazy\" src=\"https:\/\/www.praha7.cz\/wp-content\/uploads\/2026\/03\/letni_skolka_2026_A4_na-tisk_page-0001-285x400.jpg\" alt=\"\" width=\"285\" height=\"400\" class=\"alignnone size-medium wp-image-90394\" srcset=\"https:\/\/www.praha7.cz\/wp-content\/uploads\/2026\/03\/letni_skolka_2026_A4_na-tisk_page-0001-285x400.jpg 285w, https:\/\/www.praha7.cz\/wp-content\/uploads\/2026\/03\/letni_skolka_2026_A4_na-tisk_page-0001-713x1000.jpg 713w, https:\/\/www.praha7.cz\/wp-content\/uploads\/2026\/03\/letni_skolka_2026_A4_na-tisk_page-0001-768x1077.jpg 768w, https:\/\/www.praha7.cz\/wp-content\/uploads\/2026\/03\/letni_skolka_2026_A4_na-tisk_page-0001-1095x1536.jpg 1095w, https:\/\/www.praha7.cz\/wp-content\/uploads\/2026\/03\/letni_skolka_2026_A4_na-tisk_page-0001.jpg 1278w\" sizes=\"(max-width: 285px) 100vw, 285px\" \/><\/a>\u00a0<\/p>","protected":false},"excerpt":{"rendered":"[perex] Pr\u00e1zdninov\u00fd provoz mate\u0159sk\u00fdch \u0161kol v&nbsp;l\u00e9t\u011b 2026: od 29.&nbsp;\u010dervna do 17.&nbsp;\u010dervence budou v&nbsp;provozu v\u0161echny mate\u0159sk\u00e9 \u0161koly (hlavn\u00ed budovy). Od 20.&nbsp;\u010dervence do konce letn\u00edch pr\u00e1zdnin budou m\u00edt M\u0160 z\u0159izovan\u00e9 M\u010c Praha&nbsp;7 p\u0159eru\u0161en provoz. Od 20.&nbsp;\u010dervence do 14.&nbsp;srpna 2026 lze vyu\u017e\u00edt Letn\u00ed \u0161kolku Prahy&nbsp;7, kter\u00e1 pom\u00e1h\u00e1 rodi\u010d\u016fm zajistit p\u00e9\u010di o&nbsp;d\u011bti ve v\u011bku 3\u20138 let v&nbsp;dob\u011b letn\u00edch pr\u00e1zdnin. [&hellip;]","protected":false},"author":251,"featured_media":84120,"comment_status":"closed","ping_status":"open","sticky":false,"template":"","format":"standard","meta":[],"categories":[34],"tags":[123,83],"_links":{"self":[{"href":"https:\/\/www.praha7.cz\/api\/wp\/v2\/posts\/90120"}],"collection":[{"href":"https:\/\/www.praha7.cz\/api\/wp\/v2\/posts"}],"about":[{"href":"https:\/\/www.praha7.cz\/api\/wp\/v2\/types\/post"}],"author":[{"embeddable":true,"href":"https:\/\/www.praha7.cz\/api\/wp\/v2\/users\/251"}],"replies":[{"embeddable":true,"href":"https:\/\/www.praha7.cz\/api\/wp\/v2\/comments?post=90120"}],"version-history":[{"count":11,"href":"https:\/\/www.praha7.cz\/api\/wp\/v2\/posts\/90120\/revisions"}],"predecessor-version":[{"id":91305,"href":"https:\/\/www.praha7.cz\/api\/wp\/v2\/posts\/90120\/revisions\/91305"}],"wp:featuredmedia":[{"embeddable":true,"href":"https:\/\/www.praha7.cz\/api\/wp\/v2\/media\/84120"}],"wp:attachment":[{"href":"https:\/\/www.praha7.cz\/api\/wp\/v2\/media?parent=90120"}],"wp:term":[{"taxonomy":"category","embeddable":true,"href":"https:\/\/www.praha7.cz\/api\/wp\/v2\/categories?post=90120"},{"taxonomy":"post_tag","embeddable":true,"href":"https:\/\/www.praha7.cz\/api\/wp\/v2\/tags?post=90120"}],"curies":[{"name":"wp","href":"https:\/\/api.w.org\/{rel}","templated":true}]}}