    
{"id":90106,"date":"2026-03-04T13:49:19","date_gmt":"2026-03-04T12:49:19","guid":{"rendered":"https:\/\/www.praha7.cz\/?p=90106"},"modified":"2026-03-25T13:32:10","modified_gmt":"2026-03-25T12:32:10","slug":"rekonstrukce-chodniku-v-krizovatce-argentinska-x-jatecni","status":"publish","type":"post","link":"https:\/\/www.praha7.cz\/rekonstrukce-chodniku-v-krizovatce-argentinska-x-jatecni\/","title":{"rendered":"Rekonstrukce chodn\u00edk\u016f v&nbsp;k\u0159i\u017eovatce Argentinsk\u00e1 \u00d7 Jate\u010dn\u00ed"},"content":{"rendered":"<p>[perex]<\/p>\r\n<p>Upozor\u0148ujeme, \u017ee od 9.&nbsp;b\u0159ezna 2026 bude TSK hl. m. Prahy rekonstruovat chodn\u00edky v&nbsp;k\u0159i\u017eovatce ulic Argentinsk\u00e1 \u00d7 Jate\u010dn\u00ed. Pr\u00e1ce budou dle p\u0159edpokladu trvat do 5.&nbsp;dubna 2026.<\/p>\r\n<p>[\/perex]<\/p>\r\n<p>Zrekonstruov\u00e1ny budou chodn\u00edky v&nbsp;prostoru k\u0159i\u017eovatky i&nbsp;troj\u00faheln\u00edkov\u00e1 plocha v&nbsp;ulici Argentinsk\u00e1 severn\u011b nad k\u0159i\u017eovatkou. Po dobu stavebn\u00edch prac\u00ed dojde k&nbsp;z\u00e1boru vyhrazen\u00e9ho j\u00edzdn\u00edho pruhu pro cyklisty v&nbsp;ul. Argentinsk\u00e1 ve sm\u011bru z&nbsp;centra, p\u0159ilehl\u00fdch chodn\u00edk\u016f ke k\u0159i\u017eovatce ul. Argentinsk\u00e1 x Za Viaduktem x Jate\u010dn\u00ed a&nbsp;\u010d\u00e1sti vozovky v&nbsp;ul. Jate\u010dn\u00ed. Provoz a&nbsp;pr\u016fchod bude b\u011bhem stavebn\u00edch prac\u00ed zachov\u00e1n, ale v&nbsp;m\u00edst\u011b budou platit d\u00edl\u010d\u00ed omezen\u00ed pro pohyb chodc\u016f. Pros\u00edme, sledujte zna\u010den\u00ed a&nbsp;bu\u010fte opatrn\u00ed p\u0159i pohybu stavbou. \u00a0<\/p>","protected":false},"excerpt":{"rendered":"[perex] Upozor\u0148ujeme, \u017ee od 9.&nbsp;b\u0159ezna 2026 bude TSK hl. m. Prahy rekonstruovat chodn\u00edky v&nbsp;k\u0159i\u017eovatce ulic Argentinsk\u00e1 \u00d7 Jate\u010dn\u00ed. Pr\u00e1ce budou dle p\u0159edpokladu trvat do 5.&nbsp;dubna 2026. [\/perex] Zrekonstruov\u00e1ny budou chodn\u00edky v&nbsp;prostoru k\u0159i\u017eovatky i&nbsp;troj\u00faheln\u00edkov\u00e1 plocha v&nbsp;ulici Argentinsk\u00e1 severn\u011b nad k\u0159i\u017eovatkou. Po dobu stavebn\u00edch prac\u00ed dojde k&nbsp;z\u00e1boru vyhrazen\u00e9ho j\u00edzdn\u00edho pruhu pro cyklisty v&nbsp;ul. Argentinsk\u00e1 ve sm\u011bru z&nbsp;centra, [&hellip;]","protected":false},"author":5,"featured_media":90107,"comment_status":"closed","ping_status":"open","sticky":false,"template":"","format":"standard","meta":[],"categories":[34],"tags":[57,125],"_links":{"self":[{"href":"https:\/\/www.praha7.cz\/api\/wp\/v2\/posts\/90106"}],"collection":[{"href":"https:\/\/www.praha7.cz\/api\/wp\/v2\/posts"}],"about":[{"href":"https:\/\/www.praha7.cz\/api\/wp\/v2\/types\/post"}],"author":[{"embeddable":true,"href":"https:\/\/www.praha7.cz\/api\/wp\/v2\/users\/5"}],"replies":[{"embeddable":true,"href":"https:\/\/www.praha7.cz\/api\/wp\/v2\/comments?post=90106"}],"version-history":[{"count":4,"href":"https:\/\/www.praha7.cz\/api\/wp\/v2\/posts\/90106\/revisions"}],"predecessor-version":[{"id":90189,"href":"https:\/\/www.praha7.cz\/api\/wp\/v2\/posts\/90106\/revisions\/90189"}],"wp:featuredmedia":[{"embeddable":true,"href":"https:\/\/www.praha7.cz\/api\/wp\/v2\/media\/90107"}],"wp:attachment":[{"href":"https:\/\/www.praha7.cz\/api\/wp\/v2\/media?parent=90106"}],"wp:term":[{"taxonomy":"category","embeddable":true,"href":"https:\/\/www.praha7.cz\/api\/wp\/v2\/categories?post=90106"},{"taxonomy":"post_tag","embeddable":true,"href":"https:\/\/www.praha7.cz\/api\/wp\/v2\/tags?post=90106"}],"curies":[{"name":"wp","href":"https:\/\/api.w.org\/{rel}","templated":true}]}}