    
{"id":89447,"date":"2026-01-30T11:50:04","date_gmt":"2026-01-30T10:50:04","guid":{"rendered":"https:\/\/www.praha7.cz\/?p=89447"},"modified":"2026-02-10T10:10:48","modified_gmt":"2026-02-10T09:10:48","slug":"pozvanka-na-1-radne-jednani-zastupitelstva-mc-praha-7-3","status":"publish","type":"post","link":"https:\/\/www.praha7.cz\/pozvanka-na-1-radne-jednani-zastupitelstva-mc-praha-7-3\/","title":{"rendered":"Pozv\u00e1nka na 1.&nbsp;\u0159\u00e1dn\u00e9 jedn\u00e1n\u00ed Zastupitelstva M\u010c Praha&nbsp;7"},"content":{"rendered":"<p style=\"text-align: justify;\">[perex]<\/p>\r\n<p style=\"text-align: justify;\">Prvn\u00ed \u0159\u00e1dn\u00e9 jedn\u00e1n\u00ed Zastupitelstva M\u010c Praha&nbsp;7 se kon\u00e1 v&nbsp;pond\u011bl\u00ed 9.&nbsp;\u00fanora 2026 od 17.00 hodin.<\/p>\r\n<p style=\"text-align: justify;\">P\u0159enos jedn\u00e1n\u00ed m\u016f\u017eete sledovat\u00a0<a href=\"https:\/\/youtube.com\/live\/RkMlwtTX7c4?\" target=\"_blank\" rel=\"noopener\">ZDE<\/a>.\u00a0<\/p>\r\n<p style=\"text-align: justify;\">Materi\u00e1ly k&nbsp;1.&nbsp;\u0159\u00e1dn\u00e9mu jedn\u00e1n\u00ed Zastupitelstva M\u010c Praha&nbsp;7 najdete <a href=\"https:\/\/usneseni.praha7.cz\/usneseni\/jednani\/1070\" target=\"_blank\" rel=\"noopener\">ZDE<\/a>.<\/p>\r\n<p style=\"text-align: justify;\">[\/perex]<\/p>\r\n<p style=\"text-align: justify;\"><strong>Program 1.&nbsp;\u0159\u00e1dn\u00e9ho jedn\u00e1n\u00ed Zastupitelstva M\u010c Praha&nbsp;7<\/strong><\/p>\r\n<ul style=\"text-align: justify;\">\r\n\t<li>Pravideln\u00fd bod programu za\u0159azen\u00fd za bod \u010d. 2 \u2013 Dotazy a&nbsp;p\u0159ipom\u00ednky ob\u010dan\u016f 1<\/li>\r\n\t<li>Pravideln\u00fd bod programu za\u0159azen\u00fd pevn\u011b na 18 hodinu \u2013 Dotazy a&nbsp;p\u0159ipom\u00ednky ob\u010dan\u016f 2<\/li>\r\n<\/ul>\r\n<p style=\"text-align: justify;\"><strong>1.<\/strong>\u00a0 Zah\u00e1jen\u00ed, volba n\u00e1vrhov\u00e9ho a&nbsp;volebn\u00edho v\u00fdboru<\/p>\r\n<p style=\"text-align: justify;\"><strong>2.\u00a0 <\/strong>Schv\u00e1len\u00ed programu jedn\u00e1n\u00ed Zastupitelstva M\u010c Praha&nbsp;7<\/p>\r\n<p style=\"text-align: justify;\"><strong>3.\u00a0 <\/strong>N\u00c1VRH ke zm\u011bn\u011b po\u010dtu funkc\u00ed, pro kter\u00e9 budou \u010dlenov\u00e9 Zastupitelstva M\u010c Praha&nbsp;7 uvoln\u011bni pro volebn\u00ed obdob\u00ed 2022 &#8211; 2026<\/p>\r\n<p style=\"text-align: justify;\"><strong>4.\u00a0<\/strong> N\u00c1VRH k&nbsp;pod\u00e1n\u00ed \u017e\u00e1dosti o&nbsp;sv\u011b\u0159en\u00ed pozemk\u016f parc. \u010d. 266, 267\/1, 271 a&nbsp;285\/1, v&nbsp;k.\u00fa. Hole\u0161ovice do sv\u011b\u0159en\u00e9 spr\u00e1vy nemovitost\u00ed M\u010c Praha&nbsp;7<\/p>\r\n<p style=\"text-align: justify;\"><strong>5.\u00a0<\/strong> N\u00c1VRH k&nbsp;bez\u00faplatn\u00e9mu nabyt\u00ed pozemku parc. \u010d. 999\/2, v&nbsp;k.\u00fa. Hole\u0161ovice, sou\u010d\u00e1sti ve\u0159ejn\u00e9 plochy zelen\u011b p\u0159i ulici D\u011blnick\u00e1, mezi ulicemi Na Manin\u00e1ch a&nbsp;V&nbsp;H\u00e1ji, do majetku hl. m. Prahy, se sv\u011b\u0159enou spr\u00e1vou nemovitost\u00ed M\u010c Praha&nbsp;7<\/p>\r\n<p style=\"text-align: justify;\"><strong>6.\u00a0 <\/strong>INFORMACE o&nbsp;stavu rozvoje VR\u00da Bubny &#8211;\u00a0 Z\u00e1tory<\/p>\r\n<p style=\"text-align: justify;\"><strong>7.\u00a0 <\/strong>INFORMACE o&nbsp;\u010dinnosti Rady M\u010c Praha&nbsp;7 a&nbsp;pln\u011bn\u00ed \u00fakol\u016f ulo\u017een\u00fdch Rad\u011b M\u010c Praha&nbsp;7 Zastupitelstvem\u00a0 M\u010c Praha&nbsp;7 v\u00a0obdob\u00ed mezi 8.&nbsp;jedn\u00e1n\u00edm Zastupitelstva v\u00a0roce 2025 a&nbsp;1.&nbsp;jedn\u00e1n\u00edm Zastupitelstva M\u010c Praha&nbsp;7 v\u00a0roce 2026<\/p>\r\n<p style=\"text-align: justify;\"><strong>8.\u00a0<\/strong> INFORMACE o&nbsp;\u010dinnosti Kontroln\u00edho v\u00fdboru Zastupitelstva M\u010c Praha&nbsp;7 v&nbsp;obdob\u00ed mezi\u00a0 8.\u00a0 jedn\u00e1n\u00edm Zastupitelstva M\u010c Praha&nbsp;7 v&nbsp;roce 2025 a&nbsp;1.&nbsp;jedn\u00e1n\u00edm Zastupitelstva M\u010c Praha&nbsp;7 v&nbsp;roce 2026<\/p>\r\n<p style=\"text-align: justify;\"><strong>9.\u00a0<\/strong> N\u00c1VRH k&nbsp;R\u00e1mcov\u00e9mu pl\u00e1nu \u010dinnosti Kontroln\u00edho v\u00fdboru Zastupitelstva M\u010c Praha&nbsp;7 na rok 2026<\/p>\r\n<p style=\"text-align: justify;\"><strong>10.\u00a0 <\/strong>INFORMACE o&nbsp;\u010dinnosti Finan\u010dn\u00ed v\u00fdboru Zastupitelstva M\u010c Praha&nbsp;7 v\u00a0obdob\u00ed mezi 8.&nbsp;jedn\u00e1n\u00edm Zastupitelstva M\u010c Praha&nbsp;7 v\u00a0roce 2025 a&nbsp;1.&nbsp;jedn\u00e1n\u00edm Zastupitelstva M\u010c Praha&nbsp;7 v\u00a0roce 2026<\/p>\r\n<p style=\"text-align: justify;\"><strong>11.\u00a0<\/strong> N\u00c1VRH k&nbsp;R\u00e1mcov\u00e9mu pl\u00e1nu \u010dinnosti Finan\u010dn\u00edho v\u00fdboru Zastupitelstva M\u010c Praha&nbsp;7 na rok 2026<\/p>\r\n<p style=\"text-align: justify;\"><strong>12.\u00a0<\/strong> INFORMACE o&nbsp;\u010dinnosti V\u00fdboru pro vzd\u011bl\u00e1v\u00e1n\u00ed, soci\u00e1ln\u00ed politiku a&nbsp;zdravotnictv\u00ed Zastupitelstva M\u010c Praha&nbsp;7 v\u00a0obdob\u00ed mezi 7.&nbsp;jedn\u00e1n\u00edm Zastupitelstva v\u00a0roce 2025 a&nbsp;1.&nbsp;jedn\u00e1n\u00edm Zastupitelstva M\u010c Praha&nbsp;7 v\u00a0roce 2026<\/p>\r\n<p style=\"text-align: justify;\"><strong>13.\u00a0 <\/strong>N\u00c1VRH k&nbsp;R\u00e1mcov\u00e9mu pl\u00e1nu \u010dinnosti V\u00fdboru pro vzd\u011bl\u00e1v\u00e1n\u00ed, soci\u00e1ln\u00ed politiku a&nbsp;zdravotnictv\u00ed Zastupitelstva M\u010c Praha&nbsp;7 na rok 2026<\/p>\r\n<p style=\"text-align: justify;\"><strong>14.<\/strong>\u00a0 Dopisy, adresovan\u00e9 Zastupitelstvu M\u010c Praha&nbsp;7<\/p>\r\n<p style=\"text-align: justify;\"><strong>15.<\/strong>\u00a0 R\u016fzn\u00e9 \u2013 dotazy \u010dlen\u016f Zastupitelstva M\u010c Praha&nbsp;7<\/p>\r\n<p style=\"text-align: justify;\"><strong>16.<\/strong>\u00a0 Z\u00e1v\u011br\u00a0<\/p>\r\n<p style=\"text-align: justify;\">Mgr. Jan \u010ci\u017einsk\u00fd<br \/>\r\nStarosta m\u011bstsk\u00e9 \u010d\u00e1sti Praha&nbsp;7<\/p>\r\n<p style=\"text-align: justify;\"><em>Ve v\u00fdjime\u010dn\u00fdch p\u0159\u00edpadech, kdy mimo\u0159\u00e1dn\u00e9 okolnosti br\u00e1n\u00ed \u010dlenu Zastupitelstva fyzick\u00e9 \u00fa\u010dasti na jedn\u00e1n\u00ed Zastupitelstva, bude \u00fa\u010dast umo\u017en\u011bna prost\u0159ednictv\u00edm prost\u0159edku d\u00e1lkov\u00e9 komunikace. Tuto skute\u010dnost je nutn\u00e9 sd\u011blit s&nbsp;od\u016fvodn\u011bn\u00edm p\u00edsemn\u011b na e-mail <a href=\"mailto:FreundV@Praha7.cz\">FreundV@Praha7.cz<\/a>, a&nbsp;to minim\u00e1ln\u011b 3 dny p\u0159ed jedn\u00e1n\u00edm Zastupitelstva.<\/em><\/p>","protected":false},"excerpt":{"rendered":"[perex] Prvn\u00ed \u0159\u00e1dn\u00e9 jedn\u00e1n\u00ed Zastupitelstva M\u010c Praha&nbsp;7 se kon\u00e1 v&nbsp;pond\u011bl\u00ed 9.&nbsp;\u00fanora 2026 od 17.00 hodin. P\u0159enos jedn\u00e1n\u00ed m\u016f\u017eete sledovat\u00a0ZDE.\u00a0 Materi\u00e1ly k&nbsp;1.&nbsp;\u0159\u00e1dn\u00e9mu jedn\u00e1n\u00ed Zastupitelstva M\u010c Praha&nbsp;7 najdete ZDE. [\/perex] Program 1.&nbsp;\u0159\u00e1dn\u00e9ho jedn\u00e1n\u00ed Zastupitelstva M\u010c Praha&nbsp;7 Pravideln\u00fd bod programu za\u0159azen\u00fd za bod \u010d. 2 \u2013 Dotazy a&nbsp;p\u0159ipom\u00ednky ob\u010dan\u016f 1 Pravideln\u00fd bod programu za\u0159azen\u00fd pevn\u011b na 18 hodinu [&hellip;]","protected":false},"author":14,"featured_media":33780,"comment_status":"closed","ping_status":"open","sticky":false,"template":"","format":"standard","meta":[],"categories":[34],"tags":[84],"_links":{"self":[{"href":"https:\/\/www.praha7.cz\/api\/wp\/v2\/posts\/89447"}],"collection":[{"href":"https:\/\/www.praha7.cz\/api\/wp\/v2\/posts"}],"about":[{"href":"https:\/\/www.praha7.cz\/api\/wp\/v2\/types\/post"}],"author":[{"embeddable":true,"href":"https:\/\/www.praha7.cz\/api\/wp\/v2\/users\/14"}],"replies":[{"embeddable":true,"href":"https:\/\/www.praha7.cz\/api\/wp\/v2\/comments?post=89447"}],"version-history":[{"count":2,"href":"https:\/\/www.praha7.cz\/api\/wp\/v2\/posts\/89447\/revisions"}],"predecessor-version":[{"id":89624,"href":"https:\/\/www.praha7.cz\/api\/wp\/v2\/posts\/89447\/revisions\/89624"}],"wp:featuredmedia":[{"embeddable":true,"href":"https:\/\/www.praha7.cz\/api\/wp\/v2\/media\/33780"}],"wp:attachment":[{"href":"https:\/\/www.praha7.cz\/api\/wp\/v2\/media?parent=89447"}],"wp:term":[{"taxonomy":"category","embeddable":true,"href":"https:\/\/www.praha7.cz\/api\/wp\/v2\/categories?post=89447"},{"taxonomy":"post_tag","embeddable":true,"href":"https:\/\/www.praha7.cz\/api\/wp\/v2\/tags?post=89447"}],"curies":[{"name":"wp","href":"https:\/\/api.w.org\/{rel}","templated":true}]}}