    
{"id":89385,"date":"2026-01-27T11:28:19","date_gmt":"2026-01-27T10:28:19","guid":{"rendered":"https:\/\/www.praha7.cz\/?p=89385"},"modified":"2026-03-01T11:54:06","modified_gmt":"2026-03-01T10:54:06","slug":"krouzek-26-1","status":"publish","type":"post","link":"https:\/\/www.praha7.cz\/krouzek-26-1\/","title":{"rendered":"Po\u017e\u00e1dejte si o&nbsp;p\u0159\u00edsp\u011bvek na krou\u017eky d\u011btem"},"content":{"rendered":"<p>[perex]<\/p>\r\n<p>Rodi\u010de \u017e\u00e1k\u016f z\u00e1kladn\u00edch i&nbsp;mate\u0159sk\u00fdch \u0161kol s&nbsp;trval\u00fdm bydli\u0161t\u011bm v&nbsp;Praze 7 nebo \u017e\u00e1k\u016f, kte\u0159\u00ed nav\u0161t\u011bvuj\u00ed mate\u0159sk\u00e9 a&nbsp;z\u00e1kladn\u00ed \u0161koly v&nbsp;Praze 7, si mohou po\u017e\u00e1dat o&nbsp;p\u0159\u00edsp\u011bvek na krou\u017eky, kter\u00e9 se konaj\u00ed ve druh\u00e9m pololet\u00ed \u0161koln\u00edho roku 2025\/2026. P\u0159\u00edsp\u011bvky jsou ur\u010deny pro rodi\u010de v&nbsp;nep\u0159\u00edzniv\u00e9 finan\u010dn\u00ed situaci. \u00a0<\/p>\r\n<p>[\/perex]<\/p>\r\n<p>Sedm\u00e1 m\u011bstsk\u00e1 \u010d\u00e1st na \u00fahradu volno\u010dasov\u00fdch aktivit p\u0159isp\u00edv\u00e1:<\/p>\r\n<p>\u00b7\u00a0 \u00a0 \u00a0 \u00a0 u&nbsp;\u017e\u00e1k\u016f z\u00e1kladn\u00edch \u0161kol a\u017e do v\u00fd\u0161e 1&nbsp;500&nbsp;K\u010d<\/p>\r\n<p>\u00b7\u00a0 \u00a0 \u00a0 \u00a0 u&nbsp;d\u011bt\u00ed z&nbsp;mate\u0159sk\u00fdch \u0161kol a\u017e do v\u00fd\u0161e 750&nbsp;K\u010d<\/p>\r\n<h3><\/h3>\r\n<h3><strong>Jak si o\u00a0p\u0159\u00edsp\u011bvek za\u017e\u00e1dat?<\/strong><\/h3>\r\n<p><strong>\u017d\u00e1dosti lze podat pr\u016fb\u011b\u017en\u011b od 1.&nbsp;do 28.&nbsp;\u00fanora 2026<\/strong> (v&nbsp;p\u0159\u00edpad\u011b elektronick\u00e9ho pod\u00e1n\u00ed do 23.59 dne 28.&nbsp;\u00fanora 2026).<\/p>\r\n<p>Ve\u0161ker\u00e9 pot\u0159ebn\u00e9 informace najdete na str\u00e1nce: <a href=\"https:\/\/www.praha7.cz\/volny-cas-prehled\/deti\/prispevek-na-krouzky\/\">www.praha7.cz\/prispevek-na-krouzky<\/a><\/p>\r\n<p>&nbsp;<\/p>\r\n<p>S p\u0159\u00edpadn\u00fdmi dotazy se m\u016f\u017eete obracet na Odbor soci\u00e1ln\u00edho za\u010dle\u0148ov\u00e1n\u00ed, Petra P\u0159enosilov\u00e1, tel.: 739\u00a0175\u00a0263, e-mail:\u00a0<a href=\"mailto:krouzky@praha7.cz\">krouzky@praha7.cz<\/a><\/p>","protected":false},"excerpt":{"rendered":"[perex] Rodi\u010de \u017e\u00e1k\u016f z\u00e1kladn\u00edch i&nbsp;mate\u0159sk\u00fdch \u0161kol s&nbsp;trval\u00fdm bydli\u0161t\u011bm v&nbsp;Praze 7 nebo \u017e\u00e1k\u016f, kte\u0159\u00ed nav\u0161t\u011bvuj\u00ed mate\u0159sk\u00e9 a&nbsp;z\u00e1kladn\u00ed \u0161koly v&nbsp;Praze 7, si mohou po\u017e\u00e1dat o&nbsp;p\u0159\u00edsp\u011bvek na krou\u017eky, kter\u00e9 se konaj\u00ed ve druh\u00e9m pololet\u00ed \u0161koln\u00edho roku 2025\/2026. P\u0159\u00edsp\u011bvky jsou ur\u010deny pro rodi\u010de v&nbsp;nep\u0159\u00edzniv\u00e9 finan\u010dn\u00ed situaci. \u00a0 [\/perex] Sedm\u00e1 m\u011bstsk\u00e1 \u010d\u00e1st na \u00fahradu volno\u010dasov\u00fdch aktivit p\u0159isp\u00edv\u00e1: \u00b7\u00a0 \u00a0 \u00a0 [&hellip;]","protected":false},"author":251,"featured_media":89386,"comment_status":"closed","ping_status":"open","sticky":false,"template":"","format":"standard","meta":[],"categories":[36],"tags":[123,83],"_links":{"self":[{"href":"https:\/\/www.praha7.cz\/api\/wp\/v2\/posts\/89385"}],"collection":[{"href":"https:\/\/www.praha7.cz\/api\/wp\/v2\/posts"}],"about":[{"href":"https:\/\/www.praha7.cz\/api\/wp\/v2\/types\/post"}],"author":[{"embeddable":true,"href":"https:\/\/www.praha7.cz\/api\/wp\/v2\/users\/251"}],"replies":[{"embeddable":true,"href":"https:\/\/www.praha7.cz\/api\/wp\/v2\/comments?post=89385"}],"version-history":[{"count":2,"href":"https:\/\/www.praha7.cz\/api\/wp\/v2\/posts\/89385\/revisions"}],"predecessor-version":[{"id":89539,"href":"https:\/\/www.praha7.cz\/api\/wp\/v2\/posts\/89385\/revisions\/89539"}],"wp:featuredmedia":[{"embeddable":true,"href":"https:\/\/www.praha7.cz\/api\/wp\/v2\/media\/89386"}],"wp:attachment":[{"href":"https:\/\/www.praha7.cz\/api\/wp\/v2\/media?parent=89385"}],"wp:term":[{"taxonomy":"category","embeddable":true,"href":"https:\/\/www.praha7.cz\/api\/wp\/v2\/categories?post=89385"},{"taxonomy":"post_tag","embeddable":true,"href":"https:\/\/www.praha7.cz\/api\/wp\/v2\/tags?post=89385"}],"curies":[{"name":"wp","href":"https:\/\/api.w.org\/{rel}","templated":true}]}}