    
{"id":89336,"date":"2026-01-26T12:28:26","date_gmt":"2026-01-26T11:28:26","guid":{"rendered":"https:\/\/www.praha7.cz\/?p=89336"},"modified":"2026-01-30T12:42:49","modified_gmt":"2026-01-30T11:42:49","slug":"vyzva-vlade-skoly-1-26","status":"publish","type":"post","link":"https:\/\/www.praha7.cz\/vyzva-vlade-skoly-1-26\/","title":{"rendered":"V\u00fdzva vl\u00e1d\u011b: Je t\u0159eba zajistit financov\u00e1n\u00ed odborn\u00e9 podpory d\u011bt\u00ed ve \u0161kol\u00e1ch"},"content":{"rendered":"<p>[perex]<\/p>\r\n<p>M\u011bstsk\u00e1 \u010d\u00e1st Praha&nbsp;7 se p\u0159ipojila k\u00a0apelu na Vl\u00e1du \u010cesk\u00e9 republiky, kter\u00fd upozor\u0148uje na nutnost nav\u00fd\u0161en\u00ed finan\u010dn\u00edch prost\u0159edk\u016f na odborn\u00e9 podp\u016frn\u00e9 pozice ve \u0161kol\u00e1ch. Bez odpov\u00eddaj\u00edc\u00edho financov\u00e1n\u00ed ze st\u00e1tn\u00edho rozpo\u010dtu nebudou \u0161koly moct dodr\u017eet z\u00e1vazek vypl\u00fdvaj\u00edc\u00ed z\u00a0platn\u00e9 legislativy a&nbsp;zajistit tolik pot\u0159ebn\u00e9 \u0161koln\u00ed psychology, soci\u00e1ln\u00ed a&nbsp;speci\u00e1ln\u00ed pedagogy \u010di asistenty pedagoga.<\/p>\r\n<p>[\/perex]<\/p>\r\n<p>Praha&nbsp;7 se pod\u00edlela na vzniku otev\u0159en\u00e9 v\u00fdzvy vl\u00e1d\u011b spole\u010dn\u011b se \u0161kolami a&nbsp;odborn\u00fdmi organizacemi, kter\u00e9 se dlouhodob\u011b v\u011bnuj\u00ed pot\u0159eb\u00e1m d\u011bt\u00ed a&nbsp;podpo\u0159e vzd\u011bl\u00e1v\u00e1n\u00ed.<\/p>\r\n<p>Po\u010det d\u011bt\u00ed s&nbsp;psychick\u00fdmi obt\u00ed\u017eemi, soci\u00e1ln\u00edm znev\u00fdhodn\u011bn\u00edm \u010di speci\u00e1ln\u00edmi vzd\u011bl\u00e1vac\u00edmi pot\u0159ebami dlouhodob\u011b roste. \u0160koly proto pot\u0159ebuj\u00ed stabiln\u00ed syst\u00e9m odborn\u00e9 pr\u00e1ce, kter\u00e1 zajist\u00ed v\u010dasnou pomoc d\u011btem, prevenci \u0161koln\u00edho ne\u00fasp\u011bchu a&nbsp;podporu u\u010ditel\u016f.<\/p>\r\n<p><em>\u201eNa \u0161kol\u00e1ch v&nbsp;Praze 7 jasn\u011b vid\u00edme, jak d\u016fle\u017eitou roli hraj\u00ed soci\u00e1ln\u00ed pedagogov\u00e9 a&nbsp;dal\u0161\u00ed odborn\u00ed pracovn\u00edci. Pom\u00e1haj\u00ed d\u011btem zvl\u00e1dat slo\u017eit\u00e9 \u017eivotn\u00ed situace, podporuj\u00ed spolupr\u00e1ci s&nbsp;rodinami a&nbsp;p\u0159isp\u00edvaj\u00ed ke zdrav\u00e9mu \u0161koln\u00edmu klimatu. Bez zaji\u0161t\u011bn\u00ed pot\u0159ebn\u00e9ho financov\u00e1n\u00ed v\u0161ak tyto pozice nemohou dlouhodob\u011b fungovat,\u201c<\/em> \u0159\u00edk\u00e1 <em><strong>m\u00edstostarostka Prahy&nbsp;7 Hana \u0160i\u0161kov\u00e1<\/strong><\/em>.<\/p>\r\n<p>Soci\u00e1ln\u00ed pedagogov\u00e9 p\u016fsob\u00edc\u00ed v\u00a0z\u00e1kladn\u00edch i&nbsp;mate\u0159sk\u00fdch \u0161kol\u00e1ch Prahy&nbsp;7 se zam\u011b\u0159uj\u00ed zejm\u00e9na na d\u011bti ze soci\u00e1ln\u011b znev\u00fdhodn\u011bn\u00e9ho prost\u0159ed\u00ed, p\u0159edch\u00e1zej\u00ed \u0161koln\u00edm ne\u00fasp\u011bch\u016fm a&nbsp;posiluj\u00ed rovn\u00e9 \u0161ance ve vzd\u011bl\u00e1v\u00e1n\u00ed. Praha&nbsp;7 proto vyz\u00fdv\u00e1 vl\u00e1du, aby zajistila pot\u0159ebn\u00e9 finan\u010dn\u00ed prost\u0159edky a&nbsp;umo\u017enila \u0161kol\u00e1m plnit jejich roli i&nbsp;v&nbsp;dal\u0161\u00edch letech.<\/p>\r\n<h3><a href=\"https:\/\/www.praha7.cz\/wp-content\/uploads\/2026\/01\/Otevrena-vyzva-vlade_rozpocet-skolstvi_2026.pdf\" target=\"_blank\" rel=\"noopener\">Otev\u0159en\u00e1 v\u00fdzva Vl\u00e1d\u011b \u010cR<\/a><\/h3>","protected":false},"excerpt":{"rendered":"[perex] M\u011bstsk\u00e1 \u010d\u00e1st Praha&nbsp;7 se p\u0159ipojila k\u00a0apelu na Vl\u00e1du \u010cesk\u00e9 republiky, kter\u00fd upozor\u0148uje na nutnost nav\u00fd\u0161en\u00ed finan\u010dn\u00edch prost\u0159edk\u016f na odborn\u00e9 podp\u016frn\u00e9 pozice ve \u0161kol\u00e1ch. Bez odpov\u00eddaj\u00edc\u00edho financov\u00e1n\u00ed ze st\u00e1tn\u00edho rozpo\u010dtu nebudou \u0161koly moct dodr\u017eet z\u00e1vazek vypl\u00fdvaj\u00edc\u00ed z\u00a0platn\u00e9 legislativy a&nbsp;zajistit tolik pot\u0159ebn\u00e9 \u0161koln\u00ed psychology, soci\u00e1ln\u00ed a&nbsp;speci\u00e1ln\u00ed pedagogy \u010di asistenty pedagoga. [\/perex] Praha&nbsp;7 se pod\u00edlela na vzniku [&hellip;]","protected":false},"author":5,"featured_media":86862,"comment_status":"closed","ping_status":"open","sticky":false,"template":"","format":"standard","meta":[],"categories":[34],"tags":[123,83],"_links":{"self":[{"href":"https:\/\/www.praha7.cz\/api\/wp\/v2\/posts\/89336"}],"collection":[{"href":"https:\/\/www.praha7.cz\/api\/wp\/v2\/posts"}],"about":[{"href":"https:\/\/www.praha7.cz\/api\/wp\/v2\/types\/post"}],"author":[{"embeddable":true,"href":"https:\/\/www.praha7.cz\/api\/wp\/v2\/users\/5"}],"replies":[{"embeddable":true,"href":"https:\/\/www.praha7.cz\/api\/wp\/v2\/comments?post=89336"}],"version-history":[{"count":3,"href":"https:\/\/www.praha7.cz\/api\/wp\/v2\/posts\/89336\/revisions"}],"predecessor-version":[{"id":89340,"href":"https:\/\/www.praha7.cz\/api\/wp\/v2\/posts\/89336\/revisions\/89340"}],"wp:featuredmedia":[{"embeddable":true,"href":"https:\/\/www.praha7.cz\/api\/wp\/v2\/media\/86862"}],"wp:attachment":[{"href":"https:\/\/www.praha7.cz\/api\/wp\/v2\/media?parent=89336"}],"wp:term":[{"taxonomy":"category","embeddable":true,"href":"https:\/\/www.praha7.cz\/api\/wp\/v2\/categories?post=89336"},{"taxonomy":"post_tag","embeddable":true,"href":"https:\/\/www.praha7.cz\/api\/wp\/v2\/tags?post=89336"}],"curies":[{"name":"wp","href":"https:\/\/api.w.org\/{rel}","templated":true}]}}