    
{"id":89303,"date":"2026-01-23T11:36:17","date_gmt":"2026-01-23T10:36:17","guid":{"rendered":"https:\/\/www.praha7.cz\/?p=89303"},"modified":"2026-01-30T12:47:36","modified_gmt":"2026-01-30T11:47:36","slug":"mezinarodni-den-pamatky-obeti-holocaustu-s-videoprojekci","status":"publish","type":"post","link":"https:\/\/www.praha7.cz\/mezinarodni-den-pamatky-obeti-holocaustu-s-videoprojekci\/","title":{"rendered":"Mezin\u00e1rodn\u00ed den pam\u00e1tky ob\u011bt\u00ed holocaustu s&nbsp;videoprojekc\u00ed"},"content":{"rendered":"<p>[perex]<\/p>\r\n<p>V \u00fater\u00fd 27.&nbsp;ledna 2026 od 17 do 22 hodin se zastavte ve Veletr\u017en\u00ed p\u0159ed hotelem Mama Shelter. Videoprojekc\u00ed na fas\u00e1du hotelu si p\u0159ipomeneme Mezin\u00e1rodn\u00ed den pam\u00e1tky ob\u011bt\u00ed holocaustu a&nbsp;81.&nbsp;v\u00fdro\u010d\u00ed osvobozen\u00ed koncentra\u010dn\u00edho a&nbsp;vyhlazovac\u00edho t\u00e1bora Auschwitz-Birkenau v&nbsp;roce 1945.<\/p>\r\n<p>[\/perex]\u00a0<\/p>\r\n<p>Hotel Mama Shelter je symbolick\u00e9 m\u00edsto b\u00fdval\u00e9ho shroma\u017edi\u0161t\u011b \u010desk\u00fdch \u017did\u016f a&nbsp;osob ozna\u010den\u00fdch za \u017didy, odkud b\u011bhem druh\u00e9 sv\u011btov\u00e9 v\u00e1lky odj\u00ed\u017ed\u011bly transporty do ghett Lod\u017e a&nbsp;Terez\u00edn. Transporty vyj\u00ed\u017ed\u011bly z&nbsp;nedalek\u00e9ho n\u00e1dra\u017e\u00ed Praha-Bubny.<\/p>\r\n<p>Centrum pam\u011bti a&nbsp;dialogu Bubny se zapojuje do mezin\u00e1rodn\u00ed p\u0159ipom\u00ednkov\u00e9 kampan\u011b\u00a0#WeRemember. V&nbsp;minul\u00e9m roce jsme si p\u0159ipom\u00ednali tv\u00e1\u0159e a&nbsp;jm\u00e9na ob\u011bt\u00ed.<br \/>\r\n\u00a0V leto\u0161n\u00edm roce p\u0159edstavujeme portr\u00e9ty p\u0159e\u017eiv\u0161\u00edch od fotografa Karla Cudl\u00edna, kter\u00e9 dopln\u00ed cit\u00e1ty ze sv\u011bdectv\u00ed z&nbsp;archivu Pam\u011bti n\u00e1roda. Mezi vybran\u00fdmi osobnostmi je Helga Ho\u0161kov\u00e1, Eva Erbenov\u00e1, Dita Krausov\u00e1, Hanu\u0161 Hron \u010di Ale\u0161 Vesel\u00fd. Autorem vizu\u00e1ln\u00edho ztv\u00e1rn\u011bn\u00ed projekce je Tom\u00e1\u0161 Lu\u0148\u00e1k.<\/p>\r\n<p>Akce je organizovan\u00e1 ve spolupr\u00e1ci s&nbsp;festivalem Signal, N\u00e1rodn\u00ed galeri\u00ed v&nbsp;Praze a&nbsp;hotelem Mama Shelter a&nbsp;je sou\u010d\u00e1st\u00ed doprovodn\u00e9ho programu k&nbsp;retrospektivn\u00ed v\u00fdstav\u011b Ale\u0161e Vesel\u00e9ho v&nbsp;N\u00e1rodn\u00ed galerii. Kon\u00e1 se pod z\u00e1\u0161titou prezidenta \u010cesk\u00e9 republiky Petra Pavla, starosty M\u010c Praha&nbsp;7 Jana \u010ci\u017einsk\u00e9ho a&nbsp;Federace \u017eidovsk\u00fdch obc\u00ed \u010cR.<\/p>\r\n<p><em>\u201eVn\u00edm\u00e1me na\u0161i odpov\u011bdnost pokra\u010dovat v&nbsp;odkazu p\u0159e\u017eiv\u0161\u00edch. Uchov\u00e1v\u00e1n\u00edm jejich sv\u011bdectv\u00ed pro budouc\u00ed generace a&nbsp;hled\u00e1n\u00edm nov\u00fdch zp\u016fsob\u016f, jak si minulost p\u0159ipom\u00ednat, usilujeme o&nbsp;to, aby tato sv\u011bdectv\u00ed nebyla redukov\u00e1na na pouh\u00e1 historick\u00e1 fakta, ale z\u016fstala hodnotov\u00fdm kompasem, kter\u00fd n\u00e1m p\u0159ipom\u00edn\u00e1, \u017ee boj proti antisemitismu st\u00e1le trv\u00e1,\u201c<\/em> \u0159\u00edk\u00e1 Pavl\u00edna \u0160ulcov\u00e1, \u0159editelka Centra pam\u011bti a&nbsp;dialogu Bubny.<\/p>\r\n<hr \/>\r\n<h3>Tiskov\u00e1 zpr\u00e1va Centra pam\u011bti a&nbsp;dialogu Bubny z&nbsp;27.&nbsp;ledna 2026<\/h3>\r\n<h4><\/h4>\r\n<h4>Pokra\u010dujeme v&nbsp;odkazu p\u0159e\u017eiv\u0161\u00edch<\/h4>\r\n<h4>Projekce na m\u00edst\u011b pam\u011bti p\u0159ipomene Mezin\u00e1rodn\u00ed den pam\u00e1tky ob\u011bt\u00ed holocaustu<\/h4>\r\n<h4><br \/>\r\nU&nbsp;p\u0159\u00edle\u017eitosti Mezin\u00e1rodn\u00edho dne pam\u00e1tky ob\u011bt\u00ed holocaustu prob\u011bhne v&nbsp;\u00fater\u00fd 27.&nbsp;1.&nbsp;2026 mezi 17\u201322&nbsp;h ji\u017e tradi\u010dn\u011b projekce na fas\u00e1du hotelu Mama Shelter ve Veletr\u017en\u00ed ulici v&nbsp;Praze. Jedn\u00e1 se o&nbsp;m\u00edsto b\u00fdval\u00e9ho shroma\u017edi\u0161t\u011b \u010desk\u00fdch \u017did\u016f a&nbsp;osob ozna\u010den\u00fdch za \u017didy, kte\u0159\u00ed odsud byli b\u011bhem 2.&nbsp;sv\u011btov\u00e9 v\u00e1lky deportov\u00e1ni do ghett Lod\u017e a&nbsp;Terez\u00edn. Transporty vyj\u00ed\u017ed\u011bly z&nbsp;nedalek\u00e9ho n\u00e1dra\u017e\u00ed Praha-Bubny. Centrum pam\u011bti a&nbsp;dialogu Bubny se zapojuje do mezin\u00e1rodn\u00ed p\u0159ipom\u00ednkov\u00e9 kampan\u011b #WeRemember.\u00a0<\/h4>\r\n<p><br \/>\r\nV&nbsp;minul\u00e9m roce tvo\u0159ily projekci tv\u00e1\u0159e a&nbsp;jm\u00e9na ob\u011bt\u00ed. V&nbsp;leto\u0161n\u00edm roce se jedn\u00e1 o&nbsp;um\u011bleck\u00e9 portr\u00e9ty p\u0159e\u017eiv\u0161\u00edch od fotografa Karla Cudl\u00edna, kter\u00e9 dopln\u00ed cit\u00e1ty ze sv\u011bdectv\u00ed z&nbsp;archivu Pam\u011bti n\u00e1roda. Mezi vybran\u00fdmi osobnostmi je Helga Ho\u0161kov\u00e1, Eva Erbenov\u00e1, Dita Krausov\u00e1, Hanu\u0161 Hron \u010di Ale\u0161 Vesel\u00fd. Autorem vizu\u00e1ln\u00edho ztv\u00e1rn\u011bn\u00ed projekce je Tom\u00e1\u0161 Lu\u0148\u00e1k.<\/p>\r\n<p>Mezin\u00e1rodn\u00ed den pam\u00e1tky ob\u011bt\u00ed holocaustu vyhl\u00e1sila OSN v&nbsp;roce 2005 rezoluc\u00ed 60\/7. P\u0159ipad\u00e1 ka\u017edoro\u010dn\u011b na 27.&nbsp;ledna, v&nbsp;den, kdy byl v&nbsp;roce 1945 osvobozen koncentra\u010dn\u00ed a&nbsp;vyhlazovac\u00ed t\u00e1bor Auschwitz-Birkenau. Auschwitz (Osv\u011btim) je symbolem jednoho z&nbsp;nejv\u011bt\u0161\u00edch civiliza\u010dn\u00edch kolaps\u016f v&nbsp;d\u011bjin\u00e1ch lidstva. Byl to komplex nacistick\u00fdch koncentra\u010dn\u00edch a&nbsp;vyhlazovac\u00edch t\u00e1bor\u016f, kde lid\u00e9 p\u0159ich\u00e1zeli o&nbsp;svobodu, d\u016fstojnost i&nbsp;\u017eivot kv\u016fli sv\u00e9mu p\u016fvodu. Systematicky vyvra\u017e\u010fov\u00e1ni byli p\u0159edev\u0161\u00edm \u017did\u00e9 a&nbsp;Romov\u00e9, ale tak\u00e9 homosexu\u00e1lov\u00e9, hendikepovan\u00ed lid\u00e9 a&nbsp;politi\u010dt\u00ed odp\u016frci nacistick\u00e9ho re\u017eimu.<\/p>\r\n<p>Akci organizuje Centrum pam\u011bti a&nbsp;dialogu Bubny ve spolupr\u00e1ci s&nbsp;festivalem Signal, Sv\u011btov\u00fdm \u017eidovsk\u00fdm kongresem (WJC), N\u00e1rodn\u00ed galeri\u00ed v&nbsp;Praze a&nbsp;hotelem Mama Shelter. Je sou\u010d\u00e1st\u00ed doprovodn\u00e9ho programu k&nbsp;retrospektivn\u00ed v\u00fdstav\u011b Ale\u0161e Vesel\u00e9ho v&nbsp;N\u00e1rodn\u00ed galerii a&nbsp;kon\u00e1 se pod z\u00e1\u0161titou prezidenta \u010cR Petra Pavla, ministra kultury \u010cR Ota Klemp\u00ed\u0159e, starosty M\u010c Praha&nbsp;7 Jana \u010ci\u017einsk\u00e9ho a&nbsp;Federace \u017eidovsk\u00fdch obc\u00ed v&nbsp;\u010cR.<\/p>","protected":false},"excerpt":{"rendered":"[perex] V&nbsp;\u00fater\u00fd 27.&nbsp;ledna 2026 od 17 do 22 hodin se zastavte ve Veletr\u017en\u00ed p\u0159ed hotelem Mama Shelter. Videoprojekc\u00ed na fas\u00e1du hotelu si p\u0159ipomeneme Mezin\u00e1rodn\u00ed den pam\u00e1tky ob\u011bt\u00ed holocaustu a&nbsp;81.&nbsp;v\u00fdro\u010d\u00ed osvobozen\u00ed koncentra\u010dn\u00edho a&nbsp;vyhlazovac\u00edho t\u00e1bora Auschwitz-Birkenau v&nbsp;roce 1945. [\/perex]\u00a0 Hotel Mama Shelter je symbolick\u00e9 m\u00edsto b\u00fdval\u00e9ho shroma\u017edi\u0161t\u011b \u010desk\u00fdch \u017did\u016f a&nbsp;osob ozna\u010den\u00fdch za \u017didy, odkud b\u011bhem druh\u00e9 [&hellip;]","protected":false},"author":251,"featured_media":89376,"comment_status":"closed","ping_status":"open","sticky":false,"template":"","format":"standard","meta":[],"categories":[34],"tags":[135],"_links":{"self":[{"href":"https:\/\/www.praha7.cz\/api\/wp\/v2\/posts\/89303"}],"collection":[{"href":"https:\/\/www.praha7.cz\/api\/wp\/v2\/posts"}],"about":[{"href":"https:\/\/www.praha7.cz\/api\/wp\/v2\/types\/post"}],"author":[{"embeddable":true,"href":"https:\/\/www.praha7.cz\/api\/wp\/v2\/users\/251"}],"replies":[{"embeddable":true,"href":"https:\/\/www.praha7.cz\/api\/wp\/v2\/comments?post=89303"}],"version-history":[{"count":3,"href":"https:\/\/www.praha7.cz\/api\/wp\/v2\/posts\/89303\/revisions"}],"predecessor-version":[{"id":89375,"href":"https:\/\/www.praha7.cz\/api\/wp\/v2\/posts\/89303\/revisions\/89375"}],"wp:featuredmedia":[{"embeddable":true,"href":"https:\/\/www.praha7.cz\/api\/wp\/v2\/media\/89376"}],"wp:attachment":[{"href":"https:\/\/www.praha7.cz\/api\/wp\/v2\/media?parent=89303"}],"wp:term":[{"taxonomy":"category","embeddable":true,"href":"https:\/\/www.praha7.cz\/api\/wp\/v2\/categories?post=89303"},{"taxonomy":"post_tag","embeddable":true,"href":"https:\/\/www.praha7.cz\/api\/wp\/v2\/tags?post=89303"}],"curies":[{"name":"wp","href":"https:\/\/api.w.org\/{rel}","templated":true}]}}