    
{"id":89288,"date":"2026-01-27T11:24:34","date_gmt":"2026-01-27T10:24:34","guid":{"rendered":"https:\/\/www.praha7.cz\/?p=89288"},"modified":"2026-02-03T16:52:03","modified_gmt":"2026-02-03T15:52:03","slug":"navody-krizove-situace","status":"publish","type":"post","link":"https:\/\/www.praha7.cz\/navody-krizove-situace\/","title":{"rendered":"Jak zvl\u00e1dnout mimo\u0159\u00e1dn\u00e9 krizov\u00e9 situace"},"content":{"rendered":"<p>[perex]<\/p>\r\n<p>V\u00fdpadky energi\u00ed, extr\u00e9mn\u00ed po\u010das\u00ed, hav\u00e1rie nebo jin\u00e9 mimo\u0159\u00e1dn\u00e9 ud\u00e1losti mohou p\u0159ij\u00edt ne\u010dekan\u011b a&nbsp;zas\u00e1hnout ka\u017ed\u00e9ho z&nbsp;n\u00e1s. Pr\u00e1v\u011b v&nbsp;takov\u00fdch chv\u00edl\u00edch je d\u016fle\u017eit\u00e9 v\u011bd\u011bt, jak se zachovat, jak nejl\u00e9pe pomoci sob\u011b i&nbsp;sv\u00fdm bl\u00edzk\u00fdm a&nbsp;kde hledat ov\u011b\u0159en\u00e9 informace. Zku\u0161enosti z&nbsp;praxe ukazuj\u00ed, \u017ee z\u00e1kladn\u00ed p\u0159ipravenost a&nbsp;znalost jednoduch\u00fdch postup\u016f mohou v\u00fdrazn\u011b sn\u00ed\u017eit rizika i&nbsp;stres spojen\u00fd s&nbsp;krizovou situac\u00ed.<\/p>\r\n<p>[\/perex]<\/p>\r\n<p>St\u00e1t, hlavn\u00ed m\u011bsto Praha i&nbsp;odborn\u00edci z&nbsp;\u0159ad hasi\u010d\u016f, policist\u016f a&nbsp;zdravotn\u00edk\u016f proto p\u0159ipravili p\u0159ehledn\u00e9 n\u00e1vody, rady a&nbsp;doporu\u010den\u00ed, kter\u00e9 pom\u00e1haj\u00ed ob\u010dan\u016fm p\u0159ipravit se p\u0159edem a&nbsp;zvl\u00e1dnout krizov\u00e9 situace s&nbsp;rozvahou. Najdete v&nbsp;nich informace o&nbsp;tom, jak\u00e9 z\u00e1soby a&nbsp;vybaven\u00ed je u\u017eite\u010dn\u00e9 m\u00edt doma, jak postupovat p\u0159i ohro\u017een\u00ed zdrav\u00ed \u010di bezpe\u010dnosti a&nbsp;jak se orientovat v&nbsp;prvn\u00edch hodin\u00e1ch a&nbsp;dnech, kdy dojde k&nbsp;mimo\u0159\u00e1dn\u00e9 krizov\u00e9 ud\u00e1losti.<\/p>\r\n<p>Doporu\u010dujeme se s&nbsp;t\u011bmito materi\u00e1ly sezn\u00e1mit v&nbsp;klidu a&nbsp;s&nbsp;p\u0159edstihem. P\u0159ipravenost nen\u00ed projevem obav, ale zodpov\u011bdn\u00e9ho p\u0159\u00edstupu k&nbsp;sob\u011b i&nbsp;sv\u00e9mu okol\u00ed.<\/p>\r\n<p>&nbsp;<\/p>\r\n<h3>U\u017eite\u010dn\u00e9 odkazy<\/h3>\r\n<p><strong>72 hodin \u2013 celorepublikov\u00fd projekt p\u0159ipravenosti obyvatel:<\/strong><\/p>\r\n<p><strong><a href=\"https:\/\/www.72h.gov.cz\/\" target=\"_blank\" rel=\"noopener\">www.72h.gov.cz<\/a><\/strong><\/p>\r\n<p>&nbsp;<\/p>\r\n<p><strong>Nebu\u010f p\u0159ekvapen \u2013 bezpe\u010dnost a&nbsp;krizov\u00e1 p\u0159ipravenost pro Pra\u017eany: <\/strong><\/p>\r\n<p><strong><a href=\"https:\/\/praha.eu\/web\/mhmp-bezpecnost\" target=\"_blank\" rel=\"noopener\">praha.eu\/web\/mhmp-bezpecnost<\/a><\/strong><\/p>\r\n<p>&nbsp;<\/p>\r\n<p><strong>To se nestane \u2013 praktick\u00e9 rady odborn\u00edk\u016f IZS:<\/strong><\/p>\r\n<p><strong><a href=\"https:\/\/www.tosenestane.cz\/\" target=\"_blank\" rel=\"noopener\">www.tosenestane.cz<\/a><\/strong><\/p>","protected":false},"excerpt":{"rendered":"[perex] V\u00fdpadky energi\u00ed, extr\u00e9mn\u00ed po\u010das\u00ed, hav\u00e1rie nebo jin\u00e9 mimo\u0159\u00e1dn\u00e9 ud\u00e1losti mohou p\u0159ij\u00edt ne\u010dekan\u011b a&nbsp;zas\u00e1hnout ka\u017ed\u00e9ho z&nbsp;n\u00e1s. Pr\u00e1v\u011b v&nbsp;takov\u00fdch chv\u00edl\u00edch je d\u016fle\u017eit\u00e9 v\u011bd\u011bt, jak se zachovat, jak nejl\u00e9pe pomoci sob\u011b i&nbsp;sv\u00fdm bl\u00edzk\u00fdm a&nbsp;kde hledat ov\u011b\u0159en\u00e9 informace. Zku\u0161enosti z&nbsp;praxe ukazuj\u00ed, \u017ee z\u00e1kladn\u00ed p\u0159ipravenost a&nbsp;znalost jednoduch\u00fdch postup\u016f mohou v\u00fdrazn\u011b sn\u00ed\u017eit rizika i&nbsp;stres spojen\u00fd s&nbsp;krizovou situac\u00ed. [\/perex] St\u00e1t, hlavn\u00ed [&hellip;]","protected":false},"author":5,"featured_media":89355,"comment_status":"closed","ping_status":"open","sticky":false,"template":"","format":"standard","meta":[],"categories":[34],"tags":[99,136],"_links":{"self":[{"href":"https:\/\/www.praha7.cz\/api\/wp\/v2\/posts\/89288"}],"collection":[{"href":"https:\/\/www.praha7.cz\/api\/wp\/v2\/posts"}],"about":[{"href":"https:\/\/www.praha7.cz\/api\/wp\/v2\/types\/post"}],"author":[{"embeddable":true,"href":"https:\/\/www.praha7.cz\/api\/wp\/v2\/users\/5"}],"replies":[{"embeddable":true,"href":"https:\/\/www.praha7.cz\/api\/wp\/v2\/comments?post=89288"}],"version-history":[{"count":1,"href":"https:\/\/www.praha7.cz\/api\/wp\/v2\/posts\/89288\/revisions"}],"predecessor-version":[{"id":89291,"href":"https:\/\/www.praha7.cz\/api\/wp\/v2\/posts\/89288\/revisions\/89291"}],"wp:featuredmedia":[{"embeddable":true,"href":"https:\/\/www.praha7.cz\/api\/wp\/v2\/media\/89355"}],"wp:attachment":[{"href":"https:\/\/www.praha7.cz\/api\/wp\/v2\/media?parent=89288"}],"wp:term":[{"taxonomy":"category","embeddable":true,"href":"https:\/\/www.praha7.cz\/api\/wp\/v2\/categories?post=89288"},{"taxonomy":"post_tag","embeddable":true,"href":"https:\/\/www.praha7.cz\/api\/wp\/v2\/tags?post=89288"}],"curies":[{"name":"wp","href":"https:\/\/api.w.org\/{rel}","templated":true}]}}