    
{"id":89220,"date":"2026-01-20T17:46:30","date_gmt":"2026-01-20T16:46:30","guid":{"rendered":"https:\/\/www.praha7.cz\/?p=89220"},"modified":"2026-02-12T01:54:39","modified_gmt":"2026-02-12T00:54:39","slug":"se-starostou-2-26","status":"publish","type":"post","link":"https:\/\/www.praha7.cz\/se-starostou-2-26\/","title":{"rendered":"Se starostou na brusl\u00edch 11.&nbsp;\u00fanora"},"content":{"rendered":"<p>[perex]<\/p>\r\n<p>Dal\u0161\u00ed neform\u00e1ln\u00ed setk\u00e1n\u00ed se starostou a&nbsp;radn\u00edmi se uskute\u010dn\u00ed na netradi\u010dn\u00edm m\u00edst\u011b: na <a href=\"https:\/\/www.praha7.cz\/kluziste-25\/\" target=\"_blank\" rel=\"noopener\">kluzi\u0161ti na Letn\u00e9<\/a>. P\u0159ij\u010fte <strong>ve st\u0159edu 11.&nbsp;\u00fanora 2026 od 18 do 20 hodin<\/strong> a&nbsp;ptejte se na v\u0161e, co v\u00e1s ohledn\u011b Sedmi\u010dky zaj\u00edm\u00e1. D\u011bti do 15 let v\u011bku (v\u010detn\u011b), kter\u00e9 maj\u00ed trval\u00e9 bydli\u0161t\u011b v&nbsp;Praze 7 nebo zde nav\u0161t\u011bvuj\u00ed \u0161kolu \u010di p\u0159ed\u0161koln\u00ed za\u0159\u00edzen\u00ed, maj\u00ed vstupn\u00e9 na kluzi\u0161t\u011b zdarma. T\u011b\u0161\u00edme se v\u00e1s!<\/p>\r\n<p>[\/perex]<\/p>","protected":false},"excerpt":{"rendered":"[perex] Dal\u0161\u00ed neform\u00e1ln\u00ed setk\u00e1n\u00ed se starostou a&nbsp;radn\u00edmi se uskute\u010dn\u00ed na netradi\u010dn\u00edm m\u00edst\u011b: na kluzi\u0161ti na Letn\u00e9. P\u0159ij\u010fte ve st\u0159edu 11.&nbsp;\u00fanora 2026 od 18 do 20 hodin a&nbsp;ptejte se na v\u0161e, co v\u00e1s ohledn\u011b Sedmi\u010dky zaj\u00edm\u00e1. D\u011bti do 15 let v\u011bku (v\u010detn\u011b), kter\u00e9 maj\u00ed trval\u00e9 bydli\u0161t\u011b v&nbsp;Praze 7 nebo zde nav\u0161t\u011bvuj\u00ed \u0161kolu \u010di p\u0159ed\u0161koln\u00ed za\u0159\u00edzen\u00ed, maj\u00ed [&hellip;]","protected":false},"author":251,"featured_media":89221,"comment_status":"closed","ping_status":"open","sticky":false,"template":"","format":"standard","meta":[],"categories":[34],"tags":[84],"_links":{"self":[{"href":"https:\/\/www.praha7.cz\/api\/wp\/v2\/posts\/89220"}],"collection":[{"href":"https:\/\/www.praha7.cz\/api\/wp\/v2\/posts"}],"about":[{"href":"https:\/\/www.praha7.cz\/api\/wp\/v2\/types\/post"}],"author":[{"embeddable":true,"href":"https:\/\/www.praha7.cz\/api\/wp\/v2\/users\/251"}],"replies":[{"embeddable":true,"href":"https:\/\/www.praha7.cz\/api\/wp\/v2\/comments?post=89220"}],"version-history":[{"count":5,"href":"https:\/\/www.praha7.cz\/api\/wp\/v2\/posts\/89220\/revisions"}],"predecessor-version":[{"id":89559,"href":"https:\/\/www.praha7.cz\/api\/wp\/v2\/posts\/89220\/revisions\/89559"}],"wp:featuredmedia":[{"embeddable":true,"href":"https:\/\/www.praha7.cz\/api\/wp\/v2\/media\/89221"}],"wp:attachment":[{"href":"https:\/\/www.praha7.cz\/api\/wp\/v2\/media?parent=89220"}],"wp:term":[{"taxonomy":"category","embeddable":true,"href":"https:\/\/www.praha7.cz\/api\/wp\/v2\/categories?post=89220"},{"taxonomy":"post_tag","embeddable":true,"href":"https:\/\/www.praha7.cz\/api\/wp\/v2\/tags?post=89220"}],"curies":[{"name":"wp","href":"https:\/\/api.w.org\/{rel}","templated":true}]}}