    
{"id":89195,"date":"2026-01-20T10:29:36","date_gmt":"2026-01-20T09:29:36","guid":{"rendered":"https:\/\/www.praha7.cz\/?p=89195"},"modified":"2026-01-20T17:34:38","modified_gmt":"2026-01-20T16:34:38","slug":"omezeni-provozu-na-lince-metra-c","status":"publish","type":"post","link":"https:\/\/www.praha7.cz\/omezeni-provozu-na-lince-metra-c\/","title":{"rendered":"Omezen\u00ed provozu na lince metra C"},"content":{"rendered":"<p>[perex]<\/p>\r\n<p><strong><span style=\"color: #339966;\">Aktualizace: Provoz metra obnoven.<\/span><\/strong><\/p>\r\n<p>Upozor\u0148ujeme na omezen\u00ed provozu metra na lince C z&nbsp;d\u016fvodu p\u00e1du osoby do koleji\u0161t\u011b ve stanici Hlavn\u00ed n\u00e1dra\u017e\u00ed.<\/p>\r\n<p>V \u00fasec\u00edch Let\u0148any-N\u00e1dra\u017e\u00ed Hole\u0161ovice a&nbsp;Pra\u017esk\u00e9ho povst\u00e1n\u00ed-H\u00e1je provoz zachov\u00e1n. Do \u00faseku N\u00e1dra\u017e\u00ed Hole\u0161ovice-Pra\u017esk\u00e9ho povst\u00e1n\u00ed postupn\u011b zav\u00e1d\u011bna n\u00e1hradn\u00ed autobusov\u00e1 doprava.<\/p>\r\n<p>Aktu\u00e1ln\u00ed informace sledujte na <a href=\"https:\/\/www.dpp.cz\/omezeni-a-mimoradne-udalosti\/detail\/30691\" target=\"_blank\" rel=\"noopener\">str\u00e1nk\u00e1ch DPP<\/a>.\u00a0<\/p>\r\n<p>[\/perex]<\/p>","protected":false},"excerpt":{"rendered":"[perex] Aktualizace: Provoz metra obnoven. Upozor\u0148ujeme na omezen\u00ed provozu metra na lince C z&nbsp;d\u016fvodu p\u00e1du osoby do koleji\u0161t\u011b ve stanici Hlavn\u00ed n\u00e1dra\u017e\u00ed. V&nbsp;\u00fasec\u00edch Let\u0148any-N\u00e1dra\u017e\u00ed Hole\u0161ovice a&nbsp;Pra\u017esk\u00e9ho povst\u00e1n\u00ed-H\u00e1je provoz zachov\u00e1n. Do \u00faseku N\u00e1dra\u017e\u00ed Hole\u0161ovice-Pra\u017esk\u00e9ho povst\u00e1n\u00ed postupn\u011b zav\u00e1d\u011bna n\u00e1hradn\u00ed autobusov\u00e1 doprava. Aktu\u00e1ln\u00ed informace sledujte na str\u00e1nk\u00e1ch DPP.\u00a0 [\/perex]","protected":false},"author":5,"featured_media":63301,"comment_status":"closed","ping_status":"open","sticky":false,"template":"","format":"standard","meta":[],"categories":[34],"tags":[57],"_links":{"self":[{"href":"https:\/\/www.praha7.cz\/api\/wp\/v2\/posts\/89195"}],"collection":[{"href":"https:\/\/www.praha7.cz\/api\/wp\/v2\/posts"}],"about":[{"href":"https:\/\/www.praha7.cz\/api\/wp\/v2\/types\/post"}],"author":[{"embeddable":true,"href":"https:\/\/www.praha7.cz\/api\/wp\/v2\/users\/5"}],"replies":[{"embeddable":true,"href":"https:\/\/www.praha7.cz\/api\/wp\/v2\/comments?post=89195"}],"version-history":[{"count":3,"href":"https:\/\/www.praha7.cz\/api\/wp\/v2\/posts\/89195\/revisions"}],"predecessor-version":[{"id":89200,"href":"https:\/\/www.praha7.cz\/api\/wp\/v2\/posts\/89195\/revisions\/89200"}],"wp:featuredmedia":[{"embeddable":true,"href":"https:\/\/www.praha7.cz\/api\/wp\/v2\/media\/63301"}],"wp:attachment":[{"href":"https:\/\/www.praha7.cz\/api\/wp\/v2\/media?parent=89195"}],"wp:term":[{"taxonomy":"category","embeddable":true,"href":"https:\/\/www.praha7.cz\/api\/wp\/v2\/categories?post=89195"},{"taxonomy":"post_tag","embeddable":true,"href":"https:\/\/www.praha7.cz\/api\/wp\/v2\/tags?post=89195"}],"curies":[{"name":"wp","href":"https:\/\/api.w.org\/{rel}","templated":true}]}}