    
{"id":89123,"date":"2026-01-15T12:21:32","date_gmt":"2026-01-15T11:21:32","guid":{"rendered":"https:\/\/www.praha7.cz\/?p=89123"},"modified":"2026-01-15T12:21:32","modified_gmt":"2026-01-15T11:21:32","slug":"strazci-svobody","status":"publish","type":"post","link":"https:\/\/www.praha7.cz\/strazci-svobody\/","title":{"rendered":"Str\u00e1\u017eci svobody"},"content":{"rendered":"<p>[perex]<\/p>\r\n<p>Nevl\u00e1dn\u00ed neziskov\u00e1 organizace <a href=\"https:\/\/www.iure.org\/\" target=\"_blank\" rel=\"noopener\">Iuridicum Remedium (IuRe)<\/a> pracuje pro ty, kte\u0159\u00ed se ztr\u00e1cej\u00ed v&nbsp;pr\u00e1vn\u00edm i&nbsp;digit\u00e1ln\u00edm sv\u011bt\u011b, sou\u010dasn\u011b v\u0161ak funguje jako jak\u00fdsi \u201ehl\u00eddac\u00ed pes\u201c demokracie. Pravideln\u011b si bere na pa\u0161k\u00e1l instituce i&nbsp;jednotlivce, ji\u017e poru\u0161uj\u00ed osobn\u00ed svobodu, proto\u017ee v&nbsp;r\u00e1mci rychle se m\u011bn\u00edc\u00edch podm\u00ednek a&nbsp;s\u00edl\u00edc\u00edho vlivu neust\u00e1le se rozv\u00edjej\u00edc\u00edch technologi\u00ed je takov\u00e9 jedn\u00e1n\u00ed t\u011b\u017ek\u00e9 rozpoznat. Advok\u00e1t Jan Vobo\u0159il z&nbsp;IuRe v&nbsp;rozhovoru vysv\u011btluje, jak se oby\u010dejn\u00e9 \u017eivotn\u00ed situace prol\u00ednaj\u00ed s&nbsp;digit\u00e1ln\u00edm dohledem \u201evelk\u00e9ho bratra\u201c, mluv\u00ed o&nbsp;n\u00e1strah\u00e1ch n\u00e1jemn\u00edch smluv \u010di povinn\u00fdch datov\u00fdch schr\u00e1nek i&nbsp;o&nbsp;tom, jak moc toho o&nbsp;n\u00e1s v\u011bd\u00ed aplikace v&nbsp;mobilech a&nbsp;pro\u010d je digit\u00e1ln\u00ed hygiena jednou z&nbsp;nejd\u016fle\u017eit\u011bj\u0161\u00edch dovednost\u00ed sou\u010dasnosti.<br \/>\r\n\u00a0<br \/>\r\n[\/perex]<\/p>\r\n<p><strong>Pravideln\u011b p\u0159isp\u00edv\u00e1te do Hobuletu v&nbsp;rubrice Advok\u00e1t rad\u00ed. Sepisujete ji na z\u00e1klad\u011b re\u00e1ln\u00fdch dotaz\u016f?<\/strong><br \/>\r\nNen\u00ed to tak, \u017ee bych kop\u00edroval skute\u010dn\u00e9 dotazy, je to sp\u00ed\u0161 kompil\u00e1t z\u00a0re\u00e1ln\u00fdch dotaz\u016f, kter\u00e9 se k\u00a0n\u00e1m dostanou. Z\u00a0nich pak sestav\u00edm modelov\u00fd dotaz pro rubriku. Je ale pot\u0159eba zd\u016fraznit, \u017ee my se zam\u011b\u0159ujeme na ur\u010dit\u00e9 oblasti, tak\u017ee i\u00a0dotazy reflektuj\u00ed pr\u00e1v\u011b ty oblasti, kter\u00fdm se prim\u00e1rn\u011b v\u011bnujeme.<\/p>\r\n<p><strong>A jak\u00e9 oblasti to jsou?<\/strong><br \/>\r\nV&nbsp;Iuridicum Remedium se v\u011bnujeme dv\u011bma oblastem: na\u0161e vlajkov\u00e1 lo\u010f jsou digit\u00e1ln\u00ed pr\u00e1va a&nbsp;svobody, to znamen\u00e1 vztah lidsk\u00fdch pr\u00e1v a&nbsp;modern\u00edch technologi\u00ed. V&nbsp;t\u00e9to oblasti vyhla\u0161ujeme ka\u017ed\u00fd rok <a href=\"https:\/\/bigbrotherawards.cz\/\" target=\"_blank\" rel=\"noopener\">Ceny Velk\u00e9ho bratra<\/a>. A&nbsp;pak je druh\u00e1 v\u011btev, kter\u00e1 je mo\u017en\u00e1 vid\u011bt m\u00e9n\u011b, ale pova\u017euji ji za nem\u00e9n\u011b d\u016fle\u017eitou: zaji\u0161t\u011bn\u00ed bezplatn\u00e9 pr\u00e1vn\u00ed pomoci lidem, kte\u0159\u00ed na tu komer\u010dn\u00ed nedos\u00e1hnou. Zam\u011b\u0159ujeme se zejm\u00e9na na seniory a&nbsp;t\u00e9mata spojen\u00e1 s&nbsp;dluhy, exekucemi, n\u00e1jemn\u00edm bydlen\u00edm a&nbsp;\u010d\u00e1ste\u010dn\u011b i&nbsp;s&nbsp;pracovn\u00edm pr\u00e1vem. To jsou hlavn\u00ed oblasti na\u0161eho poradenstv\u00ed. A&nbsp;ur\u010dit\u00fdm pr\u016fnikem, kter\u00fd n\u00e1m z&nbsp;t\u011bchto dvou v\u011btv\u00ed vych\u00e1z\u00ed, je t\u00e9ma digit\u00e1ln\u00edho vylou\u010den\u00ed, dopady digitalizace na lidi, kte\u0159\u00ed nepou\u017e\u00edvaj\u00ed modern\u00ed technologie. T\u0159eba u&nbsp;senior\u016f se velice \u010dasto setk\u00e1me s&nbsp;t\u00edm, \u017ee zdrojem jejich probl\u00e9m\u016f je jednodu\u0161e to, \u017ee neum\u011bj\u00ed n\u011bco vyplnit on-line, otev\u0159\u00edt datovou schr\u00e1nku a&nbsp;podobn\u011b.<\/p>\r\n<p><strong>Ned\u00e1vno byl ve va\u0161\u00ed rubrice p\u0159\u00edklad seniora, kter\u00fd \u010delil exekuci pr\u00e1v\u011b proto, \u017ee si neotev\u0159el datovou schr\u00e1nku\u2026<\/strong><br \/>\r\nB\u00fdv\u00e1 to te\u010f pom\u011brn\u011b \u010dast\u00fd p\u0159\u00edpad, i&nbsp;proto, \u017ee byly zavedeny povinn\u00e9 datov\u00e9 schr\u00e1nky pro v\u0161echny \u017eivnostn\u00edky, v\u010detn\u011b t\u011bch, kte\u0159\u00ed maj\u00ed \u017eivnost pozastavenou a&nbsp;u\u017e t\u0159eba ani nev\u011bd\u00ed, \u017ee jsou st\u00e1le vedeni jako \u017eivnostn\u00edci, proto\u017ee re\u00e1ln\u011b d\u00e1vno nepodnikaj\u00ed. Ale i&nbsp;jim byla p\u0159ed dv\u011bma lety z\u0159\u00edzena datov\u00e1 schr\u00e1nka a&nbsp;\u00fa\u0159ady \u010dasto nedodr\u017euj\u00ed jednotliv\u00e9 role \u2013 do podnikatelsk\u00e9 datov\u00e9 schr\u00e1nky maj\u00ed pos\u00edlat pouze to, co se t\u00fdk\u00e1 podnik\u00e1n\u00ed. To znamen\u00e1, \u017ee kdy\u017e m\u00e1te \u017eivnost p\u0159eru\u0161enou, do podnikatelsk\u00e9 schr\u00e1nky by v&nbsp;podstat\u011b nem\u011blo chodit nic. \u00da\u0159ady ale \u010dasto z\u00e1silky pos\u00edlaj\u00ed \u0161patn\u011b a&nbsp;i&nbsp;dokumenty ur\u010den\u00e9 fyzick\u00e9 osob\u011b po\u0161lou do podnikatelsk\u00e9 datov\u00e9 schr\u00e1nky. Jen\u017ee doty\u010dn\u00fd se to v\u016fbec nemus\u00ed dozv\u011bd\u011bt a&nbsp;vznik\u00e1 z&nbsp;toho spousta probl\u00e9m\u016f.<br \/>\r\n<br \/>\r\n<strong>Dotazy do pr\u00e1vn\u00ed poradny k&nbsp;v\u00e1m chod\u00ed p\u00edsemn\u011b, telefonicky, nebo klienti p\u0159ich\u00e1zej\u00ed i\u00a0osobn\u011b? Jak to funguje?<br \/>\r\n<\/strong>Poradnu m\u00e1me osobn\u00ed, tak\u017ee se doty\u010dn\u00fd jednodu\u0161e objedn\u00e1. Je pot\u0159eba zavolat p\u0159edem a&nbsp;domluvit si osobn\u00ed sch\u016fzku. M\u00e1me ale i&nbsp;telefonickou a&nbsp;taky webovou poradnu, kde lze pokl\u00e1dat dotazy on line. Tyto dotazy pak anonymn\u011b zve\u0159ej\u0148ujeme, pokud s&nbsp;t\u00edm tazatel souhlas\u00ed. To slou\u017e\u00ed i&nbsp;dal\u0161\u00edm lidem, kte\u0159\u00ed tak mohou odpov\u011b\u010f na sv\u016fj vlastn\u00ed dotaz naj\u00edt d\u0159\u00edv, ne\u017e ho v\u016fbec polo\u017e\u00ed. Tak\u017ee to m\u00e1 n\u011bjak\u00fd osv\u011btov\u00fd efekt, \u0159ekn\u011bme.<\/p>\r\n<p><strong>Obracej\u00ed se na v\u00e1s v\u00fdhradn\u011b senio\u0159i, nebo se m\u016f\u017ee objednat kdokoli?<br \/>\r\n<\/strong>V sou\u010dasn\u00e9 dob\u011b m\u00e1me projekty, kter\u00e9 jsou ur\u010den\u00e9 pro seniory v&nbsp;oblasti dluh\u016f a&nbsp;exekuc\u00ed, ale t\u0159eba v&nbsp;oblasti n\u00e1jemn\u00edho bydlen\u00ed jsme letos z\u00edskali projekt, v&nbsp;jeho\u017e r\u00e1mci poskytujeme poradenstv\u00ed bez omezen\u00ed v\u011bku.<\/p>\r\n<p><strong>Tak\u017ee se objevuj\u00ed dotazy t\u0159eba i\u00a0z\u00a0\u0159ad student\u016f a\u00a0mlad\u0161\u00edch ro\u010dn\u00edk\u016f?<br \/>\r\n<\/strong>Ano, te\u010f je toho spousta, proto\u017ee n\u00e1jmy se \u0159e\u0161\u00ed neust\u00e1le a&nbsp;st\u00e1le je kolem nich \u0159ada nevyjasn\u011bn\u00fdch ot\u00e1zek. N\u00e1jemn\u00ed smlouvy mnohdy nejsou dostate\u010dn\u011b konkr\u00e9tn\u00ed, tak\u017ee strany nev\u011bd\u00ed, jak\u00e1 maj\u00ed pr\u00e1va a&nbsp;povinnosti.<\/p>\r\n<p><strong>Z va\u0161\u00ed rubriky si vybavuji dotaz, kdy n\u00e1jemnice protestovala proti ur\u010dit\u00fdm polo\u017ek\u00e1m, kter\u00e9 m\u011bla podle vy\u00fa\u010dtov\u00e1n\u00ed pronaj\u00edmateli uhradit\u2026<br \/>\r\n<\/strong>Pr\u00e1v\u011b toto b\u00fdv\u00e1 mezi pronaj\u00edmateli a&nbsp;n\u00e1jemn\u00edky asi nej\u010dast\u011bj\u0161\u00ed sporn\u00fd bod \u2013 slu\u017eby a&nbsp;\u00fa\u010dtov\u00e1n\u00ed slu\u017eeb, kdy pronaj\u00edmatel\u00e9 do slu\u017eeb n\u00e1jemn\u00edkovi pravideln\u011b zapo\u010d\u00edtaj\u00ed v\u0161e, co jim p\u0159ijde, nap\u0159\u00edklad platby pro SVJ. Jednodu\u0161e vy\u00fa\u010dtov\u00e1n\u00ed vezmou a&nbsp;p\u0159epo\u0161lou n\u00e1jemn\u00edkovi. Pak jsou v&nbsp;n\u011bm ale zahrnuty i&nbsp;polo\u017eky, kter\u00e9 pronaj\u00edmatel\u00e9 nem\u016f\u017eou p\u0159e\u00fa\u010dtov\u00e1vat, jako jsou nap\u0159\u00edklad pr\u00e1v\u011b odm\u011bny pro \u010dleny SVJ, odm\u011bny za spr\u00e1vu, budov\u00e1n\u00ed fondu oprav a&nbsp;tak d\u00e1le.<\/p>\r\n<p><strong>Takov\u00fd probl\u00e9m b\u00fdv\u00e1 asi pom\u011brn\u011b \u010dast\u00fd.<br \/>\r\n<\/strong>Troufl bych si \u0159\u00edct, \u017ee to d\u011bl\u00e1 v\u00edc ne\u017e pades\u00e1t procent pronaj\u00edmatel\u016f, zejm\u00e9na ti men\u0161\u00ed, kte\u0159\u00ed vlastn\u00ed t\u0159eba jen jeden byt, kter\u00fd zrovna nepot\u0159ebuj\u00ed. Je dobr\u00e9, aby o\u00a0tom n\u00e1jemn\u00edci v\u011bd\u011bli a\u00a0pod\u00e1vali proti takov\u00e9mu vy\u00fa\u010dtov\u00e1n\u00ed n\u00e1mitky.<\/p>\r\n<p><strong>M\u016f\u017ee hr\u00e1t roli i&nbsp;to, \u017ee mnoho lid\u00ed se vlastn\u011b nezaj\u00edm\u00e1 o\u00a0to, jak\u00e1 maj\u00ed pr\u00e1va a\u00a0na co maj\u00ed n\u00e1rok?<br \/>\r\n<\/strong>V\u011bt\u0161ina lid\u00ed jsou pr\u00e1vn\u00ed laici, tak\u017ee maj\u00ed n\u011bjakou p\u0159edstavu o&nbsp;tom, co pr\u00e1vo je, ale ta p\u0159edstava se nemus\u00ed \u00fapln\u011b sch\u00e1zet s&nbsp;t\u00edm, jak je to doopravdy. Nav\u00edc do toho vstupuje um\u011bl\u00e1 inteligence. Kdy\u017e dnes zad\u00e1te dotaz do Google vyhled\u00e1va\u010de, dostanete jako prvn\u00ed odpov\u011b\u010f um\u011bl\u00e9 inteligence. N\u011bkdy m\u016f\u017ee b\u00fdt celkem spr\u00e1vn\u00e1, ale velmi \u010dasto je zav\u00e1d\u011bj\u00edc\u00ed nebo AI i&nbsp;naprosto halucinuje. Lid\u00e9 pak \u010dasto vych\u00e1zej\u00ed z&nbsp;toho, \u017ee je to realita, ale p\u0159itom to s&nbsp;realitou nem\u00e1 spole\u010dn\u00e9ho nic.<\/p>\r\n<p>Dal\u0161\u00ed probl\u00e9m, t\u0159eba pr\u00e1v\u011b u&nbsp;n\u00e1jm\u016f, je, \u017ee mnoz\u00ed n\u00e1jemci maj\u00ed kr\u00e1tkodob\u00e9 smlouvy, a&nbsp;by\u0165 maj\u00ed n\u011bjak\u00e1 pr\u00e1va, kter\u00e1 vypl\u00fdvaj\u00ed z&nbsp;pr\u00e1vn\u00edch p\u0159edpis\u016f nebo z&nbsp;n\u00e1jemn\u00ed smlouvy, boj\u00ed se je uplatnit, proto\u017ee se ob\u00e1vaj\u00ed, \u017ee pronaj\u00edmatel jim za rok smlouvu neprodlou\u017e\u00ed. Co\u017e je bohu\u017eel v&nbsp;dne\u0161n\u00ed pra\u017esk\u00e9 realit\u011b celkem pochopiteln\u00e1 obava.<\/p>\r\n<p><strong>Bytov\u00e1 krize situaci ur\u010dit\u011b neprosp\u00edv\u00e1\u2026<\/strong><br \/>\r\nJe to tak. Pr\u00e1vo vztah n\u00e1jemn\u00edk\u2013pronaj\u00edmatel reguluje pom\u011brn\u011b dob\u0159e, ale probl\u00e9m je, \u017ee se u\u00a0n\u00e1s v\u00a0sou\u010dasn\u00e9 dob\u011b nesetk\u00e1v\u00e1 m\u00edra nab\u00eddky s\u00a0m\u00edrou popt\u00e1vky a\u00a0vyjedn\u00e1vac\u00ed pozice n\u00e1jemn\u00edk\u016f ve chv\u00edli, kdy m\u00e1 o\u00a0byt z\u00e1jem dvacet lid\u00ed, je v\u00a0podstat\u011b nulov\u00e1.<\/p>\r\n<p><strong>\u0158e\u0161\u00edte kolem bydlen\u00ed i&nbsp;jin\u00e9 probl\u00e9my? Dovedu si p\u0159edstavit, \u017ee se k&nbsp;v\u00e1m mohou dostat i&nbsp;pro v\u00e1s t\u0159eba \u00fasm\u011bvn\u00e9 p\u0159\u00edb\u011bhy.<br \/>\r\n<\/strong>Spousta dotaz\u016f se t\u00fdk\u00e1 stavu bytu a&nbsp;ob\u010das se skute\u010dn\u011b nesta\u010d\u00edm divit, v&nbsp;\u010dem lid\u00e9 bydl\u00ed. N\u011bkter\u00e9 byty jsou ve stra\u0161n\u00e9m stavu a&nbsp;pronaj\u00edmatel je p\u0159esto nechce opravit nebo zrekonstruovat \u2013 to b\u00fdvaj\u00ed sp\u00ed\u0161 smutn\u00e9 ne\u017e vesel\u00e9 p\u0159\u00edb\u011bhy. J\u00e1 jsem sou\u010dasn\u011b s&nbsp;pr\u00e1vem studoval historii a&nbsp;zab\u00fdval jsem se 19.&nbsp;stolet\u00edm a&nbsp;p\u0159edm\u011bstsk\u00fdmi obcemi tady v&nbsp;Praze a&nbsp;tam se tehdy \u0159e\u0161ilo nap\u0159\u00edklad to, \u017ee lid\u00e9 bydl\u00ed ve sklepn\u00edch bytech a&nbsp;\u017ee je t\u0159eba to vym\u00fdtit. Tak\u017ee po\u010det sklepn\u00edch byt\u016f postupn\u011b klesal. A&nbsp;te\u010f mi p\u0159ijde, \u017ee dnes je naopak boom ve v\u00fdstavb\u011b sklepn\u00edch byt\u016f a&nbsp;lid\u00e9 op\u011bt ve sklepech bydl\u00ed \u010d\u00edm d\u00e1l v\u00edc. V&nbsp;tomto ohledu by se tedy dalo \u0159\u00edct, \u017ee se vrac\u00edme do 19.&nbsp;stolet\u00ed. A\u00a0bydlet ve sklep\u011b samoz\u0159ejm\u011b nen\u00ed zdrav\u00e9 \u2013 t\u0159eba proto, \u017ee tam je vlhko, pl\u00edsn\u011b,\u00a0v\u00a0lep\u0161\u00edm p\u0159\u00edpad\u011b jen mal\u00e9 ok\u00e9nko n\u011bkde u\u00a0stropu apod.<\/p>\r\n<p><strong>Jak jste se vlastn\u011b dostal k&nbsp;p\u016fsoben\u00ed v\u00a0Iuridicum Remedium?<br \/>\r\n<\/strong>Pr\u00e1va nebyla moje \u00fapln\u011b prvn\u00ed volba, proto\u017ee jsem m\u011bl r\u00e1d historii a&nbsp;cht\u011bl jsem ji studovat na filozofick\u00e9 fakult\u011b, ale sou\u010dasn\u011b jsem se dostal i&nbsp;na pr\u00e1va, tak jsem si \u0159ekl, \u017ee zkus\u00edm oboj\u00ed, a&nbsp;oboj\u00ed jsem nakonec vystudoval. (\u00fasm\u011bv) B\u011bhem studia pr\u00e1v m\u011b za\u010dala zaj\u00edmat zejm\u00e9na oblast lidsk\u00fdch pr\u00e1v a&nbsp;mezi nimi pak pr\u00e1va zam\u011b\u0159en\u00e1 prim\u00e1rn\u011b na jednotlivce, nikoli ta kolektivn\u00ed \u2013 pr\u00e1v\u011b tak jsem se dostal t\u0159eba k&nbsp;pr\u00e1vu na soukrom\u00ed. Je\u0161t\u011b na \u0161kole jsem za\u010dal na \u010d\u00e1ste\u010dn\u00fd \u00favazek pracovat na \u00da\u0159adu pro ochranu osobn\u00edch \u00fadaj\u016f, kter\u00fd mimochodem tak\u00e9 s\u00eddl\u00ed na Sedmi\u010dce, a&nbsp;d\u00edky tomu jsem se pono\u0159il do t\u00e9matu ochrany soukrom\u00ed. Pak u\u017e to byl k&nbsp;IuRe jen krok. Tady jsem se prim\u00e1rn\u011b v\u011bnoval nejprve digit\u00e1ln\u00edm pr\u00e1v\u016fm a&nbsp;kampan\u00edm prosazuj\u00edc\u00edm pr\u00e1vo na soukrom\u00ed. A&nbsp;pak jsem si \u0159ekl, \u017ee by bylo dobr\u00e9 roz\u0161\u00ed\u0159it to i&nbsp;o&nbsp;tu druhou v\u011btev, to znamen\u00e1 i&nbsp;o&nbsp;to praktick\u00e9 pr\u00e1vo, kdy m\u00e1te, \u0159ekn\u011bme, docela dobr\u00fd pocit, kdy\u017e n\u011bkomu s&nbsp;n\u011b\u010d\u00edm konkr\u00e9tn\u00edm pom\u016f\u017eete.<\/p>\r\n<p><strong>P\u0159ib\u00fdv\u00e1 v\u00e1m s&nbsp;nar\u016fstaj\u00edc\u00ed digitalizac\u00ed hodn\u011b pr\u00e1ce?<\/strong><br \/>\r\nMy jsme se v&nbsp;IuRe sna\u017eili v\u017edy b\u00fdt tak trochu vizion\u00e1\u0159i a&nbsp;hledat v&nbsp;rozvoji technologi\u00ed trendy, kter\u00e9 mohou b\u00fdt problematick\u00e9 v&nbsp;budoucnu, ostatn\u011b to je i&nbsp;filozofie na\u0161ich anticen. Nap\u0159\u00edklad o&nbsp;rozpozn\u00e1v\u00e1n\u00ed tv\u00e1\u0159\u00ed jsme hovo\u0159ili t\u0159eba u\u017e p\u0159ed deseti lety, kdy je\u0161t\u011b dne\u0161n\u00ed syst\u00e9my, kter\u00e9 pou\u017e\u00edv\u00e1 i&nbsp;\u010desk\u00e1 policie, byly jen hudbou budoucnosti. Na druhou stranu, kdy\u017e se t\u0159eba pod\u00edv\u00e1m patn\u00e1ct let dozadu, kdy\u017e jsem do IuRe nastupoval, tak tehdy jsme se v\u011bnovali tak\u00e9 v\u011bcem, kter\u00e9 by n\u00e1m dnes u\u017e ani nep\u0159i\u0161ly problematick\u00e9, proto\u017ee se mezit\u00edm vyskytly mnohem d\u016fle\u017eit\u011bj\u0161\u00ed probl\u00e9my. Tehdy jsme t\u0159eba prosadili anonymn\u00ed Opencard. P\u0159itom z&nbsp;dne\u0161n\u00edho pohledu je to, co o&nbsp;n\u00e1s sb\u00edraj\u00ed \u010dipov\u00e9 karty, zcela nepom\u011brn\u00e9 s&nbsp;t\u00edm, co sb\u00edr\u00e1 t\u0159eba mobil a&nbsp;aplikace v&nbsp;n\u011bm.<\/p>\r\n<p>Technologie se v&nbsp;ka\u017ed\u00e9m p\u0159\u00edpad\u011b rozv\u00edjej\u00ed st\u00e1le zb\u011bsilej\u0161\u00edm tempem. T\u0159eba AI je technologie, kter\u00e1 se v&nbsp;d\u011bjin\u00e1ch lidstva nyn\u00ed rozv\u00edj\u00ed asi v\u016fbec nejrychleji. Zat\u00edmco ostatn\u00ed technologie se vyv\u00edjely des\u00edtky \u010di aspo\u0148 jednotky let, u&nbsp;AI to jsou t\u00fddny, mo\u017en\u00e1 dny a&nbsp;pel\u00e1\u0161\u00ed st\u00e1le dop\u0159edu. Tak\u017ee je skute\u010dn\u011b pot\u0159eba soust\u0159edit se jenom na ty v\u011bci, kter\u00e9 pova\u017eujete za nejproblemati\u010dt\u011bj\u0161\u00ed.<\/p>\r\n<p><strong>A kdy\u017e se vizion\u00e1\u0159sky pod\u00edv\u00e1te do budoucnosti dnes, boj\u00edte se? Jak se podle v\u00e1s bude situace v\u00a0kontextu digitalizace a\u00a0ochrany lidsk\u00fdch pr\u00e1v vyv\u00edjet?<br \/>\r\n<\/strong>Technologie jdou dop\u0159edu obrovsk\u00fdm tempem. Trochu se ob\u00e1v\u00e1m narativu, \u017ee Evropa zaost\u00e1v\u00e1 za sv\u011btem. Je pot\u0159eba zd\u016fraznit, \u017ee Evropa jako jedna z&nbsp;m\u00e1la \u0159e\u0161\u00ed lidsk\u00e1 pr\u00e1va ve vztahu k&nbsp;digit\u00e1ln\u00edmu prost\u0159ed\u00ed. U&nbsp;n\u00e1s m\u00e1me pom\u011brn\u011b slu\u0161nou regulaci, a&nbsp;pr\u00e1v\u011b v&nbsp;regulac\u00edch je Evropa l\u00eddr. Mnoh\u00fdm to zn\u00ed pejorativn\u011b, ale j\u00e1 to mysl\u00edm sp\u00ed\u0161 v&nbsp;pozitivn\u00edm slova smyslu. T\u0159eba na GDPR spousta lid\u00ed nad\u00e1v\u00e1, za m\u011b ale jde o&nbsp;velmi slu\u0161n\u00fd pr\u00e1vn\u00ed p\u0159edpis, kter\u00fd mimochodem od n\u00e1s p\u0159evzala velk\u00e1 \u010d\u00e1st sv\u011bta. Inspirac\u00ed byl pro Japonsko nebo t\u0159eba pro Braz\u00edlii. A&nbsp;mysl\u00edm si, \u017ee podobn\u011b to m\u016f\u017ee b\u00fdt i&nbsp;s&nbsp;aktem o&nbsp;um\u011bl\u00e9 inteligenci (AI Act), kter\u00fd m\u00e1 AI regulovat. Samoz\u0159ejm\u011b s&nbsp;t\u00edm bude spojena ur\u010dit\u00e1 v\u00fdhoda pro firmy, kter\u00e9 se t\u011bmito p\u0159edpisy ne\u0159\u00edd\u00ed, nemysl\u00edm si ale, \u017ee by tohle pro n\u00e1s m\u011blo b\u00fdt jedin\u00fdm krit\u00e9riem, s&nbsp;n\u00edm\u017e k&nbsp;vyu\u017e\u00edv\u00e1n\u00ed AI nebo obecn\u011bji k&nbsp;podnik\u00e1n\u00ed v&nbsp;informa\u010dn\u00edch technologi\u00edch budeme p\u0159istupovat.<\/p>\r\n<p>To jsem ale trochu odbo\u010dil \u2013 a&nbsp;abych se vr\u00e1til, tak ano, hrozby budoucnosti jsou velk\u00e9. U\u017e dnes jsou data, kter\u00e1 jsou o&nbsp;n\u00e1s sb\u00edr\u00e1na, tak komplexn\u00ed, \u017ee asi nep\u0159eh\u00e1n\u00edme, kdy\u017e \u0159ekneme, \u017ee o&nbsp;n\u00e1s jejich dr\u017eitel\u00e9 v\u011bd\u00ed leckdy v\u00edc, ne\u017e my v\u00edme sami o&nbsp;sob\u011b.<\/p>\r\n<p><strong>Co t\u0159eba?<\/strong><br \/>\r\nU\u017e p\u0159ed lety se nap\u0159\u00edklad z\u00a0pohybu kurzoru na obrazovce v\u00a0kombinaci\u00a0s\u00a0n\u011bkter\u00fdmi n\u00e1kupn\u00edmi daty dalo zjistit, \u017ee \u017eena, kter\u00e1 kurzor pou\u017e\u00edv\u00e1, je t\u011bhotn\u00e1, a\u00a0to je\u0161t\u011b d\u0159\u00edve, ne\u017e to v\u011bd\u011bla ona sama.<\/p>\r\n<p><strong>Jak to jde zjistit z&nbsp;pohybu kurzoru?<\/strong><br \/>\r\nJedn\u00e1 se samoz\u0159ejm\u011b o&nbsp;n\u011bjakou m\u00edru pravd\u011bpodobnosti, ale t\u011bhotn\u00e1 \u017eena z\u0159ejm\u011b kurzorem s&nbsp;v\u011bt\u0161\u00ed pravd\u011bpodobnost\u00ed pohybuje n\u011bjak\u00fdm jin\u00fdm zp\u016fsobem. Ale to je jen jeden p\u0159\u00edklad za v\u0161echny. Chci t\u00edm \u0159\u00edct, \u017ee nejde jenom o&nbsp;to, \u017ee n\u011bkdo zn\u00e1 na\u0161i adresu, telefonn\u00ed \u010d\u00edslo a&nbsp;podobn\u011b, ale \u017ee kvalita sesb\u00edran\u00fdch dat a&nbsp;jejich hloubka, mo\u017enosti propojen\u00ed a&nbsp;analytick\u00fdch v\u00fdsledk\u016f jsou pro n\u00e1s velmi t\u011b\u017eko p\u0159edstaviteln\u00e9.<\/p>\r\n<p><strong>A pak n\u00e1m algoritmy mimo jin\u00e9 podb\u00edzej\u00ed reklamu a\u00a0\u010dl\u00e1nky\u2026<\/strong><br \/>\r\nAlgoritmy nav\u00edc pracuj\u00ed s\u00a0daty, kter\u00e1 nejsou ve\u0159ejn\u011b dostupn\u00e1. A\u00a0nakonec i\u00a0to propojen\u00ed m\u00e9n\u011b podrobn\u00fdch ve\u0159ejn\u011b dostupn\u00fdch informac\u00ed n\u00e1s m\u016f\u017ee p\u0159ekvapit. Vlastn\u011b si to ka\u017ed\u00fd m\u016f\u017ee vyzkou\u0161et. Existuje t\u0159eba webov\u00e1 str\u00e1nka <a href=\"https:\/\/pimeyes.com\/en\" target=\"_blank\" rel=\"noopener\">Pimeyes.com<\/a>, tam nahrajete svou fotografii, Pimeyes projede cel\u00fd web krom\u011b soci\u00e1ln\u00edch s\u00edt\u00ed a\u00a0vyplivne v\u00e1m podle rozpozn\u00e1v\u00e1n\u00ed tv\u00e1\u0159e, kde v\u0161ude jste se na webu kdy ocitli. Je to docela zaj\u00edmav\u00e1 cesta do minulosti, pozn\u00e1 to i\u00a0obli\u010dej z\u00a0r\u016fzn\u00fdch \u00fahl\u016f, ve st\u00ednu a\u00a0podobn\u011b. P\u016fvodn\u011b byl ten n\u00e1stroj vytvo\u0159en proto, aby si lid\u00e9 uv\u011bdomili, jak mohou b\u00fdt data propojiteln\u00e1, ale \u010dasem se z\u00a0n\u011bj stal n\u00e1stroj ke \u0161pehov\u00e1n\u00ed leckoho, proto\u017ee tam m\u016f\u017eete nahr\u00e1t nejen svou fotografii, ale i\u00a0fotografii n\u011bkoho jin\u00e9ho. Budoucnost samoz\u0159ejm\u011b do jist\u00e9 m\u00edry p\u016fjde t\u00edm sm\u011brem, \u017ee i\u00a0nad\u00e1le bude o\u00a0na\u0161e data velk\u00fd z\u00e1jem a\u00a0bude se prohlubovat jejich citlivost a\u00a0sou\u010dasn\u011b se budou technologie zlep\u0161ovat ve vyhodnocov\u00e1n\u00ed t\u011bchto dat.<\/p>\r\n<p>Ale na druhou stranu pozoruji trend, kter\u00fd je za m\u011b pom\u011brn\u011b d\u016fle\u017eit\u00fd \u2013 lid\u00e9 jsou ohledn\u011b sv\u00fdch dat ostra\u017eit\u011bj\u0161\u00ed, maj\u00ed \u010d\u00edm d\u00e1l v\u00edc pot\u0159ebu digit\u00e1ln\u00ed hygieny, n\u011bjak\u00e9ho odpojov\u00e1n\u00ed od technologi\u00ed.<\/p>\r\n<p><strong>Pl\u00e1nujete za IuRe n\u011bjak\u00e9 novinky?<\/strong><br \/>\r\nSpou\u0161t\u00edme te\u010f z\u00e1\u017eitkov\u00e9 workshopy. Jsou dostupn\u00e9 na nov\u00e9m webu <a href=\"https:\/\/uklid.iure.org\/\" target=\"_blank\" rel=\"noopener\">Digiuklid.cz<\/a> \u2013 umo\u017en\u00edme lidem z\u00e1\u017eitkovou formou poznat p\u0159\u00ednosy digit\u00e1ln\u00ed hygieny a\u00a0d\u00e1me jim tipy, jak se od digit\u00e1ln\u00edho sv\u011bta odpojovat, ale z\u00e1rove\u0148 nep\u0159ij\u00edt o\u00a0v\u00fdhody, kter\u00e9 p\u0159in\u00e1\u0161\u00ed. Jde tedy o\u00a0nalezen\u00ed ur\u010dit\u00e9 rovnov\u00e1hy. Do budoucna bude tato pot\u0159eba ur\u010dit\u011b s\u00edlit, proto\u017ee i\u00a0u\u00a0mlad\u00fdch lid\u00ed je vid\u011bt, \u017ee k\u0159ivka \u010dasu, kter\u00fd str\u00e1v\u00ed v\u00a0on-line prost\u0159ed\u00ed, se l\u00e1me. I\u00a0mlad\u00e1 generace si u\u017e uv\u011bdomuje, \u017ee digit\u00e1ln\u00ed sv\u011bt m\u016f\u017ee b\u00fdt velmi zr\u00e1dn\u00fd \u2013 p\u0159in\u00e1\u0161\u00ed spoustu uspokojen\u00ed, ale z\u00e1rove\u0148 n\u00e1m krade neuv\u011b\u0159iteln\u00e9 mno\u017estv\u00ed \u010dasu a\u00a0to m\u00e1 pak dopad na n\u00e1\u0161 celkov\u00fd \u017eivot.<\/p>\r\n<p><strong>\u010casto se mi zd\u00e1, \u017ee n\u00e1m on-line sv\u011bt krade nejen data, ale sv\u00fdm zp\u016fsobem i&nbsp;du\u0161i. \u010clov\u011bk chv\u00edli proj\u00ed\u017ed\u00ed Instagram a&nbsp;m\u00e1 pomalu pocit, \u017ee ho polyk\u00e1 \u010dern\u00e1 d\u00edra \u2013 ute\u010de hromada \u010dasu a&nbsp;po hodin\u011b ani nev\u00edte, co jste celou dobu d\u011blal. Digitalizace m\u00e1 pochopiteln\u011b obrovsk\u00e9 v\u00fdhody, ale ta odvr\u00e1cen\u00e1 strana v\u011bci je asi vid\u011bt \u010d\u00edm d\u00e1l v\u00edc\u2026<\/strong><br \/>\r\nNa individu\u00e1ln\u00ed \u00farovni je opravdu nutn\u00e9 naj\u00edt balanc a\u00a0klidn\u011b k\u00a0sob\u011b p\u0159istupovat jako k\u00a0\u010dlov\u011bku, kter\u00fd je z\u00e1visl\u00fd. P\u0159iznejme si, \u017ee \u0159ada z\u00a0n\u00e1s prakticky neust\u00e1le kouk\u00e1 po mobilu, jestli tam nen\u00ed n\u011bjak\u00e1 nov\u00e1 notifikace, jestli n\u011bkdo v\u00a0t\u00e9 stovce hromadn\u00fdch skupin na WhatsAppu zrovna nenapsal n\u011bco, na co bychom m\u011bli reagovat. Je opravdu fajn nau\u010dit se od toho odst\u0159ihnout a\u00a0nastavit si jasn\u00e1 pravidla. Jinak to nen\u00ed dlouhodob\u011b udr\u017eiteln\u00e9 a\u00a0m\u00e1 to vliv jak na psychick\u00e9 zdrav\u00ed, tak t\u0159eba\u00a0i\u00a0na pracovn\u00ed v\u00fdkonnost, osobn\u00ed \u0161t\u011bst\u00ed a\u00a0vztahy. Dosp\u011bl\u00ed \u010das str\u00e1ven\u00fd na mobilu r\u00e1di reguluj\u00ed u\u00a0d\u011bt\u00ed, ale \u010dasto zapom\u00ednaj\u00ed na sebe.<\/p>\r\n<p><strong>P\u0159itom oni jsou t\u00edm vzorem\u2026<\/strong><br \/>\r\nAno, d\u00edt\u011b se u\u010d\u00ed t\u00edm, co vid\u00ed, nikoli t\u00edm, co sly\u0161\u00ed.<\/p>\r\n<p><strong>Nebo se sta\u010d\u00ed projet m\u011bstskou hromadnou dopravou a&nbsp;zjist\u00edte, \u017ee v\u0161ichni koukaj\u00ed do mobilu. Kdy\u017e se na to \u010dlov\u011bk zam\u011b\u0159\u00ed, je to a\u017e d\u011bsiv\u00e9.<br \/>\r\n<\/strong>J\u00e1 si pamatuji, jak jsem byl v&nbsp;roce 2012 na konferenci v&nbsp;Soulu v&nbsp;Ji\u017en\u00ed Koreji. V&nbsp;t\u00e9 dob\u011b u&nbsp;n\u00e1s je\u0161t\u011b chytr\u00e9 mobily nebyly zdaleka tolik roz\u0161\u00ed\u0159en\u00e9. Jel jsem tam metrem, kde pr\u00e1v\u011b v\u0161ichni koukali do mobil\u016f, a&nbsp;\u0159\u00edkal jsem si, jak je to bizarn\u00ed a&nbsp;jestli tohle je i&nbsp;na\u0161e budoucnost. A&nbsp;ano, je.<\/p>\r\n<p><strong>Z\u00e1rove\u0148 se tak ka\u017ed\u00fd uzav\u00edr\u00e1 do sv\u00e9ho vlastn\u00edho sv\u011bta, kde mu algoritmy podsouvaj\u00ed p\u0159esn\u011b to, co chce sly\u0161et. A&nbsp;t\u011bch d\u016fsledk\u016f je hodn\u011b \u2013 t\u0159eba dnes u\u017e viditeln\u00e9 \u0161t\u011bpen\u00ed spole\u010dnosti.<br \/>\r\n<\/strong>Je dobr\u00e9 si uv\u011bdomit, \u017ee dnes m\u00e1 ka\u017ed\u00fd \u010dlov\u011bk internet skute\u010dn\u011b personalizovan\u00fd. Nem\u00e1me stejn\u00fd internet, v\u0161echno u\u017e je p\u0159izp\u016fsoben\u00e9 na\u0161\u00ed osob\u011b podle toho, co n\u00e1s zaj\u00edm\u00e1, a\u00a0jedin\u00fd c\u00edl je udr\u017eet na\u0161i pozornost a\u00a0prodat n\u00e1m je\u0161t\u011b v\u00edc reklamy.<\/p>\r\n<p><strong>D\u00e1 se podle v\u00e1s \u0159\u00edct, \u017ee dnes \u017eijeme v&nbsp;dob\u011b, kdy n\u00e1s sleduje \u201evelk\u00fd bratr\u201c?<\/strong><br \/>\r\nKdy\u017e vezmu toho orwellovsk\u00e9ho Big Brothera, tak tam se jedn\u00e1 o\u00a0n\u011bjakou centr\u00e1ln\u00ed s\u00edlu, st\u00e1t, kter\u00fd sleduje sv\u00e9 lidi. To do jist\u00e9 m\u00edry plat\u00ed. I\u00a0t\u0159eba bezpe\u010dnostn\u00ed slo\u017eky o\u00a0n\u00e1s maj\u00ed spoustu informac\u00ed, nepom\u011brn\u011b v\u00edc, ne\u017e m\u011bly v\u00a0minulosti. Ale asi jako mnohem v\u011bt\u0161\u00ed \u201evelk\u00fd bratr\u201c dnes funguj\u00ed soukrom\u00e9 spole\u010dnosti. T\u0159eba u\u017e jen to, jak jsme dnes nuceni m\u00edt v\u0161echno v\u00a0aplikac\u00edch v\u00a0mobilu.<\/p>\r\n<p>Kdy\u017e byla slevov\u00e1 karti\u010dka do obchodu d\u0159\u00edve plastov\u00e1, tak se sice v\u011bd\u011blo, \u017ee Jan Vobo\u0159il nakupuje to a&nbsp;to, jestli m\u00e1 doma d\u00edt\u011b, jak se stravuje nebo kdy nakupuje. D\u00edky tomu bylo mo\u017en\u00e9 c\u00edlit reklamu, slevov\u00e9 nab\u00eddky apod. Ale dne\u0161n\u00ed aplikace o&nbsp;v\u00e1s sb\u00edraj\u00ed mnohem v\u00edc dat. Nen\u00ed to u\u017e jen o&nbsp;n\u00e1kupech, aplikace z\u00edsk\u00e1 va\u0161i polohu, informace o&nbsp;dal\u0161\u00edch aplikac\u00edch v&nbsp;mobilu, va\u0161e kontakty. O&nbsp;tom, k&nbsp;\u010demu jsou tato data pou\u017e\u00edv\u00e1na, m\u016f\u017eeme \u010dasto jen spekulovat. Je dobr\u00e9 m\u00edt p\u0159ehled o&nbsp;tom, jak\u00e1 data o&nbsp;v\u00e1s aplikace, kter\u00e9 jste si nainstalovali, sb\u00edraj\u00ed \u2013 zjist\u00edte, \u017ee velice \u010dasto jde o&nbsp;data, kter\u00e1 k&nbsp;provozu samotn\u00e9 aplikace v\u016fbec nejsou pot\u0159eba.<\/p>\r\n<p><strong>Letos pr\u00e1v\u011b jednu z&nbsp;va\u0161ich anticen z\u00edskala n\u011bjak\u00e1 aplikace, pokud si dob\u0159e vzpom\u00edn\u00e1m.<br \/>\r\n<\/strong>Ud\u011blili jsme anticenu v\u0161em obchodn\u00edm \u0159et\u011bzc\u016fm hromadn\u011b. Ud\u011blali jsme si audit a\u00a0zjistili jsme, \u017ee ve v\u011bt\u0161\u00ed \u010di men\u0161\u00ed m\u00ed\u0159e je to probl\u00e9m v\u0161ude a\u00a0z\u00e1konem vy\u017eadovan\u00e9 informov\u00e1n\u00ed z\u00e1kazn\u00edk\u016f o\u00a0sb\u011bru dat je velmi problematick\u00e9. Ale mimochodem i\u00a0na tuto situaci odpov\u00edd\u00e1 takov\u00fd roztomil\u00fd hacking. Existuj\u00ed str\u00e1nky <a href=\"https:\/\/www.nocard.cz\/\" target=\"_blank\" rel=\"noopener\">Nocard.cz<\/a>, kde si lid\u00e9 mohou zobrazit QR nebo \u010d\u00e1rov\u00e9 k\u00f3dy ze slevov\u00fdch aplikac\u00ed jin\u00fdch lid\u00ed, kte\u0159\u00ed je na str\u00e1nky nahr\u00e1li. Nakupov\u00e1n\u00ed tak nen\u00ed propojeno s\u00a0va\u0161\u00ed identitou. M\u016f\u017eete tam karty m\u011bnit a\u00a0pou\u017e\u00edvat je m\u00edsto aplikace, ale nen\u00ed to propojen\u00e9 s\u00a0\u017e\u00e1dn\u00fdmi va\u0161imi daty. Tu slevu dostanete, ale va\u0161e body se na\u010dtou n\u011bkomu jin\u00e9mu a\u00a0stejn\u011b tak vy m\u016f\u017eete \u010derpat body a\u00a0v\u00fdhody nasb\u00edran\u00e9 ciz\u00edmi lidmi. Moje \u017eena takhle ned\u00e1vno nakupovala v\u00a0drogerii a\u00a0najednou j\u00ed \u0159ekli: \u201eJ\u00e9, vy m\u00e1te narozeniny, d\u00e1me v\u00e1m slevu dvacet p\u011bt procent.\u201c Ale narozeniny nem\u011bla, m\u011bl je n\u011bkdo jin\u00fd. (sm\u00edch)<\/p>\r\n<p><strong>Co bylo impulzem pro vytvo\u0159en\u00ed Cen Velk\u00e9ho bratra?<\/strong><br \/>\r\nIuRe vzniklo v&nbsp;roce 2001 a&nbsp;ceny vyhla\u0161uje od roku 2005. Impulzem ke spu\u0161t\u011bn\u00ed vyhla\u0161ov\u00e1n\u00ed anticen byly prvn\u00ed vla\u0161tovky digit\u00e1ln\u00edho sledov\u00e1n\u00ed, kter\u00e9 se poj\u00ed u\u017e s&nbsp;druhou polovinou 90.&nbsp;let. Sb\u011br dat pak v\u00fdrazn\u011b pos\u00edlil po teroristick\u00fdch \u00fatoc\u00edch v&nbsp;USA v&nbsp;roce 2001. Sou\u010dasn\u011b s\u00edlilo i&nbsp;sledov\u00e1n\u00ed soukrom\u00fdmi spole\u010dnostmi \u2013 pokud v\u00edm, takov\u00fd Facebook vznikl v\u00a0roce 2004. Probl\u00e9my se vyv\u00edjej\u00ed s\u00a0dobu, ale m\u00e1me tu i\u00a0evergreeny, kter\u00e9 \u0159e\u0161\u00edme u\u017e od roku 2005. T\u0159eba data retention \u2013 sb\u011br provozn\u00edch a\u00a0lokaliza\u010dn\u00edch \u00fadaj\u016f. Oper\u00e1to\u0159i, proto\u017ee jim to ukl\u00e1d\u00e1 z\u00e1kon, o\u00a0n\u00e1s shroma\u017e\u010fuj\u00ed \u00fadaje o\u00a0tom, komu jsme volali a\u00a0kde jsme se zrovna v\u00a0tu chv\u00edli nach\u00e1zeli. A\u00a0mobil n\u00e1s lokalizuje prakticky kdykoli, sta\u010d\u00ed b\u00fdt p\u0159ipojen\u00fd k\u00a0internetu. Tak\u017ee o\u00a0ka\u017ed\u00e9m z\u00a0n\u00e1s tady p\u016fl roku nazp\u011bt existuje velmi p\u0159esn\u00e1 stopa. Pr\u00e1v\u011b proti tomu v\u00a0IuRe u\u017e dvacet let bojujeme. V\u00a0roce 2011 jsme vyhr\u00e1li\u00a0u\u00a0\u00dastavn\u00edho soudu a\u00a0na chv\u00edli se to zru\u0161ilo. V\u00a0roce 2019 ale st\u00ed\u017enost neusp\u011bla a\u00a0i\u00a0te\u010f vedeme dal\u0161\u00ed spor \u2013 zat\u00edm jsme vyhr\u00e1li u\u00a0M\u011bstsk\u00e9ho soudu v\u00a0Praze, kter\u00fd souhlasil, \u017ee tento sb\u011br dat je v\u00a0rozporu s\u00a0evropsk\u00fdm pr\u00e1vem. Ministerstvo se ale dovolalo k\u00a0Nejvy\u0161\u0161\u00edmu soudu, kter\u00fd zat\u00edm nerozhodl.<\/p>\r\n<p><strong>Je dob\u0159e, \u017ee jmenujete konkr\u00e9tn\u00ed \u00fasp\u011bchy, aby bylo jasn\u00e9, \u017ee Ceny Velk\u00e9ho bratra nejsou jen o\u00a0\u201ez\u00e1bav\u011b\u201c.<br \/>\r\n<\/strong>To vyhla\u0161ov\u00e1n\u00ed samotn\u00e9 se sna\u017e\u00edme d\u011blat z\u00e1bavnou formou, ale z\u00e1rove\u0148 chceme, aby to p\u016fsobilo dostate\u010dn\u011b nal\u00e9hav\u011b. Za v\u00fdb\u011brem \u201ev\u00edt\u011bz\u016f\u201c samoz\u0159ejm\u011b stoj\u00ed odborn\u00e1 porota a&nbsp;spousta pr\u00e1ce. Mohli bychom klidn\u011b anticenu ka\u017ed\u00fd rok ud\u011blovat soci\u00e1ln\u00edm s\u00edt\u00edm, ale n\u00e1m pochopiteln\u011b nejde o&nbsp;\u017e\u00e1dn\u00e9ho \u201ezlat\u00e9ho slav\u00edka\u201c, kter\u00fd se bude st\u00e1le dokola opakovat. Poselstv\u00edm t\u00e9to sout\u011b\u017ee m\u00e1 b\u00fdt upozorn\u011bn\u00ed na nov\u00e9 trendy a&nbsp;nov\u00e1 nebezpe\u010d\u00ed. Z\u00e1rove\u0148 je to p\u011bkn\u00e1 p\u0159\u00edle\u017eitost k&nbsp;setk\u00e1n\u00ed r\u016fznorod\u00fdch n\u00e1zorov\u00fdch skupin. Na\u0161i p\u0159\u00edznivci jsou z&nbsp;rozli\u010dn\u00fdch okruh\u016f, pokud jde nap\u0159\u00edklad o&nbsp;politickou orientaci. Co\u017e zna\u010d\u00ed, \u017ee na t\u011bchto t\u00e9matech se lid\u00e9 shodnou v&nbsp;podstat\u011b nap\u0159\u00ed\u010d cel\u00fdm politick\u00fdm spektrem. Mo\u017en\u00e1 tato problematika dokonce nab\u00edz\u00ed trochu jin\u00fd \u00fahel pohledu na sou\u010dasn\u00e9 d\u011bn\u00ed a&nbsp;nefunguje zde ta klasick\u00e1 d\u011blic\u00ed linie mezi pravic\u00ed a&nbsp;levic\u00ed nebo konzervativci a&nbsp;liber\u00e1ly.<\/p>\r\n<p><strong>Jsou \u010ce\u0161i ve vn\u00edm\u00e1n\u00ed digitalizace, ale i\u00a0ochrany osobn\u00edch \u00fadaj\u016f jin\u00ed ne\u017e ostatn\u00ed n\u00e1rody?<br \/>\r\n<\/strong>Mysl\u00edm, \u017ee velkou roli hraje totalitn\u00ed zku\u0161enost. Oproti st\u00e1t\u016fm, kter\u00e9 ji nemaj\u00ed, nebo j\u00ed ani nebyly historicky bl\u00edzko, jsme my, N\u011bmci, Raku\u0161an\u00e9 nebo i&nbsp;cel\u00fd v\u00fdchodn\u00ed blok, nap\u0159\u00edklad Pol\u00e1ci, na ochranu soukrom\u00ed pom\u011brn\u011b citliv\u00ed. P\u0159esto se i&nbsp;zde \u010dasto objevuje \u201eobl\u00edben\u00fd\u201c v\u00fdrok, kter\u00fd v&nbsp;r\u00e1mci Cen Velk\u00e9ho bratra v&nbsp;r\u016fzn\u00fdch obm\u011bn\u00e1ch pravideln\u011b oce\u0148ujeme: \u201ePokud nic \u0161patn\u00e9ho ned\u011bl\u00e1m, nem\u00e1m se \u010deho b\u00e1t.\u201c Tohle je ale velmi zav\u00e1d\u011bj\u00edc\u00ed a&nbsp;v\u016fbec to nereflektuje realitu, proto\u017ee sb\u011br citliv\u00fdch dat na n\u00e1s m\u016f\u017ee dopadnout skute\u010dn\u011b i&nbsp;tehdy, kdy ned\u011bl\u00e1me nic \u0161patn\u00e9ho. A&nbsp;od sb\u011bru dat je k&nbsp;jejich zneu\u017eit\u00ed obvykle velmi bl\u00edzko. Ani kybernetick\u00e9 \u00fatoky dnes nemus\u00ed b\u00fdt c\u00edleny jen individu\u00e1ln\u011b, n\u00fdbr\u017e plo\u0161n\u011b a&nbsp;mohou zas\u00e1hnout kohokoli, u&nbsp;koho se najdou otev\u0159en\u00e1 vr\u00e1tka v&nbsp;zabezpe\u010den\u00ed. Chr\u00e1nit data by si m\u011bl v\u00e1\u017en\u011b ka\u017ed\u00fd. Ale abych se vr\u00e1til k&nbsp;ot\u00e1zce \u2013 t\u0159eba v&nbsp;porovn\u00e1n\u00ed s&nbsp;Velkou Brit\u00e1ni\u00ed, kter\u00e1 je skute\u010dn\u011b pro\u0161pikovan\u00e1 kamerami s&nbsp;pokro\u010dil\u00fdmi analytick\u00fdmi funkcemi, a&nbsp;p\u0159esto je tam proti rozpozn\u00e1v\u00e1n\u00ed tv\u00e1\u0159\u00ed mnohem men\u0161\u00ed odpor, jsme my na ochranu soukrom\u00ed ur\u010dit\u011b citliv\u011bj\u0161\u00ed.<\/p>\r\n<p><strong>Tak\u017ee se podle v\u00e1s v&nbsp;t\u00e9to oblasti <\/strong><strong>nezrcadl\u00ed typicky \u0161vejkovsk\u00fd postoj <\/strong><strong>k\u00a0v\u011bcem?<br \/>\r\n<\/strong>Taky je to \u010dast\u00fd postoj: \u201eSleduj\u00ed n\u00e1s v\u0161ichni, tak pro\u010d bojovat zrovna proti tomuto konkr\u00e9tn\u00edmu?\u201c Ned\u00e1vno jsme \u00fasp\u011b\u0161n\u011b vedli kampa\u0148 proti rozpozn\u00e1v\u00e1n\u00ed tv\u00e1\u0159\u00ed v&nbsp;r\u00e1mci kamerov\u00e9ho syst\u00e9mu na Leti\u0161ti V\u00e1clava Havla. Syst\u00e9m policie poru\u0161oval jak GDPR, tak nov\u00fd AI Act a&nbsp;policie to v\u016fbec nereflektovala a&nbsp;vypnula tento syst\u00e9m a\u017e te\u010f v&nbsp;srpnu. Spoust\u011b lid\u00ed na leti\u0161ti biometrick\u00fd kamerov\u00fd syst\u00e9m nep\u0159ijde nebezpe\u010dn\u00fd, ale my vid\u00edme probl\u00e9m\u016f hodn\u011b \u2013 nejsou jasn\u011b dan\u00e1 pravidla, neodpov\u00edd\u00e1 to pr\u00e1vn\u00edm p\u0159edpis\u016fm a&nbsp;samoz\u0159ejm\u011b plat\u00ed, \u017ee jak si to nastav\u00edme te\u010f, co umo\u017en\u00edme te\u010f, to tu bude i&nbsp;v&nbsp;budoucnu. A&nbsp;nepochybn\u011b budou p\u0159ib\u00fdvat snahy roz\u0161i\u0159ovat biometriku a&nbsp;rozpozn\u00e1v\u00e1n\u00ed tv\u00e1\u0159\u00ed do dal\u0161\u00edch kamer ve ve\u0159ejn\u00e9m prostoru.<\/p>\r\n<p>Nap\u0159\u00edklad v&nbsp;\u017didovsk\u00e9m M\u011bst\u011b v&nbsp;Praze 1 cht\u011bla policie kamery na rozpozn\u00e1v\u00e1n\u00ed tv\u00e1\u0159\u00ed instalovat u\u017e v&nbsp;roce 2019 \u2013 tehdy se to poda\u0159ilo zastavit a&nbsp;je pot\u0159eba od za\u010d\u00e1tku trvat na tom, aby podm\u00ednky provozu byly p\u0159\u00edsn\u00e9. Kdy\u017e se pod\u00edv\u00e1me t\u0159eba na Ameriku nebo Brit\u00e1nii, kde jsou tyto syst\u00e9my vyu\u017e\u00edv\u00e1ny mnohem v\u00edc, tam doch\u00e1z\u00ed k&nbsp;\u0159ad\u011b fale\u0161n\u00fdch shod. A&nbsp;vzhledem k&nbsp;tomu, \u017ee je to u\u017e rutinn\u00ed proces, u&nbsp;n\u011bho\u017e chyb\u00ed dostate\u010dn\u00e1 lidsk\u00e1 kontrola, lid\u00e9 tam pak klidn\u011b kon\u010d\u00ed ve v\u011bzen\u00ed jenom proto, \u017ee je n\u011bjak\u00fd algoritmus vyhodnotil jako n\u011bkomu podobn\u00e9. Obvykle se to nakonec vysv\u011btl\u00ed, ale sed\u011bt p\u00e1r dn\u00ed ve vazb\u011b m\u00e1 taky na \u010dlov\u011bka negativn\u00ed dopad. Dal\u0161\u00ed pot\u00ed\u017e je v&nbsp;tom, \u017ee mnohem hor\u0161\u00ed jsou v\u00fdsledky u&nbsp;n\u011bkter\u00fdch minorit a&nbsp;v\u011bt\u0161ina lid\u00ed, kte\u0159\u00ed se takto fale\u0161n\u011b ocitnou v&nbsp;n\u011bjak\u00fdch probl\u00e9mech, jsou t\u0159eba Afroameri\u010dan\u00e9. P\u0159id\u00e1v\u00e1 se tak k&nbsp;tomu i&nbsp;etnick\u00fd rozm\u011br, kter\u00fd pak vede k&nbsp;diskriminaci.<\/p>\r\n<p><strong>To u\u017e opravdu zn\u00ed jako z\u00a0dystopick\u00e9ho rom\u00e1nu.<\/strong><br \/>\r\nTak v&nbsp;ur\u010dit\u00e9 dystopii u\u017e v&nbsp;dne\u0161n\u00ed dob\u011b v\u00a0podstat\u011b \u017eijeme.<\/p>\r\n<p><strong>Ned\u00e1vno vstoupila v&nbsp;platnost takzvan\u00e1 soci\u00e1ln\u00ed superd\u00e1vka, ofici\u00e1ln\u011b d\u00e1vka st\u00e1tn\u00ed soci\u00e1ln\u00ed pomoci, kter\u00e1 nov\u011b nahrazuje mimo jin\u00e9 i&nbsp;p\u0159\u00edsp\u011bvek na bydlen\u00ed a&nbsp;sjednocuje v\u0161echny soci\u00e1ln\u00ed d\u00e1vky do jedn\u00e9. Nar\u00e1\u017e\u00edte u&nbsp;klient\u016f na n\u011bjak\u00e9 probl\u00e9my s&nbsp;t\u00edmto p\u0159echodem?<\/strong><br \/>\r\nZ\u00e1kladn\u00ed zm\u011bna je v\u00a0tom, \u017ee d\u0159\u00edv u\u00a0p\u0159\u00edsp\u011bvku na bydlen\u00ed nebyl \u017e\u00e1dn\u00fd majetkov\u00fd test. Kdy\u017e to p\u0159e\u017eenu, mohla byste vlastnit deset z\u00e1mk\u016f na Loi\u0159e a\u00a0klidn\u011b pob\u00edrat v\u00a0\u010cech\u00e1ch p\u0159\u00edsp\u011bvek na bydlen\u00ed na z\u00e1klad\u011b aktu\u00e1ln\u011b n\u00edzk\u00e9ho p\u0159\u00edjmu. Te\u010f u\u017e to nejde, u\u00a0nov\u00e9 d\u00e1vky majetkov\u00fd test u\u017e je. I\u00a0tak je to s\u00edto st\u00e1le relativn\u011b m\u00edrn\u00e9 a\u00a0nap\u0159\u00edklad \u010dlov\u011bk, kter\u00fd vlastn\u00ed jeden byt a\u00a0chatu nebo m\u00e1 \u00faspory do dvou set tis\u00edc korun, na p\u0159\u00edsp\u011bvek st\u00e1le m\u016f\u017ee dos\u00e1hnout. Ale jakmile m\u00e1te \u00faspory v\u011bt\u0161\u00ed nebo vlastn\u00edte t\u0159eba v\u00edc aut, tak u\u017e je probl\u00e9m. Te\u010f se uk\u00e1zaly p\u0159\u00edpady, kdy cel\u00e1 \u0161irok\u00e1 rodina p\u0159epsala svoje auta na zdravotn\u011b posti\u017een\u00e9, proto\u017ee z\u00a0toho mohli \u010derpat n\u011bjak\u00e9 da\u0148ov\u00e9 v\u00fdhody. Jen\u017ee najednou tyhle osoby nedos\u00e1hnou na d\u00e1vky, proto\u017ee je na n\u011b naps\u00e1no t\u0159eba p\u011bt aut, kter\u00e1 nikdy nevid\u011bli a\u00a0t\u0159eba u\u017e ani fyzicky neexistuj\u00ed.<\/p>\r\n<p><strong>Napad\u00e1 v\u00e1s n\u011bjak\u00e9 pr\u00e1vo jednotlivce, o&nbsp;kter\u00e9m lid\u00e9 obvykle nev\u011bd\u00ed, ale m\u011bli by?<\/strong><br \/>\r\nV\u00a0p\u0159\u00edpad\u011b n\u00e1jm\u016f m\u00e1 b\u00fdt ze z\u00e1kona do \u010dty\u0159 m\u011bs\u00edc\u016f po konci z\u00fa\u010dtovac\u00edho obdob\u00ed, obvykle do dubna, poskytnuto n\u00e1jemn\u00edkovi vy\u00fa\u010dtov\u00e1n\u00ed slu\u017eeb. Ale ve spoust\u011b p\u0159\u00edpad\u016f n\u00e1jemn\u00edci \u017e\u00e1dn\u00e9 vy\u00fa\u010dtov\u00e1n\u00ed nedostanou a\u00a0p\u0159\u00edmo ze z\u00e1kona pak vypl\u00fdv\u00e1 pokuta za pozdn\u00ed dod\u00e1n\u00ed vy\u00fa\u010dtov\u00e1n\u00ed. Pokud si to prom\u00edtnete t\u0159eba t\u0159i roky zp\u00e1tky, co\u017e je obecn\u00e1 proml\u010dec\u00ed doba, tak to u\u017e m\u00e1me n\u011bjak\u00fdch tis\u00edc dn\u016f a\u00a0ze z\u00e1kona je pokuta pades\u00e1t korun za den. Tak\u017ee pronaj\u00edmatel v\u00e1m klidn\u011b m\u016f\u017ee dlu\u017eit pades\u00e1t tis\u00edc. Tohle na\u0161e klienty v\u017edycky p\u0159ekvap\u00ed. (\u00fasm\u011bv)<\/p>\r\n<p><strong>Dobr\u00fd p\u0159iv\u00fdd\u011blek.<\/strong><br \/>\r\n\u010casto se tady setk\u00e1v\u00e1me s\u00a0t\u00edm, \u017ee se pronaj\u00edmatel obrac\u00ed na n\u00e1jemn\u00edka s\u00a0t\u00edm, \u017ee mu dlu\u017e\u00ed\u00a0t\u0159eba n\u011bjak\u00fd sporn\u00fd nedoplatek, ale oni se pak mohou vytasit s\u00a0t\u00edm, \u017ee pronaj\u00edmatel jim zase dlu\u017e\u00ed t\u0159eba osmdes\u00e1t tis\u00edc za nedodan\u00e9 vy\u00fa\u010dtov\u00e1n\u00ed. Ne\u0159\u00edk\u00e1m, \u017ee by to m\u011bli n\u00e1jemn\u00edci v\u017edy hned vym\u00e1hat, ale ur\u010dit\u011b se t\u00edm zlep\u0161uje jejich vyjedn\u00e1vac\u00ed pozice.<br \/>\r\n<br \/>\r\n<strong>Co dal\u0161\u00edho by si lid\u00e9 m\u011bli podle v\u00e1s zapamatovat?<br \/>\r\n<\/strong>Lid\u00e9 maj\u00ed \u010dasto p\u0159edstavu, \u017ee jsou v\u00a0pr\u00e1vu, proto\u017ee v\u0161e ud\u011blali spr\u00e1vn\u011b a\u00a0maj\u00ed pravdu. A\u00a0automaticky o\u010dek\u00e1vaj\u00ed, \u017ee syst\u00e9m, tedy nap\u0159\u00edklad soudy, jim mus\u00ed umo\u017enit si tu pravdu prosadit. Jen\u017ee zapom\u00ednaj\u00ed, \u017ee c\u00edlem soudnictv\u00ed nen\u00ed pouze dosahovat spravedlnosti, ale t\u0159eba to taky d\u011blat v\u00a0n\u011bjak\u00e9 p\u0159im\u011b\u0159en\u00e9 lh\u016ft\u011b. Nakonec mohou klidn\u011b zv\u00edt\u011bzit form\u00e1ln\u00ed po\u017eadavky cel\u00e9ho procesu jen proto, \u017ee nedodr\u017e\u00edte lh\u016ftu. Tak\u017ee lid\u00e9 prohr\u00e1vaj\u00ed soudy proto, \u017ee nereagovali v\u010das, nevyzved\u00e1vali po\u0161tu, nepodali v\u010das odvol\u00e1n\u00ed. Je tedy pot\u0159eba pamatovat na to, \u017ee mus\u00edm jednat v\u00a0r\u00e1mci stanoven\u00e9 lh\u016fty a\u00a0informovat se. A\u00a0taky p\u0159eb\u00edrat po\u0161tu! \u010casto se setk\u00e1v\u00e1me s\u00a0t\u00edm, \u017ee lid\u00e9 si v\u010das nevyzvedli po\u0161tu nebo se nepod\u00edvali do datov\u00e9 schr\u00e1nky. Nebo se boj\u00ed otev\u00edrat dopisy. Ob\u010das\u00a0k\u00a0n\u00e1m dojde \u010dlov\u011bk se \u0161tosem dopis\u016f a\u00a0\u0159ekne: J\u00e1 u\u017e nem\u00e1m nervy to otev\u00edrat. Tak to pak otev\u00edr\u00e1me spole\u010dn\u011b a\u00a0v\u00a0\u0159ad\u011b p\u0159\u00edpad\u016f je u\u017e na n\u011bjakou reakci pozd\u011b.<\/p>\r\n<p><strong>Co by st\u00e1t m\u011bl podle v\u00e1s ud\u011blat, aby digitalizace nepo\u0161kozovala seniory a\u00a0zraniteln\u00e9 skupiny?<br \/>\r\n<\/strong>Z\u00e1kladn\u00ed filozofie by m\u011bla b\u00fdt takov\u00e1, aby lid\u00e9 do digitalizace nebyli tla\u010deni. Je samoz\u0159ejm\u011b perfektn\u00ed, \u017ee si m\u016f\u017eete za\u017e\u00e1dat o&nbsp;d\u00e1vku on-line z&nbsp;domova, i&nbsp;pro mnoho senior\u016f, kte\u0159\u00ed maj\u00ed t\u0159eba probl\u00e9my s&nbsp;ch\u016fz\u00ed, je to obrovsk\u00e9 uleh\u010den\u00ed, ale pro mnoh\u00e9 je digitalizace kone\u010dn\u00e1 stanice a&nbsp;nev\u011bd\u00ed si rady. Tak\u017ee by v\u017edy m\u011bla existovat n\u011bjak\u00e1 alternativa, s\u00ed\u0165 asisten\u010dn\u00edch m\u00edst, kter\u00e1 pomohou s&nbsp;digit\u00e1ln\u00edmi p\u0159ek\u00e1\u017ekami t\u0159eba na \u00farovni Czech point\u016f, ale zejm\u00e9na re\u00e1ln\u00e1 mo\u017enost p\u0159ij\u00edt na \u00fa\u0159ad a&nbsp;vy\u0159e\u0161it probl\u00e9m osobn\u011b. Zvl\u00e1\u0161\u0165 t\u0159eba v&nbsp;soci\u00e1ln\u00ed oblasti, kde logicky o&nbsp;d\u00e1vky \u017e\u00e1daj\u00ed lid\u00e9, kte\u0159\u00ed nejsou majetn\u00ed a&nbsp;s&nbsp;technologiemi \u010dast\u011bji neum\u011bj\u00ed pracovat nebo k&nbsp;nim nemaj\u00ed p\u0159\u00edstup, m\u016f\u017ee b\u00fdt digitalizace bez ohledu na tyto pot\u0159eby sp\u00ed\u0161e kontraproduktivn\u00ed.<\/p>\r\n<hr \/>\r\n<p><img loading=\"lazy\" src=\"https:\/\/www.praha7.cz\/wp-content\/uploads\/2026\/01\/1F2A6239-299x400.jpg\" alt=\"\" width=\"299\" height=\"400\" class=\"alignnone size-medium wp-image-89127\" srcset=\"https:\/\/www.praha7.cz\/wp-content\/uploads\/2026\/01\/1F2A6239-299x400.jpg 299w, https:\/\/www.praha7.cz\/wp-content\/uploads\/2026\/01\/1F2A6239-748x1000.jpg 748w, https:\/\/www.praha7.cz\/wp-content\/uploads\/2026\/01\/1F2A6239-768x1026.jpg 768w, https:\/\/www.praha7.cz\/wp-content\/uploads\/2026\/01\/1F2A6239-1149x1536.jpg 1149w, https:\/\/www.praha7.cz\/wp-content\/uploads\/2026\/01\/1F2A6239.jpg 1264w\" sizes=\"(max-width: 299px) 100vw, 299px\" \/><\/p>\r\n<p><strong>Mgr. et Mgr. Jan Vobo\u0159il, Ph.D.<\/strong> (*1980), vystudoval pr\u00e1va a&nbsp;hospod\u00e1\u0159sk\u00e9 a&nbsp;soci\u00e1ln\u00ed d\u011bjiny na Univerzit\u011b Karlov\u011b v&nbsp;Praze. V&nbsp;sou\u010dasnosti p\u016fsob\u00ed jako advok\u00e1t v&nbsp;Praze. Od roku 2009 spolupracuje s&nbsp;nevl\u00e1dn\u00ed organizac\u00ed Iuridicum Remedium na watchdogov\u00fdch a&nbsp;advoka\u010dn\u00edch projektech v&nbsp;oblasti vztahu lidsk\u00fdch pr\u00e1v a&nbsp;modern\u00edch technologi\u00ed. Je rovn\u011b\u017e jako advok\u00e1t zapojen v&nbsp;pr\u00e1vn\u011bporadensk\u00fdch projektech IuRe zam\u011b\u0159en\u00fdch zejm\u00e9na na seniory. Od roku 2010 rovn\u011b\u017e spolupracuje s&nbsp;Pr\u00e1vn\u00ed poradnou APAS, kde se specializuje na trestn\u011bpr\u00e1vn\u00ed a&nbsp;ob\u010danskopr\u00e1vn\u00ed aspekty spojen\u00e9 s&nbsp;u\u017e\u00edv\u00e1n\u00edm drog. Je \u010dlenem V\u00fdboru pro lidsk\u00e1 pr\u00e1va a&nbsp;modern\u00ed technologie a&nbsp;V\u00fdboru pro pr\u00e1va star\u0161\u00edch lid\u00ed Rady vl\u00e1dy pro lidsk\u00e1 pr\u00e1va a&nbsp;\u0159ady dal\u0161\u00edch odborn\u00fdch pracovn\u00edch skupin.<\/p>\r\n<p><strong>Iuridicum Remedium<\/strong><br \/>\r\nNevl\u00e1dn\u00ed organizace Iuridicum Remedium (IuRe) se zam\u011b\u0159uje zejm\u00e9na na problematiku lidsk\u00fdch pr\u00e1v ve vztahu k&nbsp;modern\u00edm technologi\u00edm, konkr\u00e9tn\u011b pak na oblast ochrany osobn\u00edch \u00fadaj\u016f a&nbsp;soukrom\u00ed \u010di na problematiku digit\u00e1ln\u00edho vylou\u010den\u00ed. V&nbsp;programu Digit\u00e1ln\u00ed svobody IuRe prosazuje pr\u00e1vo na soukrom\u00ed i&nbsp;pr\u00e1vo na analog. Jako jedin\u00e1 \u010desk\u00e1 organizace je \u010dlenem European Digital Rights (EDRi), kter\u00e1 zast\u0159e\u0161uje neziskov\u00e9 organizace zam\u011b\u0159uj\u00edc\u00ed se na digit\u00e1ln\u00ed pr\u00e1va. V&nbsp;programu Pr\u00e1vn\u00ed pomoc IuRe zaji\u0161\u0165uje bezplatn\u00e9 pr\u00e1vn\u00ed poradenstv\u00ed pot\u0159ebn\u00fdm v&nbsp;oblasti dluh\u016f, exekuc\u00ed nebo bydlen\u00ed. U\u017e dvacet let organizuje Ceny Velk\u00e9ho bratra (Big Brother Awards.) Tyto anticeny jsou nazv\u00e1ny podle postavy z&nbsp;rom\u00e1nu George Orwella 1984 a&nbsp;jsou ur\u010deny pro nejvlezlej\u0161\u00ed firmy, \u00fa\u0159ady \u010di technologie. Tito sl\u00eddilov\u00e9 s&nbsp;chut\u00ed zasahuj\u00ed do na\u0161eho soukrom\u00ed: sleduj\u00ed n\u00e1s kamerami, shroma\u017e\u010fuj\u00ed na\u0161e data v&nbsp;datab\u00e1z\u00edch a&nbsp;vyu\u017e\u00edvaj\u00ed je k&nbsp;dohledu \u010di k&nbsp;ovliv\u0148ov\u00e1n\u00ed na\u0161eho chov\u00e1n\u00ed.<\/p>\r\n<hr \/>\r\n<p>\u2192 M\u00e1te z\u00e1jem nau\u010dit se chr\u00e1nit sv\u00e1 data a&nbsp;z\u00e1rove\u0148 naj\u00edt rovnov\u00e1hu mezi on-line a&nbsp;off-line sv\u011btem z\u00e1\u017eitkovou formou? Zakoupen\u00edm workshopu z\u00e1rove\u0148 p\u0159isp\u011bjete na fungov\u00e1n\u00ed organizace IuRe. V\u00edce informac\u00ed najdete na webov\u00fdch str\u00e1nk\u00e1ch <a href=\"http:\/\/www.digiuklid.cz\" target=\"_blank\" rel=\"noopener\">www.digiuklid.cz<\/a>.<\/p>\r\n<p>\u2192<a href=\"http:\/\/www.pimeyes.com\" target=\"_blank\" rel=\"noopener\"> www.pimeyes.com<\/a><br \/>\r\n\u2192 <a href=\"http:\/\/www.nocard.cz\" target=\"_blank\" rel=\"noopener\">www.nocard.cz<\/a><br \/>\r\n\u00a0<\/p>","protected":false},"excerpt":{"rendered":"[perex] Nevl\u00e1dn\u00ed neziskov\u00e1 organizace Iuridicum Remedium (IuRe) pracuje pro ty, kte\u0159\u00ed se ztr\u00e1cej\u00ed v&nbsp;pr\u00e1vn\u00edm i&nbsp;digit\u00e1ln\u00edm sv\u011bt\u011b, sou\u010dasn\u011b v\u0161ak funguje jako jak\u00fdsi \u201ehl\u00eddac\u00ed pes\u201c demokracie. Pravideln\u011b si bere na pa\u0161k\u00e1l instituce i&nbsp;jednotlivce, ji\u017e poru\u0161uj\u00ed osobn\u00ed svobodu, proto\u017ee v&nbsp;r\u00e1mci rychle se m\u011bn\u00edc\u00edch podm\u00ednek a&nbsp;s\u00edl\u00edc\u00edho vlivu neust\u00e1le se rozv\u00edjej\u00edc\u00edch technologi\u00ed je takov\u00e9 jedn\u00e1n\u00ed t\u011b\u017ek\u00e9 rozpoznat. Advok\u00e1t Jan Vobo\u0159il [&hellip;]","protected":false},"author":292,"featured_media":89124,"comment_status":"closed","ping_status":"open","sticky":false,"template":"","format":"standard","meta":[],"categories":[37],"tags":[],"_links":{"self":[{"href":"https:\/\/www.praha7.cz\/api\/wp\/v2\/posts\/89123"}],"collection":[{"href":"https:\/\/www.praha7.cz\/api\/wp\/v2\/posts"}],"about":[{"href":"https:\/\/www.praha7.cz\/api\/wp\/v2\/types\/post"}],"author":[{"embeddable":true,"href":"https:\/\/www.praha7.cz\/api\/wp\/v2\/users\/292"}],"replies":[{"embeddable":true,"href":"https:\/\/www.praha7.cz\/api\/wp\/v2\/comments?post=89123"}],"version-history":[{"count":1,"href":"https:\/\/www.praha7.cz\/api\/wp\/v2\/posts\/89123\/revisions"}],"predecessor-version":[{"id":89128,"href":"https:\/\/www.praha7.cz\/api\/wp\/v2\/posts\/89123\/revisions\/89128"}],"wp:featuredmedia":[{"embeddable":true,"href":"https:\/\/www.praha7.cz\/api\/wp\/v2\/media\/89124"}],"wp:attachment":[{"href":"https:\/\/www.praha7.cz\/api\/wp\/v2\/media?parent=89123"}],"wp:term":[{"taxonomy":"category","embeddable":true,"href":"https:\/\/www.praha7.cz\/api\/wp\/v2\/categories?post=89123"},{"taxonomy":"post_tag","embeddable":true,"href":"https:\/\/www.praha7.cz\/api\/wp\/v2\/tags?post=89123"}],"curies":[{"name":"wp","href":"https:\/\/api.w.org\/{rel}","templated":true}]}}