    
{"id":89076,"date":"2026-01-14T14:29:56","date_gmt":"2026-01-14T13:29:56","guid":{"rendered":"https:\/\/www.praha7.cz\/?p=89076"},"modified":"2026-01-14T14:41:56","modified_gmt":"2026-01-14T13:41:56","slug":"hobulet-26-1","status":"publish","type":"post","link":"https:\/\/www.praha7.cz\/hobulet-26-1\/","title":{"rendered":"Lednov\u00fd Hobulet je tu pro v\u00e1s"},"content":{"rendered":"<p>[perex]<\/p>\r\n<p>Lednov\u00fd Hobulet p\u0159in\u00e1\u0161\u00ed rozhovor s&nbsp;advok\u00e1tem Janem Vobo\u0159ilem, kter\u00e9ho z&nbsp;na\u0161eho magaz\u00ednu zn\u00e1te z&nbsp;rubriky Advok\u00e1t rad\u00ed. V\u00edte, \u017ee se na Sedmi\u010dce lze obl\u00e9kat velice lok\u00e1ln\u011b? S&nbsp;hlavn\u00edm t\u00e9matem nav\u0161t\u00edv\u00edte p\u011bt m\u00f3dn\u00edch ateli\u00e9r\u016f. A&nbsp;v&nbsp;n\u00e1v\u0161t\u011bv\u00e1ch pokra\u010dujeme: u\u017e nyn\u00ed p\u0159edstavujeme zdej\u0161\u00ed mate\u0159sk\u00e9 \u0161kolky, proto\u017ee z\u00e1pisy letos prob\u011bhnout ji\u017e v&nbsp;b\u0159eznu. Nakolik jste zb\u011bhl\u00ed historii Prahy&nbsp;7? Sv\u00e9 znalosti si m\u016f\u017eete prov\u011b\u0159it v&nbsp;kv\u00edzu. Str\u00e1nka D\u011btem bude v&nbsp;roce 2026 pod taktovkou ilustr\u00e1torky Terezy \u0160iklov\u00e9, a&nbsp;d\u00e1le u\u017e v\u00e1s \u010dekaj\u00ed osv\u011bd\u010den\u00e9 st\u00e1lice, tedy rubriky Potk\u00e1v\u00e1me je, tentokr\u00e1t s&nbsp;Milenou Foldovou z&nbsp;letensk\u00e9ho kv\u011btin\u00e1\u0159stv\u00ed,\u00a0 Aktivn\u00ed 7, Kultura \u010di Stalo se. Ilustracemi toto \u010d\u00edslo doprovodila Linda Retterov\u00e1, fotografovala Johana Po\u0161ov\u00e1. <em>A z\u00e1v\u011brem jedna prosba: na stran\u011b 36 najdete informace o&nbsp;sb\u00edrce pro na\u0161i sousedku Ronju Kub\u00ed\u010dkovou. Budeme r\u00e1di, kdy\u017e si tento \u201eplak\u00e1tek\u201c vyst\u0159ihnete a&nbsp;um\u00edst\u00edte t\u0159eba na n\u00e1st\u011bnku ve va\u0161em dom\u011b, a\u0165 se o&nbsp;sb\u00edrce dozv\u00ed v\u00edce lid\u00ed. Moc d\u011bkujeme!<\/em><\/p>\r\n<p><strong>Listujte Hobuletem tak\u00e9 <a href=\"https:\/\/zpravodaj.munipolis.cz\/praha7\/leden-2026\/\" target=\"_blank\" rel=\"noopener\">online<\/a>!\u00a0<\/strong><\/p>\r\n<p>[\/perex]<\/p>\r\n<hr \/>\r\n<p>Nedorazil v\u00e1m Hobulet do schr\u00e1nky? Napi\u0161te n\u00e1m pros\u00edm na e-mail\u00a0<a href=\"mailto:vysinskap@praha7.cz\">vysinska<\/a><a href=\"mailto:vysinskap@praha7.cz\">p@praha7.cz<\/a>, situaci prov\u011b\u0159\u00edme u&nbsp;doru\u010dovatele.<\/p>\r\n<p>Archiv m\u011bs\u00ed\u010dn\u00edku m\u011bstsk\u00e9 \u010d\u00e1sti Praha&nbsp;7 Hobulet najdete <a href=\"https:\/\/www.praha7.cz\/hobulet\/archiv-hobuletu\/\">zde<\/a>.<\/p>","protected":false},"excerpt":{"rendered":"[perex] Lednov\u00fd Hobulet p\u0159in\u00e1\u0161\u00ed rozhovor s&nbsp;advok\u00e1tem Janem Vobo\u0159ilem, kter\u00e9ho z&nbsp;na\u0161eho magaz\u00ednu zn\u00e1te z&nbsp;rubriky Advok\u00e1t rad\u00ed. V\u00edte, \u017ee se na Sedmi\u010dce lze obl\u00e9kat velice lok\u00e1ln\u011b? S&nbsp;hlavn\u00edm t\u00e9matem nav\u0161t\u00edv\u00edte p\u011bt m\u00f3dn\u00edch ateli\u00e9r\u016f. A&nbsp;v&nbsp;n\u00e1v\u0161t\u011bv\u00e1ch pokra\u010dujeme: u\u017e nyn\u00ed p\u0159edstavujeme zdej\u0161\u00ed mate\u0159sk\u00e9 \u0161kolky, proto\u017ee z\u00e1pisy letos prob\u011bhnout ji\u017e v&nbsp;b\u0159eznu. Nakolik jste zb\u011bhl\u00ed historii Prahy&nbsp;7? Sv\u00e9 znalosti si m\u016f\u017eete prov\u011b\u0159it v&nbsp;kv\u00edzu. [&hellip;]","protected":false},"author":251,"featured_media":89099,"comment_status":"closed","ping_status":"open","sticky":false,"template":"","format":"standard","meta":[],"categories":[34],"tags":[116],"_links":{"self":[{"href":"https:\/\/www.praha7.cz\/api\/wp\/v2\/posts\/89076"}],"collection":[{"href":"https:\/\/www.praha7.cz\/api\/wp\/v2\/posts"}],"about":[{"href":"https:\/\/www.praha7.cz\/api\/wp\/v2\/types\/post"}],"author":[{"embeddable":true,"href":"https:\/\/www.praha7.cz\/api\/wp\/v2\/users\/251"}],"replies":[{"embeddable":true,"href":"https:\/\/www.praha7.cz\/api\/wp\/v2\/comments?post=89076"}],"version-history":[{"count":3,"href":"https:\/\/www.praha7.cz\/api\/wp\/v2\/posts\/89076\/revisions"}],"predecessor-version":[{"id":89104,"href":"https:\/\/www.praha7.cz\/api\/wp\/v2\/posts\/89076\/revisions\/89104"}],"wp:featuredmedia":[{"embeddable":true,"href":"https:\/\/www.praha7.cz\/api\/wp\/v2\/media\/89099"}],"wp:attachment":[{"href":"https:\/\/www.praha7.cz\/api\/wp\/v2\/media?parent=89076"}],"wp:term":[{"taxonomy":"category","embeddable":true,"href":"https:\/\/www.praha7.cz\/api\/wp\/v2\/categories?post=89076"},{"taxonomy":"post_tag","embeddable":true,"href":"https:\/\/www.praha7.cz\/api\/wp\/v2\/tags?post=89076"}],"curies":[{"name":"wp","href":"https:\/\/api.w.org\/{rel}","templated":true}]}}