    
{"id":89061,"date":"2026-01-13T15:26:30","date_gmt":"2026-01-13T14:26:30","guid":{"rendered":"https:\/\/www.praha7.cz\/?p=89061"},"modified":"2026-01-23T15:01:21","modified_gmt":"2026-01-23T14:01:21","slug":"pc-26-1","status":"publish","type":"post","link":"https:\/\/www.praha7.cz\/pc-26-1\/","title":{"rendered":"Po\u010d\u00edta\u010dov\u00e9 kurzy pro na\u0161e seniory"},"content":{"rendered":"<p>[perex]<\/p>\r\n<p>Seniory star\u0161\u00ed 60 let trvale bydl\u00edc\u00ed na Sedmi\u010dce zveme na kurzy ovl\u00e1d\u00e1n\u00ed chytr\u00fdch mobiln\u00edch telefon\u016f, tablet\u016f a&nbsp;po\u010d\u00edta\u010d\u016f. Konaj\u00ed se zdarma v&nbsp;centru Elpida \u2013 P\u0159\u00edstav, V&nbsp;P\u0159\u00edstavu 1639\/24, hrad\u00ed se jen jednor\u00e1zov\u00fd poplatek 50&nbsp;K\u010d p\u0159i registraci. <strong>Registrace prob\u011bhne v&nbsp;p\u00e1tek 23.&nbsp;ledna 2026 od 9.00 do 13.00 v&nbsp;P\u0159\u00edstavu<\/strong> (vstup do budovy od 8.30). Kurzy za\u010d\u00ednaj\u00ed od 13.&nbsp;\u00fanora a&nbsp;jejich p\u0159ehled najdete n\u00ed\u017ee.<\/p>\r\n<p>[\/perex]<\/p>\r\n<h2>Term\u00edny kurz\u016f \/ \u00fanor\u2013\u010derven 2026<\/h2>\r\n<h3>Chytr\u00e9 telefony\/tablety<\/h3>\r\n<p><span style=\"color: #0000ff;\">Chytr\u00e9 telefony\/tablety\u00a0 pro za\u010d\u00e1te\u010dn\u00edky<br \/>\r\n<span style=\"color: #000000;\">pond\u011bl\u00ed 9.00\u201310.00 | 23.&nbsp;2. \u2013 15.&nbsp;6.&nbsp;2026<\/span><br \/>\r\n<\/span><\/p>\r\n<p><span style=\"color: #0000ff;\">Chytr\u00e9 telefony\/tablety pro m\u00edrn\u011b pokro\u010dil\u00e9 A\u00a0\u00a0\u00a0\u00a0\u00a0\u00a0\u00a0\u00a0<\/span>\u00a0\u00a0\u00a0\u00a0\u00a0\u00a0\u00a0\u00a0 <br \/>\r\np\u00e1tek 9.00\u201310.00 | 13.&nbsp;2. \u2013 12.&nbsp;6.&nbsp;2026<\/p>\r\n<p><span style=\"color: #0000ff;\">Chytr\u00e9 telefony\/tablety pro m\u00edrn\u011b pokro\u010dil\u00e9 B\u00a0\u00a0\u00a0\u00a0\u00a0\u00a0\u00a0\u00a0\u00a0<\/span>\u00a0\u00a0\u00a0\u00a0\u00a0\u00a0\u00a0 <br \/>\r\npond\u011bl\u00ed 10.15\u201311.15 | 23.&nbsp;2. \u2013 15.&nbsp;6.&nbsp;2026<\/p>\r\n<p><span style=\"color: #0000ff;\">Chytr\u00e9 telefony\/tablety pro m\u00edrn\u011b pokro\u010dil\u00e9 C\u00a0\u00a0\u00a0<\/span>\u00a0\u00a0\u00a0\u00a0\u00a0\u00a0\u00a0\u00a0\u00a0\u00a0\u00a0\u00a0\u00a0 <br \/>\r\np\u00e1tek 10.15\u201311.15 | 13.&nbsp;2. \u2013 12.&nbsp;6.&nbsp;2026<\/p>\r\n<p><span style=\"color: #0000ff;\">Chytr\u00e9 telefony\/tablety pro pokro\u010dil\u00e9 A&nbsp;\u00a0\u00a0\u00a0\u00a0\u00a0\u00a0\u00a0\u00a0\u00a0\u00a0\u00a0\u00a0\u00a0\u00a0\u00a0\u00a0\u00a0\u00a0\u00a0<\/span>\u00a0\u00a0\u00a0\u00a0\u00a0\u00a0\u00a0\u00a0\u00a0 <br \/>\r\npond\u011bl\u00ed 11.30\u201312.30 | 23.&nbsp;2. \u2013 15.&nbsp;6.&nbsp;2026<\/p>\r\n<p><span style=\"color: #0000ff;\">Chytr\u00e9 telefony\/tablety pro pokro\u010dil\u00e9 B \u00a0\u00a0<\/span>\u00a0\u00a0\u00a0\u00a0\u00a0\u00a0\u00a0\u00a0\u00a0\u00a0\u00a0\u00a0\u00a0\u00a0\u00a0\u00a0\u00a0\u00a0\u00a0\u00a0\u00a0\u00a0\u00a0\u00a0\u00a0\u00a0 <br \/>\r\np\u00e1tek 11.30\u201312.30 | 13.&nbsp;2. \u2013 12.&nbsp;6.&nbsp;2026<\/p>\r\n<h3>Po\u010d\u00edta\u010dov\u00e9 kurzy<\/h3>\r\n<p><span style=\"color: #0000ff;\">PC pro m\u00edrn\u011b pokro\u010dil\u00e9\u00a0 \u00a0 <\/span>\u00a0\u00a0\u00a0\u00a0\u00a0\u00a0\u00a0\u00a0\u00a0\u00a0\u00a0\u00a0\u00a0\u00a0\u00a0\u00a0\u00a0\u00a0\u00a0\u00a0\u00a0\u00a0\u00a0\u00a0\u00a0\u00a0\u00a0\u00a0\u00a0\u00a0\u00a0\u00a0\u00a0\u00a0\u00a0\u00a0\u00a0\u00a0\u00a0\u00a0\u00a0\u00a0\u00a0\u00a0\u00a0\u00a0\u00a0\u00a0\u00a0\u00a0\u00a0\u00a0\u00a0\u00a0\u00a0\u00a0\u00a0\u00a0\u00a0 <br \/>\r\nst\u0159eda 9.30\u201311.30 | 25.&nbsp;2. \u2013 10.&nbsp;6.&nbsp;2026<\/p>\r\n<p><span style=\"color: #0000ff;\">Nejlep\u0161\u00ed mobiln\u00ed aplikace, webov\u00e9 str\u00e1nky a&nbsp;program<\/span>\u00a0 \u00a0\u00a0<br \/>\r\n\u010dtvrtek 10.15\u201312.15\u00a0 | 26.&nbsp;2. \u2013 18.&nbsp;6.&nbsp;2026<\/p>\r\n<p><span style=\"color: #0000ff;\">Po\u010d\u00edta\u010de pro pokro\u010dil\u00e9\u00a0 \u00a0 \u00a0 <\/span>\u00a0\u00a0\u00a0\u00a0\u00a0\u00a0\u00a0\u00a0\u00a0\u00a0\u00a0\u00a0\u00a0\u00a0\u00a0\u00a0\u00a0\u00a0\u00a0\u00a0\u00a0\u00a0\u00a0\u00a0\u00a0\u00a0\u00a0\u00a0\u00a0\u00a0\u00a0\u00a0\u00a0\u00a0\u00a0\u00a0\u00a0\u00a0\u00a0\u00a0\u00a0\u00a0\u00a0\u00a0\u00a0\u00a0 <br \/>\r\n\u010dtvrtek 13.00\u201315.00 | 26.&nbsp;2. \u2013 18.&nbsp;6.&nbsp;2026<\/p>\r\n<hr \/>\r\n<p>Po\u010det m\u00edst je omezen. Registrace na kurzy bude omezena na jeden kurz na osobu. V&nbsp;p\u0159\u00edpad\u011b voln\u00e9 kapacity na jednotliv\u00fdch kurzech maj\u00ed mo\u017enost se p\u0159ihl\u00e1sit i&nbsp;z\u00e1jemci, kte\u0159\u00ed jsou ji\u017e na jin\u00fdch kurzech zaregistrovan\u00ed. V&nbsp;p\u0159\u00edpad\u011b absence v&nbsp;po\u010dtu 3 lekc\u00ed bez omluvy je klient z\u00a0kurzu automaticky odhl\u00e1\u0161en a&nbsp;uvol\u0148uje tak m\u00edsto n\u00e1hradn\u00edm z\u00e1jemc\u016fm.<\/p>\r\n<hr \/>\r\n<p><strong>Spojen\u00ed do P\u0159\u00edstavu<\/strong><br \/>\r\n<strong>bus 156<\/strong> \u2013 zast\u00e1vka V&nbsp;P\u0159\u00edstavu (80 m, 1 minuta ch\u016fze)<\/p>\r\n<p><strong>tram 1, 14, 25<\/strong> \u2013 zast\u00e1vka Ortenovo n\u00e1m\u011bst\u00ed nebo U&nbsp;Pr\u016fhonu (650 m, 9 minut ch\u016fze)<\/p>\r\n<p>tel.: <strong>222&nbsp;264&nbsp;846<\/strong>, e-mail: <a href=\"mailto:pristav@elpida.cz\">pristav@elpida.cz<\/a><\/p>\r\n<hr \/>","protected":false},"excerpt":{"rendered":"[perex] Seniory star\u0161\u00ed 60 let trvale bydl\u00edc\u00ed na Sedmi\u010dce zveme na kurzy ovl\u00e1d\u00e1n\u00ed chytr\u00fdch mobiln\u00edch telefon\u016f, tablet\u016f a&nbsp;po\u010d\u00edta\u010d\u016f. Konaj\u00ed se zdarma v&nbsp;centru Elpida \u2013 P\u0159\u00edstav, V&nbsp;P\u0159\u00edstavu 1639\/24, hrad\u00ed se jen jednor\u00e1zov\u00fd poplatek 50&nbsp;K\u010d p\u0159i registraci. Registrace prob\u011bhne v&nbsp;p\u00e1tek 23.&nbsp;ledna 2026 od 9.00 do 13.00 v&nbsp;P\u0159\u00edstavu (vstup do budovy od 8.30). Kurzy za\u010d\u00ednaj\u00ed od 13.&nbsp;\u00fanora a&nbsp;jejich [&hellip;]","protected":false},"author":251,"featured_media":22353,"comment_status":"closed","ping_status":"open","sticky":false,"template":"","format":"standard","meta":[],"categories":[34],"tags":[115,91],"_links":{"self":[{"href":"https:\/\/www.praha7.cz\/api\/wp\/v2\/posts\/89061"}],"collection":[{"href":"https:\/\/www.praha7.cz\/api\/wp\/v2\/posts"}],"about":[{"href":"https:\/\/www.praha7.cz\/api\/wp\/v2\/types\/post"}],"author":[{"embeddable":true,"href":"https:\/\/www.praha7.cz\/api\/wp\/v2\/users\/251"}],"replies":[{"embeddable":true,"href":"https:\/\/www.praha7.cz\/api\/wp\/v2\/comments?post=89061"}],"version-history":[{"count":1,"href":"https:\/\/www.praha7.cz\/api\/wp\/v2\/posts\/89061\/revisions"}],"predecessor-version":[{"id":89064,"href":"https:\/\/www.praha7.cz\/api\/wp\/v2\/posts\/89061\/revisions\/89064"}],"wp:featuredmedia":[{"embeddable":true,"href":"https:\/\/www.praha7.cz\/api\/wp\/v2\/media\/22353"}],"wp:attachment":[{"href":"https:\/\/www.praha7.cz\/api\/wp\/v2\/media?parent=89061"}],"wp:term":[{"taxonomy":"category","embeddable":true,"href":"https:\/\/www.praha7.cz\/api\/wp\/v2\/categories?post=89061"},{"taxonomy":"post_tag","embeddable":true,"href":"https:\/\/www.praha7.cz\/api\/wp\/v2\/tags?post=89061"}],"curies":[{"name":"wp","href":"https:\/\/api.w.org\/{rel}","templated":true}]}}