    
{"id":89046,"date":"2026-01-13T15:01:42","date_gmt":"2026-01-13T14:01:42","guid":{"rendered":"https:\/\/www.praha7.cz\/?p=89046"},"modified":"2026-01-23T15:12:39","modified_gmt":"2026-01-23T14:12:39","slug":"jazyk-26-1","status":"publish","type":"post","link":"https:\/\/www.praha7.cz\/jazyk-26-1\/","title":{"rendered":"Kurzy angli\u010dtiny, n\u011bm\u010diny, francouz\u0161tiny a&nbsp;ital\u0161tiny pro na\u0161e seniory"},"content":{"rendered":"<p>[perex]<\/p>\r\n<p>Seniory star\u0161\u00ed 60 let trvale bydl\u00edc\u00ed na Sedmi\u010dce zveme na kurzy angli\u010dtiny, n\u011bm\u010diny, francouz\u0161tiny a&nbsp;ital\u0161tiny. Konaj\u00ed se zdarma v&nbsp;centru Elpida \u2013 P\u0159\u00edstav, V&nbsp;P\u0159\u00edstavu 1639\/24, hrad\u00ed se jen jednor\u00e1zov\u00fd poplatek 50&nbsp;K\u010d p\u0159i registraci. <strong>Registrace prob\u011bhne v&nbsp;p\u00e1tek 23.&nbsp;ledna 2026 od 9.00 do 13.00 v&nbsp;P\u0159\u00edstavu<\/strong> (vstup do budovy od 8.30). Kurzy za\u010d\u00ednaj\u00ed od 12.&nbsp;\u00fanora a&nbsp;jejich p\u0159ehled najdete n\u00ed\u017ee.<\/p>\r\n<p>[\/perex]<\/p>\r\n<h2>Term\u00edny kurz\u016f \/ \u00fanor\u2013\u010derven 2026<\/h2>\r\n<h3><span style=\"color: #0000ff;\"><strong><span style=\"color: #000000;\">Anglick\u00fd jazyk<\/span><\/strong><br \/>\r\n<\/span><\/h3>\r\n<p><span style=\"color: #0000ff;\">Anglick\u00fd jazyk pro \u00fapln\u00e9 za\u010d\u00e1te\u010dn\u00edky<\/span><br \/>\r\np\u00e1tek 11.30\u201312.30 | 13.&nbsp;2. \u2013 12.&nbsp;6.&nbsp;2026<\/p>\r\n<p><span style=\"color: #0000ff;\">Anglick\u00fd jazyk pro m\u00edrn\u011b pokro\u010dil\u00e9<\/span><br \/>\r\np\u00e1tek 9.00 \u2013 10.00 | 13.&nbsp;2. \u2013 12.&nbsp;6.&nbsp;2026 \u00a0 \u00a0<\/p>\r\n<p><span style=\"color: #0000ff;\">Anglick\u00fd jazyk pro st\u0159edn\u011b pokro\u010dil\u00e9\u00a0 \u00a0 \u00a0 \u00a0 \u00a0 \u00a0<\/span>\u00a0\u00a0\u00a0\u00a0\u00a0\u00a0\u00a0\u00a0\u00a0\u00a0\u00a0\u00a0\u00a0\u00a0\u00a0\u00a0\u00a0\u00a0\u00a0\u00a0\u00a0\u00a0 <br \/>\r\n\u010dtvrtek 9.00\u201310.00 | 12.&nbsp;2. \u2013 21.&nbsp;5.&nbsp;2026\u00a0 \u00a0 \u00a0\u00a0<\/p>\r\n<p><span style=\"color: #0000ff;\">Anglick\u00fd jazyk pro pokro\u010dil\u00e9 A\u00a0 \u00a0 \u00a0 \u00a0 \u00a0 \u00a0 \u00a0 \u00a0 \u00a0 \u00a0 \u00a0 \u00a0<\/span>\u00a0\u00a0\u00a0\u00a0\u00a0\u00a0\u00a0\u00a0\u00a0\u00a0\u00a0 <br \/>\r\n\u010dtvrtek 10.15\u201311.15 | 12.&nbsp;2. \u2013 21.&nbsp;5.&nbsp;2026\u00a0<\/p>\r\n<p><span style=\"color: #0000ff;\">Anglick\u00fd jazyk pro pokro\u010dil\u00e9 B<br \/>\r\n<span style=\"color: #000000;\">p\u00e1tek 10.15 \u2013 11.15 | 13.&nbsp;2. \u2013 12.&nbsp;6.&nbsp;2026<\/span><\/span><\/p>\r\n<p><span style=\"color: #0000ff;\">Anglick\u00fd jazyk \u2013 konverzace\u00a0\u00a0\u00a0\u00a0\u00a0\u00a0\u00a0\u00a0\u00a0\u00a0 <\/span>\u00a0\u00a0\u00a0\u00a0\u00a0\u00a0\u00a0\u00a0\u00a0\u00a0\u00a0\u00a0\u00a0\u00a0\u00a0\u00a0\u00a0\u00a0\u00a0\u00a0\u00a0\u00a0\u00a0\u00a0\u00a0\u00a0 <br \/>\r\n\u010dtvrtek 11.30\u201312.30 | 13.&nbsp;2. \u2013 12.&nbsp;6.&nbsp;2026\u00a0<\/p>\r\n<h3><strong>N\u011bmeck\u00fd jazyk<\/strong><\/h3>\r\n<p><span style=\"color: #0000ff;\">N\u011bmeck\u00fd jazyk pro \u00fapln\u00e9 za\u010d\u00e1te\u010dn\u00edky\u00a0<\/span>\u00a0\u00a0\u00a0\u00a0\u00a0\u00a0\u00a0\u00a0\u00a0\u00a0\u00a0\u00a0\u00a0\u00a0\u00a0\u00a0\u00a0\u00a0\u00a0\u00a0\u00a0\u00a0\u00a0 <br \/>\r\n\u00fater\u00fd 9.00\u201310.00 | 24.&nbsp;2. \u2013 2.&nbsp;6.&nbsp;2026<\/p>\r\n<p><span style=\"color: #0000ff;\">N\u011bmeck\u00fd jazyk pro m\u00edrn\u011b pokro\u010dil\u00e9\u00a0\u00a0<\/span>\u00a0\u00a0\u00a0\u00a0\u00a0\u00a0\u00a0\u00a0\u00a0\u00a0\u00a0\u00a0\u00a0\u00a0\u00a0\u00a0\u00a0\u00a0\u00a0\u00a0\u00a0\u00a0\u00a0\u00a0\u00a0\u00a0\u00a0 <br \/>\r\n\u00fater\u00fd 10.15\u201311.15 | 24.&nbsp;2. \u2013 2.&nbsp;6.&nbsp;2026<\/p>\r\n<h3><strong>Francouzsk\u00fd jazyk\u00a0<\/strong><\/h3>\r\n<p><span style=\"color: #0000ff;\">Francouzsk\u00fd jazyk pro m\u00edrn\u011b pokro\u010dil\u00e9\u00a0\u00a0\u00a0\u00a0\u00a0<\/span>\u00a0\u00a0\u00a0\u00a0\u00a0\u00a0\u00a0\u00a0\u00a0\u00a0\u00a0\u00a0\u00a0\u00a0\u00a0\u00a0\u00a0 <br \/>\r\nst\u0159eda 15.00\u201316.00 | 25.&nbsp;2. \u2013 3.&nbsp;6.&nbsp;2026<\/p>\r\n<h3><strong>Italsk\u00fd jazyk<\/strong><\/h3>\r\n<p><span style=\"color: #0000ff;\">Ital\u0161tina pro \u00fapln\u00e9 za\u010d\u00e1te\u010dn\u00edky\u00a0\u00a0\u00a0\u00a0\u00a0\u00a0\u00a0<\/span>\u00a0\u00a0\u00a0\u00a0\u00a0\u00a0\u00a0\u00a0\u00a0\u00a0\u00a0\u00a0\u00a0\u00a0\u00a0\u00a0\u00a0 \u00a0\u00a0\u00a0\u00a0\u00a0\u00a0\u00a0\u00a0\u00a0\u00a0\u00a0\u00a0\u00a0\u00a0\u00a0 <br \/>\r\nst\u0159eda 9.00\u201310.00 | 25.&nbsp;2. \u2013 3.&nbsp;6.&nbsp;2026<\/p>\r\n<p><span style=\"color: #0000ff;\">Ital\u0161tina pro m\u00edrn\u011b pokro\u010dil\u00e9\u00a0\u00a0\u00a0\u00a0<\/span>\u00a0\u00a0\u00a0\u00a0\u00a0\u00a0\u00a0\u00a0\u00a0\u00a0\u00a0\u00a0\u00a0\u00a0\u00a0\u00a0\u00a0\u00a0\u00a0\u00a0\u00a0\u00a0\u00a0\u00a0\u00a0 \u00a0\u00a0\u00a0\u00a0\u00a0\u00a0\u00a0\u00a0\u00a0\u00a0\u00a0\u00a0\u00a0\u00a0\u00a0 <br \/>\r\nst\u0159eda 10.15 \u201311.15 | 25.&nbsp;2. \u2013 3.&nbsp;6.&nbsp;2026<\/p>\r\n<hr \/>\r\n<p>Po\u010det m\u00edst je omezen. V\u00fduka bude prob\u00edhat ve skupin\u00e1ch o&nbsp;max. 10 \u00fa\u010dastn\u00edc\u00edch. Registrace na kurzy bude omezena na jeden jazykov\u00fd kurz na osobu. V&nbsp;p\u0159\u00edpad\u011b voln\u00e9 kapacity na jednotliv\u00fdch kurzech maj\u00ed mo\u017enost se p\u0159ihl\u00e1sit i&nbsp;z\u00e1jemci, kte\u0159\u00ed jsou ji\u017e na jin\u00fdch kurzech zaregistrovan\u00ed. V&nbsp;p\u0159\u00edpad\u011b absence v&nbsp;po\u010dtu t\u0159\u00ed lekc\u00ed bez omluvy je klient z\u00a0kurzu automaticky odhl\u00e1\u0161en a&nbsp;uvol\u0148uje m\u00edsto n\u00e1hradn\u00edk\u016fm.<\/p>\r\n<hr \/>\r\n<p><strong>Spojen\u00ed do P\u0159\u00edstavu<\/strong><br \/>\r\n<strong>bus 156<\/strong> \u2013 zast\u00e1vka V&nbsp;P\u0159\u00edstavu (80 m, 1 minuta ch\u016fze)<\/p>\r\n<p><strong>tram 1, 14, 25<\/strong> \u2013 zast\u00e1vka Ortenovo n\u00e1m\u011bst\u00ed nebo U&nbsp;Pr\u016fhonu (650 m, 9 minut ch\u016fze)<\/p>\r\n<p>tel.: <strong>222&nbsp;264&nbsp;846<\/strong>, e-mail: <a href=\"mailto:pristav@elpida.cz\">pristav@elpida.cz<\/a><\/p>\r\n<hr \/>","protected":false},"excerpt":{"rendered":"[perex] Seniory star\u0161\u00ed 60 let trvale bydl\u00edc\u00ed na Sedmi\u010dce zveme na kurzy angli\u010dtiny, n\u011bm\u010diny, francouz\u0161tiny a&nbsp;ital\u0161tiny. Konaj\u00ed se zdarma v&nbsp;centru Elpida \u2013 P\u0159\u00edstav, V&nbsp;P\u0159\u00edstavu 1639\/24, hrad\u00ed se jen jednor\u00e1zov\u00fd poplatek 50&nbsp;K\u010d p\u0159i registraci. Registrace prob\u011bhne v&nbsp;p\u00e1tek 23.&nbsp;ledna 2026 od 9.00 do 13.00 v&nbsp;P\u0159\u00edstavu (vstup do budovy od 8.30). Kurzy za\u010d\u00ednaj\u00ed od 12.&nbsp;\u00fanora a&nbsp;jejich p\u0159ehled najdete [&hellip;]","protected":false},"author":251,"featured_media":81654,"comment_status":"closed","ping_status":"open","sticky":false,"template":"","format":"standard","meta":[],"categories":[34],"tags":[115,91],"_links":{"self":[{"href":"https:\/\/www.praha7.cz\/api\/wp\/v2\/posts\/89046"}],"collection":[{"href":"https:\/\/www.praha7.cz\/api\/wp\/v2\/posts"}],"about":[{"href":"https:\/\/www.praha7.cz\/api\/wp\/v2\/types\/post"}],"author":[{"embeddable":true,"href":"https:\/\/www.praha7.cz\/api\/wp\/v2\/users\/251"}],"replies":[{"embeddable":true,"href":"https:\/\/www.praha7.cz\/api\/wp\/v2\/comments?post=89046"}],"version-history":[{"count":5,"href":"https:\/\/www.praha7.cz\/api\/wp\/v2\/posts\/89046\/revisions"}],"predecessor-version":[{"id":89063,"href":"https:\/\/www.praha7.cz\/api\/wp\/v2\/posts\/89046\/revisions\/89063"}],"wp:featuredmedia":[{"embeddable":true,"href":"https:\/\/www.praha7.cz\/api\/wp\/v2\/media\/81654"}],"wp:attachment":[{"href":"https:\/\/www.praha7.cz\/api\/wp\/v2\/media?parent=89046"}],"wp:term":[{"taxonomy":"category","embeddable":true,"href":"https:\/\/www.praha7.cz\/api\/wp\/v2\/categories?post=89046"},{"taxonomy":"post_tag","embeddable":true,"href":"https:\/\/www.praha7.cz\/api\/wp\/v2\/tags?post=89046"}],"curies":[{"name":"wp","href":"https:\/\/api.w.org\/{rel}","templated":true}]}}