    
{"id":89032,"date":"2026-01-13T11:48:59","date_gmt":"2026-01-13T10:48:59","guid":{"rendered":"https:\/\/www.praha7.cz\/?p=89032"},"modified":"2026-01-15T08:00:23","modified_gmt":"2026-01-15T07:00:23","slug":"voky-nepristaveny-1-26","status":"publish","type":"post","link":"https:\/\/www.praha7.cz\/voky-nepristaveny-1-26\/","title":{"rendered":"VOKy v&nbsp;Mal\u00ed\u0159sk\u00e9 a&nbsp;\u0160im\u00e1\u010dkov\u011b nemohly b\u00fdt p\u0159istaveny"},"content":{"rendered":"<p>[perex]<\/p>\r\n<p>V\u00e1\u017een\u00ed ob\u010dan\u00e9, omlouv\u00e1me se, ale svozov\u00e1 slu\u017eba IPODEC nemohla dne 12.&nbsp;ledna 2026 p\u0159istavit velkoobjemov\u00fd kontejner na stanovi\u0161t\u00edch \u0160im\u00e1\u010dkova a&nbsp;U&nbsp;Stud\u00e1nky \u010d. 22 \u00d7 Mal\u00ed\u0159sk\u00e1. D\u016fvodem byla vozidla, resp. \u0159idi\u010di, kte\u0159\u00ed nedbali dopravn\u00edho zna\u010den\u00ed a&nbsp;nechali sv\u00e1 auta zaparkovan\u00e1 v&nbsp;m\u00edst\u011b pl\u00e1novan\u00e9ho p\u0159istaven\u00ed kontejneru.\u00a0<\/p>\r\n<p>[\/perex]<\/p>\r\n<p>Harmonogram p\u0159istaven\u00ed VOK\u016f najdete v\u017edy v&nbsp;Hobuletu a&nbsp;tak\u00e9 <a href=\"https:\/\/www.praha7.cz\/temata\/odpad\/velkoobjemove-kontejnery\/\" target=\"_blank\" rel=\"noopener\">zde<\/a>.<\/p>\r\n<p><img loading=\"lazy\" src=\"https:\/\/www.praha7.cz\/wp-content\/uploads\/2026\/01\/IMG-20260112-WA0000-225x400.jpg\" alt=\"\" width=\"225\" height=\"400\" class=\"alignnone size-medium wp-image-89033\" srcset=\"https:\/\/www.praha7.cz\/wp-content\/uploads\/2026\/01\/IMG-20260112-WA0000-225x400.jpg 225w, https:\/\/www.praha7.cz\/wp-content\/uploads\/2026\/01\/IMG-20260112-WA0000-563x1000.jpg 563w, https:\/\/www.praha7.cz\/wp-content\/uploads\/2026\/01\/IMG-20260112-WA0000.jpg 576w\" sizes=\"(max-width: 225px) 100vw, 225px\" \/><\/p>\r\n<p>aktu\u00e1ln\u00ed situace z&nbsp;m\u00edsta<\/p>","protected":false},"excerpt":{"rendered":"[perex] V\u00e1\u017een\u00ed ob\u010dan\u00e9, omlouv\u00e1me se, ale svozov\u00e1 slu\u017eba IPODEC nemohla dne 12.&nbsp;ledna 2026 p\u0159istavit velkoobjemov\u00fd kontejner na stanovi\u0161t\u00edch \u0160im\u00e1\u010dkova a&nbsp;U&nbsp;Stud\u00e1nky \u010d. 22 \u00d7 Mal\u00ed\u0159sk\u00e1. D\u016fvodem byla vozidla, resp. \u0159idi\u010di, kte\u0159\u00ed nedbali dopravn\u00edho zna\u010den\u00ed a&nbsp;nechali sv\u00e1 auta zaparkovan\u00e1 v&nbsp;m\u00edst\u011b pl\u00e1novan\u00e9ho p\u0159istaven\u00ed kontejneru.\u00a0 [\/perex] Harmonogram p\u0159istaven\u00ed VOK\u016f najdete v\u017edy v&nbsp;Hobuletu a&nbsp;tak\u00e9 zde. aktu\u00e1ln\u00ed situace z&nbsp;m\u00edsta","protected":false},"author":251,"featured_media":85396,"comment_status":"closed","ping_status":"open","sticky":false,"template":"","format":"standard","meta":[],"categories":[34],"tags":[114],"_links":{"self":[{"href":"https:\/\/www.praha7.cz\/api\/wp\/v2\/posts\/89032"}],"collection":[{"href":"https:\/\/www.praha7.cz\/api\/wp\/v2\/posts"}],"about":[{"href":"https:\/\/www.praha7.cz\/api\/wp\/v2\/types\/post"}],"author":[{"embeddable":true,"href":"https:\/\/www.praha7.cz\/api\/wp\/v2\/users\/251"}],"replies":[{"embeddable":true,"href":"https:\/\/www.praha7.cz\/api\/wp\/v2\/comments?post=89032"}],"version-history":[{"count":1,"href":"https:\/\/www.praha7.cz\/api\/wp\/v2\/posts\/89032\/revisions"}],"predecessor-version":[{"id":89034,"href":"https:\/\/www.praha7.cz\/api\/wp\/v2\/posts\/89032\/revisions\/89034"}],"wp:featuredmedia":[{"embeddable":true,"href":"https:\/\/www.praha7.cz\/api\/wp\/v2\/media\/85396"}],"wp:attachment":[{"href":"https:\/\/www.praha7.cz\/api\/wp\/v2\/media?parent=89032"}],"wp:term":[{"taxonomy":"category","embeddable":true,"href":"https:\/\/www.praha7.cz\/api\/wp\/v2\/categories?post=89032"},{"taxonomy":"post_tag","embeddable":true,"href":"https:\/\/www.praha7.cz\/api\/wp\/v2\/tags?post=89032"}],"curies":[{"name":"wp","href":"https:\/\/api.w.org\/{rel}","templated":true}]}}