    
{"id":88942,"date":"2026-01-09T11:26:54","date_gmt":"2026-01-09T10:26:54","guid":{"rendered":"https:\/\/www.praha7.cz\/?p=88942"},"modified":"2026-01-14T08:47:10","modified_gmt":"2026-01-14T07:47:10","slug":"pruchod-13-1","status":"publish","type":"post","link":"https:\/\/www.praha7.cz\/pruchod-13-1\/","title":{"rendered":"Pr\u016fchod Ke Stromovce z\u016fst\u00e1v\u00e1 13.&nbsp;ledna otev\u0159en"},"content":{"rendered":"<p>[perex]<\/p>\r\n<p><span style=\"color: #ff0000;\">Aktualizace: z&nbsp;d\u016fvodu nep\u0159\u00edzniv\u00fdch meteorologick\u00fdch podm\u00ednek nelze instalaci prov\u00e9st, pr\u016fchod je 13.&nbsp;ledna otev\u0159en.<\/span>\u00a0<\/p>\r\n<p>V\u00e1\u017een\u00ed soused\u00e9, kv\u016fli usazov\u00e1n\u00ed osv\u011btlovac\u00edho prvku a&nbsp;pohybu t\u011b\u017ek\u00e9 techniky bude pr\u016fchod Ke Stromovce \/ Od Stromovky v&nbsp;\u00fater\u00fd 13.&nbsp;ledna 2026 uzav\u0159en.<\/p>\r\n<p>D\u011bkujeme za pochopen\u00ed.<\/p>\r\n<p>[\/perex]<\/p>\r\n<h3>V\u00edce o&nbsp;<a href=\"https:\/\/www.praha7.cz\/pruchod-stromovka\/\" target=\"_blank\" rel=\"noopener\">pr\u016fchodu a&nbsp;l\u00e1vce Pavla Jurkovi\u010de<\/a><\/h3>\r\n<p><img loading=\"lazy\" src=\"https:\/\/www.praha7.cz\/wp-content\/uploads\/2025\/12\/pruchod-U-Studanky-Stromovka-600x367.png\" alt=\"\" width=\"600\" height=\"367\" class=\"alignnone size-medium wp-image-88438\" srcset=\"https:\/\/www.praha7.cz\/wp-content\/uploads\/2025\/12\/pruchod-U-Studanky-Stromovka-600x367.png 600w, https:\/\/www.praha7.cz\/wp-content\/uploads\/2025\/12\/pruchod-U-Studanky-Stromovka-1500x917.png 1500w, https:\/\/www.praha7.cz\/wp-content\/uploads\/2025\/12\/pruchod-U-Studanky-Stromovka-768x470.png 768w, https:\/\/www.praha7.cz\/wp-content\/uploads\/2025\/12\/pruchod-U-Studanky-Stromovka-1536x939.png 1536w, https:\/\/www.praha7.cz\/wp-content\/uploads\/2025\/12\/pruchod-U-Studanky-Stromovka-2048x1252.png 2048w\" sizes=\"(max-width: 600px) 100vw, 600px\" \/><\/p>","protected":false},"excerpt":{"rendered":"[perex] Aktualizace: z&nbsp;d\u016fvodu nep\u0159\u00edzniv\u00fdch meteorologick\u00fdch podm\u00ednek nelze instalaci prov\u00e9st, pr\u016fchod je 13.&nbsp;ledna otev\u0159en.\u00a0 V\u00e1\u017een\u00ed soused\u00e9, kv\u016fli usazov\u00e1n\u00ed osv\u011btlovac\u00edho prvku a&nbsp;pohybu t\u011b\u017ek\u00e9 techniky bude pr\u016fchod Ke Stromovce \/ Od Stromovky v&nbsp;\u00fater\u00fd 13.&nbsp;ledna 2026 uzav\u0159en. D\u011bkujeme za pochopen\u00ed. [\/perex] V\u00edce o&nbsp;pr\u016fchodu a&nbsp;l\u00e1vce Pavla Jurkovi\u010de","protected":false},"author":251,"featured_media":88480,"comment_status":"closed","ping_status":"open","sticky":false,"template":"","format":"standard","meta":[],"categories":[34],"tags":[99,110],"_links":{"self":[{"href":"https:\/\/www.praha7.cz\/api\/wp\/v2\/posts\/88942"}],"collection":[{"href":"https:\/\/www.praha7.cz\/api\/wp\/v2\/posts"}],"about":[{"href":"https:\/\/www.praha7.cz\/api\/wp\/v2\/types\/post"}],"author":[{"embeddable":true,"href":"https:\/\/www.praha7.cz\/api\/wp\/v2\/users\/251"}],"replies":[{"embeddable":true,"href":"https:\/\/www.praha7.cz\/api\/wp\/v2\/comments?post=88942"}],"version-history":[{"count":3,"href":"https:\/\/www.praha7.cz\/api\/wp\/v2\/posts\/88942\/revisions"}],"predecessor-version":[{"id":89021,"href":"https:\/\/www.praha7.cz\/api\/wp\/v2\/posts\/88942\/revisions\/89021"}],"wp:featuredmedia":[{"embeddable":true,"href":"https:\/\/www.praha7.cz\/api\/wp\/v2\/media\/88480"}],"wp:attachment":[{"href":"https:\/\/www.praha7.cz\/api\/wp\/v2\/media?parent=88942"}],"wp:term":[{"taxonomy":"category","embeddable":true,"href":"https:\/\/www.praha7.cz\/api\/wp\/v2\/categories?post=88942"},{"taxonomy":"post_tag","embeddable":true,"href":"https:\/\/www.praha7.cz\/api\/wp\/v2\/tags?post=88942"}],"curies":[{"name":"wp","href":"https:\/\/api.w.org\/{rel}","templated":true}]}}