    
{"id":88926,"date":"2026-02-02T15:29:26","date_gmt":"2026-02-02T14:29:26","guid":{"rendered":"https:\/\/www.praha7.cz\/?p=88926"},"modified":"2026-03-19T14:41:38","modified_gmt":"2026-03-19T13:41:38","slug":"hledate-poutavou-praci-se-zamerenim-na-dopravu-2","status":"publish","type":"post","link":"https:\/\/www.praha7.cz\/hledate-poutavou-praci-se-zamerenim-na-dopravu-2\/","title":{"rendered":"Hled\u00e1te poutavou pr\u00e1ci se zam\u011b\u0159en\u00edm na dopravu?"},"content":{"rendered":"<p>[perex]<\/p>\r\n<p>\u00da\u0159ad Prahy&nbsp;7 p\u0159ijme do sv\u00e9ho t\u00fdmu kolegu\/kolegyni na pozici referent\/ka odd\u011blen\u00ed silni\u010dn\u00edho spr\u00e1vn\u00edho \u00fa\u0159adu na Odboru dopravy. Jste na silnic\u00edch jako doma a&nbsp;vyzn\u00e1te se v&nbsp;pravidlech provozu na komunikac\u00edch? Cht\u011bli byste se starat o&nbsp;dopravu v&nbsp;Praze 7? R\u00e1di byste pracovali v&nbsp;dynamicky se rozv\u00edjej\u00edc\u00ed m\u011bstsk\u00e9 \u010d\u00e1sti pro \u00fa\u0159ad s&nbsp;tak trochu jin\u00fdm p\u0159\u00edstupem? Nev\u00e1hejte a&nbsp;p\u0159ihlaste se do na\u0161eho v\u00fdb\u011brov\u00e9ho \u0159\u00edzen\u00ed, kter\u00e9 bylo prodlou\u017eeno do 31.&nbsp;b\u0159ezna 2026.<\/p>\r\n<p><span style=\"color: #ff0000;\">V\u00fdb\u011brov\u00e9 \u0159\u00edzen\u00ed je k&nbsp;19.&nbsp;b\u0159eznu ukon\u010deno.<\/span><\/p>\r\n<p>[\/perex]<\/p>\r\n<h3>Co u&nbsp;n\u00e1s budete d\u011blat?<\/h3>\r\n<p>Povedete spr\u00e1vn\u00ed \u0159\u00edzen\u00ed v&nbsp;oblasti silni\u010dn\u00edho hospod\u00e1\u0159stv\u00ed (nepovolen\u00e9 z\u00e1bory zvl\u00e1\u0161tn\u00edho u\u017e\u00edv\u00e1n\u00ed komunikace), na \u00faseku silni\u010dn\u00ed dopravy (p\u0159estupky taxi a&nbsp;tachograf) a&nbsp;na \u00faseku poji\u0161t\u011bn\u00ed odpov\u011bdnosti z&nbsp;provozu vozidla.\u00a0 Budete povolovat zvl\u00e1\u0161tn\u00ed u\u017e\u00edv\u00e1n\u00ed komunikac\u00ed, posuzovat \u017e\u00e1dosti a&nbsp;vyd\u00e1vat rozhodnut\u00ed a&nbsp;stanoviska v&nbsp;souladu s&nbsp;platnou legislativou. Rovn\u011b\u017e budete zaji\u0161\u0165ovat komunikaci s&nbsp;ob\u010dany, fyzick\u00fdmi a&nbsp;pr\u00e1vnick\u00fdmi osobami, prov\u00e1d\u011bt m\u00edstn\u00ed \u0161et\u0159en\u00ed na m\u00edstn\u00edch a&nbsp;\u00fa\u010delov\u00fdch komunikac\u00edch a&nbsp;pod\u00edlet se na zlep\u0161ov\u00e1n\u00ed dopravn\u00ed organizace a&nbsp;bezpe\u010dnosti v&nbsp;m\u011bstsk\u00e9 \u010d\u00e1sti Praha&nbsp;7.&nbsp;\u010cek\u00e1 v\u00e1s pr\u00e1ce s&nbsp;informa\u010dn\u00edmi syst\u00e9my a&nbsp;evidenc\u00ed spisov\u00e9 dokumentace (E-spis, GINIS\u2026) i&nbsp;mo\u017enost aktivn\u011b se zapojit do \u0159e\u0161en\u00ed praktick\u00fdch dopravn\u00edch probl\u00e9m\u016f v&nbsp;ter\u00e9nu.<\/p>\r\n<p>&nbsp;<\/p>\r\n<h3>Co od v\u00e1s o\u010dek\u00e1v\u00e1me?<\/h3>\r\n<ul>\r\n\t<li>vysoko\u0161kolsk\u00e9 vzd\u011bl\u00e1n\u00ed v&nbsp;bakal\u00e1\u0159sk\u00e9m nebo magistersk\u00e9m studijn\u00edm programu<\/li>\r\n\t<li>znalost z\u00e1kona \u010d. 13\/1997 Sb., o&nbsp;pozemn\u00edch komunikac\u00edch<\/li>\r\n\t<li>znalost z\u00e1kona \u010d. 111\/1994 Sb., o&nbsp;silni\u010dn\u00ed doprav\u011b<\/li>\r\n\t<li>znalost z\u00e1kona \u010d. 30\/2024 Sb., o&nbsp;poji\u0161t\u011bn\u00ed odpov\u011bdnosti z&nbsp;provozu vozidla<\/li>\r\n<\/ul>\r\n<p>&nbsp;<\/p>\r\n<h3>Co v\u00e1m nab\u00edz\u00edme?<\/h3>\r\n<p>Jedn\u00e1 se o&nbsp;pracovn\u00ed pom\u011br na dobu ur\u010ditou \u2013 z\u00e1stup za mate\u0159skou dovolenou. N\u00e1stupn\u00ed plat v&nbsp;11.&nbsp;platov\u00e9 t\u0159\u00edd\u011b podle d\u00e9lky odborn\u00e9 praxe. Po zku\u0161ebn\u00ed dob\u011b osobn\u00ed p\u0159\u00edplatek a\u017e do v\u00fd\u0161e 100&nbsp;%.<\/p>\r\n<p>&nbsp;<\/p>\r\n<table width=\"1109\" height=\"217\" style=\"color: black !important; font-weight: normal !important;\">\r\n<tbody>\r\n<tr>\r\n<td style=\"height: 0px; text-align: center;\"><\/td>\r\n<td style=\"height: 0px; text-align: center;\"><\/td>\r\n<td style=\"height: 0px; text-align: center;\"><\/td>\r\n<\/tr>\r\n<tr>\r\n<td style=\"width: 361px; text-align: center;\">\r\n<p><img loading=\"lazy\" src=\"https:\/\/www.praha7.cz\/wp-content\/uploads\/2018\/11\/rust.jpg\" alt=\"\" width=\"99\" height=\"96\" class=\"alignnone size-full wp-image-21382\" \/><\/p>\r\n<span style=\"font-weight: normal !important; color: black !important;\">Platov\u00e9 ohodnocen\u00ed, kter\u00e9 roste spolu s&nbsp;v\u00e1mi.<\/span><\/td>\r\n<td style=\"width: 363px; text-align: center;\">\r\n<p><img loading=\"lazy\" src=\"https:\/\/www.praha7.cz\/wp-content\/uploads\/2018\/11\/benefit.jpg\" alt=\"\" width=\"99\" height=\"96\" class=\"alignnone size-full wp-image-21381\" \/><\/p>\r\n<span style=\"font-weight: normal !important; color: black !important;\">\u0160irokou \u0161k\u00e1lu benefit\u016f, kter\u00e9 p\u0159ich\u00e1zej\u00ed <br \/>\r\nve spr\u00e1vn\u00fd \u010das.<\/span><\/td>\r\n<td style=\"width: 363px; text-align: center;\">\r\n<p><img loading=\"lazy\" src=\"https:\/\/www.praha7.cz\/wp-content\/uploads\/2018\/11\/dovolena.jpg\" alt=\"\" width=\"99\" height=\"96\" class=\"alignnone size-full wp-image-21383\" \/><\/p>\r\n<span style=\"font-weight: normal !important; color: black !important;\">200 hodin dovolen\u00e9, na kterou nebudete cht\u00edt odjet, a&nbsp;p\u011bt dn\u016f indispozi\u010dn\u00edho volna.<\/span><\/td>\r\n<\/tr>\r\n<tr>\r\n<td style=\"width: 361px; text-align: center;\">\r\n<p><img loading=\"lazy\" src=\"https:\/\/www.praha7.cz\/wp-content\/uploads\/2018\/11\/vzdelavani.jpg\" alt=\"\" width=\"142\" height=\"96\" class=\"alignnone size-full wp-image-21384\" \/><\/p>\r\n<span style=\"font-weight: normal !important; color: black !important;\">Mo\u017enost dal\u0161\u00edho vzd\u011bl\u00e1v\u00e1n\u00ed, abyste se <br \/>\r\nve sv\u011bt\u011b neztratili.<\/span><\/td>\r\n<td style=\"width: 363px; text-align: center;\">\r\n<p><img loading=\"lazy\" src=\"https:\/\/www.praha7.cz\/wp-content\/uploads\/2018\/11\/inspirace.jpg\" alt=\"\" width=\"99\" height=\"96\" class=\"alignnone size-full wp-image-21385\" \/><\/p>\r\n<span style=\"font-weight: normal !important; color: black !important;\">Pr\u00e1ci v&nbsp;inspirativn\u00edm kolektivu, kde se <br \/>\r\np\u0159ed n\u00e1pady nezav\u00edraj\u00ed o\u010di.<\/span><\/td>\r\n<td style=\"width: 363px; text-align: center;\">\r\n<p><img loading=\"lazy\" src=\"https:\/\/www.praha7.cz\/wp-content\/uploads\/2018\/11\/perspektiva.jpg\" alt=\"\" width=\"99\" height=\"96\" class=\"alignnone size-full wp-image-21386\" \/><\/p>\r\n<span style=\"font-weight: normal !important; color: black !important;\">Perspektivn\u00ed zam\u011bstn\u00e1n\u00ed, kde pom\u00e1h\u00e1te <br \/>\r\nm\u011bnit sv\u011bt kolem sebe.<\/span><\/td>\r\n<\/tr>\r\n<\/tbody>\r\n<\/table>\r\n<p>&nbsp;<\/p>\r\n<h3>Jak se k\u00a0n\u00e1m dostanete?<\/h3>\r\n<p>P\u0159ihl\u00e1\u0161ku a&nbsp;souhlas se zpracov\u00e1n\u00edm osobn\u00edch \u00fadaj\u016f v\u010detn\u011b strukturovan\u00e9ho profesn\u00edho \u017eivotopisu, v\u00fdpisu z&nbsp;evidence Rejst\u0159\u00edku trest\u016f ne star\u0161\u00ed ne\u017e t\u0159i m\u011bs\u00edce (p\u0159i pod\u00e1n\u00ed p\u0159ihl\u00e1\u0161ky lze nahradit \u010destn\u00fdm prohl\u00e1\u0161en\u00edm o&nbsp;bez\u00fahonnosti) a&nbsp;ov\u011b\u0159enou kopii dokladu o&nbsp;nejvy\u0161\u0161\u00edm dosa\u017een\u00e9m vzd\u011bl\u00e1n\u00ed (p\u0159i pod\u00e1n\u00ed p\u0159ihl\u00e1\u0161ky lze p\u0159ipojit v&nbsp;prost\u00e9 kopii) je mo\u017en\u00e9 osobn\u011b doru\u010dit v&nbsp;\u00fa\u0159edn\u00edch hodin\u00e1ch do podatelny \u00da\u0159adu M\u010c Praha&nbsp;7, zaslat na adresu M\u011bstsk\u00e1 \u010d\u00e1st Praha&nbsp;7, \u00da\u0159ad m\u011bstsk\u00e9 \u010d\u00e1sti Praha&nbsp;7, Odbor person\u00e1ln\u00edch \u010dinnost\u00ed, U&nbsp;Pr\u016fhonu 1338\/38, 170&nbsp;00 Praha&nbsp;7, poslat e-mailem na <a href=\"mailto:pouzarovae@praha7.cz\">pouzarovae@praha7.cz<\/a> nebo datovou schr\u00e1nkou r44b2x7 <span style=\"color: #ff0000;\"><strong>nejpozd\u011bji do 31.&nbsp;b\u0159ezna 2026<\/strong><\/span>.<\/p>\r\n<p><strong>Vznik pracovn\u00edho pom\u011bru dle dohody.<\/strong><\/p>\r\n<hr \/>\r\n<p><strong>Formul\u00e1\u0159 ke sta\u017een\u00ed<\/strong><\/p>\r\n<p><a href=\"https:\/\/www.praha7.cz\/wp-content\/uploads\/2024\/11\/OPC-01-f02_Prihlaska_do_vyberoveho_poptavkoveho_rizeni_souhlas.pdf\">P\u0159ihl\u00e1\u0161ka a&nbsp;souhlas se zpracov\u00e1n\u00edm osobn\u00edch \u00fadaj\u016f<\/a><\/p>\r\n<hr \/>\r\n<p><strong>Ve\u0161ker\u00e9 pot\u0159ebn\u00e9 informace pro p\u0159ihl\u00e1\u0161en\u00ed do v\u00fdb\u011brov\u00e9ho \u0159\u00edzen\u00ed naleznete <a href=\"https:\/\/www.praha7.cz\/wp-content\/uploads\/2026\/02\/ODO_-referent_-SSU_III.pdf\" target=\"_blank\" rel=\"noopener\">zde<\/a>.<\/strong><\/p>","protected":false},"excerpt":{"rendered":"[perex] \u00da\u0159ad Prahy&nbsp;7 p\u0159ijme do sv\u00e9ho t\u00fdmu kolegu\/kolegyni na pozici referent\/ka odd\u011blen\u00ed silni\u010dn\u00edho spr\u00e1vn\u00edho \u00fa\u0159adu na Odboru dopravy. Jste na silnic\u00edch jako doma a&nbsp;vyzn\u00e1te se v&nbsp;pravidlech provozu na komunikac\u00edch? Cht\u011bli byste se starat o&nbsp;dopravu v&nbsp;Praze 7? R\u00e1di byste pracovali v&nbsp;dynamicky se rozv\u00edjej\u00edc\u00ed m\u011bstsk\u00e9 \u010d\u00e1sti pro \u00fa\u0159ad s&nbsp;tak trochu jin\u00fdm p\u0159\u00edstupem? Nev\u00e1hejte a&nbsp;p\u0159ihlaste se do na\u0161eho [&hellip;]","protected":false},"author":251,"featured_media":88927,"comment_status":"closed","ping_status":"open","sticky":false,"template":"","format":"standard","meta":[],"categories":[34],"tags":[118],"_links":{"self":[{"href":"https:\/\/www.praha7.cz\/api\/wp\/v2\/posts\/88926"}],"collection":[{"href":"https:\/\/www.praha7.cz\/api\/wp\/v2\/posts"}],"about":[{"href":"https:\/\/www.praha7.cz\/api\/wp\/v2\/types\/post"}],"author":[{"embeddable":true,"href":"https:\/\/www.praha7.cz\/api\/wp\/v2\/users\/251"}],"replies":[{"embeddable":true,"href":"https:\/\/www.praha7.cz\/api\/wp\/v2\/comments?post=88926"}],"version-history":[{"count":6,"href":"https:\/\/www.praha7.cz\/api\/wp\/v2\/posts\/88926\/revisions"}],"predecessor-version":[{"id":90594,"href":"https:\/\/www.praha7.cz\/api\/wp\/v2\/posts\/88926\/revisions\/90594"}],"wp:featuredmedia":[{"embeddable":true,"href":"https:\/\/www.praha7.cz\/api\/wp\/v2\/media\/88927"}],"wp:attachment":[{"href":"https:\/\/www.praha7.cz\/api\/wp\/v2\/media?parent=88926"}],"wp:term":[{"taxonomy":"category","embeddable":true,"href":"https:\/\/www.praha7.cz\/api\/wp\/v2\/categories?post=88926"},{"taxonomy":"post_tag","embeddable":true,"href":"https:\/\/www.praha7.cz\/api\/wp\/v2\/tags?post=88926"}],"curies":[{"name":"wp","href":"https:\/\/api.w.org\/{rel}","templated":true}]}}