    
{"id":88856,"date":"2026-01-06T17:27:16","date_gmt":"2026-01-06T16:27:16","guid":{"rendered":"https:\/\/www.praha7.cz\/?p=88856"},"modified":"2026-01-30T13:12:30","modified_gmt":"2026-01-30T12:12:30","slug":"zimni-humanitarni-opatreni-25-26","status":"publish","type":"post","link":"https:\/\/www.praha7.cz\/zimni-humanitarni-opatreni-25-26\/","title":{"rendered":"Zimn\u00ed humanit\u00e1rn\u00ed opat\u0159en\u00ed 2025\/2026"},"content":{"rendered":"<p>[perex]<\/p>\r\n<p>Kdy\u017e se venkovn\u00ed teploty dr\u017e\u00ed hluboko pod bodem mrazu, lid\u00e9 bez st\u0159echy nad hlavou mohou umrznout nejen v&nbsp;noci, ale tak\u00e9 p\u0159es den.<\/p>\r\n<p>[\/perex]<\/p>\r\n<p><strong>\u200b<\/strong><strong>O zimn\u00edch humanit\u00e1rn\u00edch opat\u0159en\u00edch<\/strong><\/p>\r\n<p>Zimn\u00ed humanit\u00e1rn\u00ed opat\u0159en\u00ed pom\u00e1haj\u00ed lidem bez domova p\u0159e\u010dkat mraziv\u00e9 obdob\u00ed v&nbsp;tepl\u00e9m, \u010dist\u00e9m a&nbsp;bezpe\u010dn\u00e9m prost\u0159ed\u00ed. Ka\u017ed\u00fd rok v&nbsp;r\u00e1mci t\u011bchto opat\u0159en\u00ed vznik\u00e1 s\u00ed\u0165 slu\u017eeb, kter\u00e1 roz\u0161i\u0159uje dostupnost ubytov\u00e1n\u00ed, denn\u00edch center i&nbsp;ter\u00e9nn\u00edch program\u016f. C\u00edlem je zajistit, aby m\u011bl ka\u017ed\u00fd, kdo pot\u0159ebuje, p\u0159\u00edstup k&nbsp;pomoci \u2013 a\u0165 u\u017e jde o&nbsp;nocleh, tepl\u00e9 j\u00eddlo, mo\u017enost se oh\u0159\u00e1t, nebo odborn\u00e9 soci\u00e1ln\u00ed a&nbsp;zdravotn\u00ed slu\u017eby.<\/p>\r\n<p>\u200bTato opat\u0159en\u00ed ka\u017edoro\u010dn\u011b koordinuje Centrum soci\u00e1ln\u00edch slu\u017eeb Praha, kter\u00e9 propojuje organizace zapojen\u00e9 do syst\u00e9mu, sleduje aktu\u00e1ln\u00ed pot\u0159eby a&nbsp;kapacity za\u0159\u00edzen\u00ed a&nbsp;zaji\u0161\u0165uje spolupr\u00e1ci mezi jednotliv\u00fdmi slo\u017ekami. D\u016fle\u017eitou sou\u010d\u00e1st\u00ed je tak\u00e9 Interven\u010dn\u00ed t\u00fdm, kter\u00fd pom\u00e1h\u00e1 p\u0159i propu\u0161t\u011bn\u00ed osob bez domova z&nbsp;nemocnic a&nbsp;dal\u0161\u00edch za\u0159\u00edzen\u00ed, aby nikdo nez\u016fstal bez podpory.<\/p>\r\n<p>\u200bNa realizaci zimn\u00edch opat\u0159en\u00ed se pod\u00edl\u00ed \u0159ada partner\u016f \u2013 m\u011bstsk\u00e9 a&nbsp;st\u00e1tn\u00ed instituce, z\u00e1chrann\u00e9 slo\u017eky i&nbsp;neziskov\u00e9 organizace. D\u00edky jejich spolupr\u00e1ci a&nbsp;podpo\u0159e ve\u0159ejnosti se da\u0159\u00ed zajistit, aby lid\u00e9 bez domova m\u011bli v&nbsp;zim\u011b bezpe\u010dn\u00e9 z\u00e1zem\u00ed a&nbsp;pot\u0159ebnou p\u00e9\u010di.<\/p>\r\n<p>\u200b<strong>Jak m\u016f\u017eete pomoci<\/strong><\/p>\r\n<p>Velkou roli hraje i&nbsp;v\u0161\u00edmavost ob\u010dan\u016f. Pokud potk\u00e1te \u010dlov\u011bka bez domova, kter\u00fd m\u016f\u017ee b\u00fdt v&nbsp;ohro\u017een\u00ed, zkuste s&nbsp;n\u00edm promluvit a&nbsp;zjistit, zda nepot\u0159ebuje pomoc. V&nbsp;p\u0159\u00edpad\u011b ohro\u017een\u00ed \u017eivota nebo zdrav\u00ed nev\u00e1hejte volat z\u00e1chrannou slu\u017ebu na \u010d\u00edsle 155. Na webu\u00a0<a href=\"https:\/\/bezdomova.eu\/\" target=\"_blank\" rel=\"noopener\">bezdomova.eu<\/a>\u00a0najdete p\u0159ehled slu\u017eeb, kontakty a&nbsp;rady, jak postupovat, kdy\u017e naraz\u00edte na \u010dlov\u011bka v&nbsp;nouzi. T\u00edm, \u017ee mu v\u011bnujete chv\u00edli pozornosti, m\u016f\u017eete zachr\u00e1nit jeho \u017eivot.<\/p>\r\n<p>D\u011bkujeme, \u017ee nejste lhostejn\u00ed.<\/p>\r\n<p><a href=\"https:\/\/www.praha7.cz\/wp-content\/uploads\/2026\/01\/ZHO-1.jpg\" target=\"_blank\" rel=\"noopener\"><img loading=\"lazy\" src=\"https:\/\/www.praha7.cz\/wp-content\/uploads\/2026\/01\/ZHO-1-707x1000.jpg\" alt=\"\" width=\"640\" height=\"905\" class=\"alignnone size-large wp-image-88857\" srcset=\"https:\/\/www.praha7.cz\/wp-content\/uploads\/2026\/01\/ZHO-1-707x1000.jpg 707w, https:\/\/www.praha7.cz\/wp-content\/uploads\/2026\/01\/ZHO-1-283x400.jpg 283w, https:\/\/www.praha7.cz\/wp-content\/uploads\/2026\/01\/ZHO-1-768x1086.jpg 768w, https:\/\/www.praha7.cz\/wp-content\/uploads\/2026\/01\/ZHO-1-1086x1536.jpg 1086w, https:\/\/www.praha7.cz\/wp-content\/uploads\/2026\/01\/ZHO-1-1448x2048.jpg 1448w, https:\/\/www.praha7.cz\/wp-content\/uploads\/2026\/01\/ZHO-1.jpg 1488w\" sizes=\"(max-width: 640px) 100vw, 640px\" \/><\/a><\/p>\r\n<p><a href=\"https:\/\/www.praha7.cz\/wp-content\/uploads\/2026\/01\/ZHO-2.jpg\" target=\"_blank\" rel=\"noopener\"><img loading=\"lazy\" src=\"https:\/\/www.praha7.cz\/wp-content\/uploads\/2026\/01\/ZHO-2-707x1000.jpg\" alt=\"\" width=\"640\" height=\"905\" class=\"alignnone size-large wp-image-88858\" srcset=\"https:\/\/www.praha7.cz\/wp-content\/uploads\/2026\/01\/ZHO-2-707x1000.jpg 707w, https:\/\/www.praha7.cz\/wp-content\/uploads\/2026\/01\/ZHO-2-283x400.jpg 283w, https:\/\/www.praha7.cz\/wp-content\/uploads\/2026\/01\/ZHO-2-768x1086.jpg 768w, https:\/\/www.praha7.cz\/wp-content\/uploads\/2026\/01\/ZHO-2-1086x1536.jpg 1086w, https:\/\/www.praha7.cz\/wp-content\/uploads\/2026\/01\/ZHO-2-1448x2048.jpg 1448w, https:\/\/www.praha7.cz\/wp-content\/uploads\/2026\/01\/ZHO-2.jpg 1488w\" sizes=\"(max-width: 640px) 100vw, 640px\" \/><\/a><\/p>\r\n<p>&nbsp;<\/p>\r\n<p><em>Zdroj: Centrum soci\u00e1ln\u00edch slu\u017eeb Praha<\/em><\/p>","protected":false},"excerpt":{"rendered":"[perex] Kdy\u017e se venkovn\u00ed teploty dr\u017e\u00ed hluboko pod bodem mrazu, lid\u00e9 bez st\u0159echy nad hlavou mohou umrznout nejen v&nbsp;noci, ale tak\u00e9 p\u0159es den. [\/perex] \u200bO zimn\u00edch humanit\u00e1rn\u00edch opat\u0159en\u00edch Zimn\u00ed humanit\u00e1rn\u00ed opat\u0159en\u00ed pom\u00e1haj\u00ed lidem bez domova p\u0159e\u010dkat mraziv\u00e9 obdob\u00ed v&nbsp;tepl\u00e9m, \u010dist\u00e9m a&nbsp;bezpe\u010dn\u00e9m prost\u0159ed\u00ed. Ka\u017ed\u00fd rok v&nbsp;r\u00e1mci t\u011bchto opat\u0159en\u00ed vznik\u00e1 s\u00ed\u0165 slu\u017eeb, kter\u00e1 roz\u0161i\u0159uje dostupnost ubytov\u00e1n\u00ed, denn\u00edch [&hellip;]","protected":false},"author":5,"featured_media":32660,"comment_status":"closed","ping_status":"open","sticky":false,"template":"","format":"standard","meta":[],"categories":[34],"tags":[],"_links":{"self":[{"href":"https:\/\/www.praha7.cz\/api\/wp\/v2\/posts\/88856"}],"collection":[{"href":"https:\/\/www.praha7.cz\/api\/wp\/v2\/posts"}],"about":[{"href":"https:\/\/www.praha7.cz\/api\/wp\/v2\/types\/post"}],"author":[{"embeddable":true,"href":"https:\/\/www.praha7.cz\/api\/wp\/v2\/users\/5"}],"replies":[{"embeddable":true,"href":"https:\/\/www.praha7.cz\/api\/wp\/v2\/comments?post=88856"}],"version-history":[{"count":1,"href":"https:\/\/www.praha7.cz\/api\/wp\/v2\/posts\/88856\/revisions"}],"predecessor-version":[{"id":88859,"href":"https:\/\/www.praha7.cz\/api\/wp\/v2\/posts\/88856\/revisions\/88859"}],"wp:featuredmedia":[{"embeddable":true,"href":"https:\/\/www.praha7.cz\/api\/wp\/v2\/media\/32660"}],"wp:attachment":[{"href":"https:\/\/www.praha7.cz\/api\/wp\/v2\/media?parent=88856"}],"wp:term":[{"taxonomy":"category","embeddable":true,"href":"https:\/\/www.praha7.cz\/api\/wp\/v2\/categories?post=88856"},{"taxonomy":"post_tag","embeddable":true,"href":"https:\/\/www.praha7.cz\/api\/wp\/v2\/tags?post=88856"}],"curies":[{"name":"wp","href":"https:\/\/api.w.org\/{rel}","templated":true}]}}