    
{"id":88834,"date":"2026-01-06T12:31:17","date_gmt":"2026-01-06T11:31:17","guid":{"rendered":"https:\/\/www.praha7.cz\/?p=88834"},"modified":"2026-01-06T12:31:17","modified_gmt":"2026-01-06T11:31:17","slug":"leden-s-aktivitami-pro-seniory-v-tusarove-42","status":"publish","type":"post","link":"https:\/\/www.praha7.cz\/leden-s-aktivitami-pro-seniory-v-tusarove-42\/","title":{"rendered":"Leden s&nbsp;aktivitami pro seniory v&nbsp;Tusarov\u011b 42"},"content":{"rendered":"<p>[perex]<\/p>\r\n<p>Seniory zveme op\u011bt do domu v&nbsp;Tusarov\u011b 42, kde na v\u00e1s v&nbsp;lednu 2026 \u010dek\u00e1 \u0159ada aktivit. V\u0161e je zdarma, bez registrace, sta\u010d\u00ed p\u0159ij\u00edt deset minut p\u0159ed za\u010d\u00e1tkem programu.\u00a0<\/p>\r\n<p>[\/perex]<\/p>\r\n<h3>Program<\/h3>\r\n<p><strong>6.&nbsp;1.&nbsp;v&nbsp;15.00<\/strong> Beseda s&nbsp;hudebn\u00edm skladatelem Ji\u0159\u00edm Temlem \u2013 moderuje Jakub Horv\u00e1th<\/p>\r\n<p><strong>13.&nbsp;1.&nbsp;v&nbsp;15.00<\/strong> Austr\u00e1lie \u2013 cestovatelsk\u00e1 beseda s&nbsp;Evou Mahrovou<\/p>\r\n<p><strong>19.&nbsp;1.&nbsp;v&nbsp;14.00<\/strong> Tr\u00e9nink pam\u011bti s&nbsp;tren\u00e9rkou Hankou Dvo\u0159\u00e1kovou<\/p>\r\n<p><strong>20.&nbsp;1.&nbsp;v&nbsp;15.00<\/strong> Klav\u00edrn\u00ed koncert\u2013 duo Tatiana a&nbsp;Mykola Tka\u010denkovi<\/p>\r\n<p><strong>21.&nbsp;1.&nbsp;v&nbsp;15.00<\/strong> Zp\u00edv\u00e1nky s&nbsp;muzikoterapeutkou Adrianou Rohde Kabele<\/p>\r\n<p><strong>27.&nbsp;1.&nbsp;v&nbsp;15.00<\/strong> Slavn\u00e9 pra\u017esk\u00e9 vily \u2013 p\u0159edn\u00e1\u0161ka z&nbsp;cyklu Proch\u00e1zky Prahou s&nbsp;pr\u016fvodkyn\u00ed Vla\u010fkou Kredbovou<\/p>\r\n<p><strong>28.&nbsp;1.&nbsp;v&nbsp;15.00<\/strong> P\u00e9\u010de o&nbsp;zralou ple\u0165 \u2013 setk\u00e1n\u00ed s&nbsp;kosmeti\u010dkou Vla\u010fkou Sokolovou<\/p>\r\n<p>&nbsp;<\/p>\r\n<p>Akce se konaj\u00ed v&nbsp;j\u00eddeln\u011b domu Tusarova 42, z\u00e1jemce vyzvedneme v\u017edy 10 min. p\u0159ed za\u010d\u00e1tkem programu u&nbsp;vchodu do domu. V&nbsp;p\u0159\u00edpad\u011b dotaz\u016f se m\u016f\u017eete obracet na komunitn\u00ed pracovnice Helenu Bro\u017ekovou, e-mail: <a href=\"mailto:BrozkovaH@praha7.cz\">BrozkovaH@praha7.cz<\/a>, tel. 736&nbsp;213&nbsp;708, nebo\u00a0Alenu Zagorovou, e-mail: <a href=\"mailto:ZagorovaA@praha7.cz\">ZagorovaA@praha7.cz<\/a>, tel. 733&nbsp;618&nbsp;601.<\/p>","protected":false},"excerpt":{"rendered":"[perex] Seniory zveme op\u011bt do domu v&nbsp;Tusarov\u011b 42, kde na v\u00e1s v&nbsp;lednu 2026 \u010dek\u00e1 \u0159ada aktivit. V\u0161e je zdarma, bez registrace, sta\u010d\u00ed p\u0159ij\u00edt deset minut p\u0159ed za\u010d\u00e1tkem programu.\u00a0 [\/perex] Program 6.&nbsp;1.&nbsp;v&nbsp;15.00 Beseda s&nbsp;hudebn\u00edm skladatelem Ji\u0159\u00edm Temlem \u2013 moderuje Jakub Horv\u00e1th 13.&nbsp;1.&nbsp;v&nbsp;15.00 Austr\u00e1lie \u2013 cestovatelsk\u00e1 beseda s&nbsp;Evou Mahrovou 19.&nbsp;1.&nbsp;v&nbsp;14.00 Tr\u00e9nink pam\u011bti s&nbsp;tren\u00e9rkou Hankou Dvo\u0159\u00e1kovou 20.&nbsp;1.&nbsp;v&nbsp;15.00 Klav\u00edrn\u00ed [&hellip;]","protected":false},"author":251,"featured_media":86365,"comment_status":"closed","ping_status":"open","sticky":false,"template":"","format":"standard","meta":[],"categories":[34],"tags":[115],"_links":{"self":[{"href":"https:\/\/www.praha7.cz\/api\/wp\/v2\/posts\/88834"}],"collection":[{"href":"https:\/\/www.praha7.cz\/api\/wp\/v2\/posts"}],"about":[{"href":"https:\/\/www.praha7.cz\/api\/wp\/v2\/types\/post"}],"author":[{"embeddable":true,"href":"https:\/\/www.praha7.cz\/api\/wp\/v2\/users\/251"}],"replies":[{"embeddable":true,"href":"https:\/\/www.praha7.cz\/api\/wp\/v2\/comments?post=88834"}],"version-history":[{"count":2,"href":"https:\/\/www.praha7.cz\/api\/wp\/v2\/posts\/88834\/revisions"}],"predecessor-version":[{"id":89916,"href":"https:\/\/www.praha7.cz\/api\/wp\/v2\/posts\/88834\/revisions\/89916"}],"wp:featuredmedia":[{"embeddable":true,"href":"https:\/\/www.praha7.cz\/api\/wp\/v2\/media\/86365"}],"wp:attachment":[{"href":"https:\/\/www.praha7.cz\/api\/wp\/v2\/media?parent=88834"}],"wp:term":[{"taxonomy":"category","embeddable":true,"href":"https:\/\/www.praha7.cz\/api\/wp\/v2\/categories?post=88834"},{"taxonomy":"post_tag","embeddable":true,"href":"https:\/\/www.praha7.cz\/api\/wp\/v2\/tags?post=88834"}],"curies":[{"name":"wp","href":"https:\/\/api.w.org\/{rel}","templated":true}]}}