    
{"id":88764,"date":"2026-01-05T10:38:53","date_gmt":"2026-01-05T09:38:53","guid":{"rendered":"https:\/\/www.praha7.cz\/?p=88764"},"modified":"2026-01-16T09:52:55","modified_gmt":"2026-01-16T08:52:55","slug":"se-starostou-1-26","status":"publish","type":"post","link":"https:\/\/www.praha7.cz\/se-starostou-1-26\/","title":{"rendered":"Se starostou u&nbsp;stolu: 15.&nbsp;ledna v&nbsp;Biu Oko"},"content":{"rendered":"<p>[perex]<\/p>\r\n<p>Setk\u00e1n\u00ed se starostou Janem \u010ci\u017einsk\u00fdm a&nbsp;m\u00edstostarostou Kamilem V. Mare\u0161em, kter\u00fd m\u00e1 v&nbsp;gesci majetek, energetiku a&nbsp;investice v&nbsp;ne\u0161kolsk\u00fdch objektech,\u00a0se uskute\u010dn\u00ed ve \u010dtvrtek 15.&nbsp;ledna 2026 od 18 do 20 hodin v&nbsp;baru <a href=\"https:\/\/www.biooko.net\/o-kine#bar\" target=\"_blank\" rel=\"noopener\">Bia Oko<\/a>, p\u0159\u00edzem\u00ed, Fr. K\u0159\u00ed\u017eka 15.<br \/>\r\nP\u0159ij\u010fte kdykoli v&nbsp;uveden\u00e9m \u010dasov\u00e9m rozmez\u00ed a&nbsp;ptejte se na to, co v\u00e1s zaj\u00edm\u00e1 v&nbsp;souvislosti s&nbsp;d\u011bn\u00edm v&nbsp;na\u0161\u00ed \u010dtvrti. Jste srde\u010dn\u011b zv\u00e1ni.<\/p>\r\n<p>[\/perex]<\/p>","protected":false},"excerpt":{"rendered":"[perex] Setk\u00e1n\u00ed se starostou Janem \u010ci\u017einsk\u00fdm a&nbsp;m\u00edstostarostou Kamilem V. Mare\u0161em, kter\u00fd m\u00e1 v&nbsp;gesci majetek, energetiku a&nbsp;investice v&nbsp;ne\u0161kolsk\u00fdch objektech,\u00a0se uskute\u010dn\u00ed ve \u010dtvrtek 15.&nbsp;ledna 2026 od 18 do 20 hodin v&nbsp;baru Bia Oko, p\u0159\u00edzem\u00ed, Fr. K\u0159\u00ed\u017eka 15. P\u0159ij\u010fte kdykoli v&nbsp;uveden\u00e9m \u010dasov\u00e9m rozmez\u00ed a&nbsp;ptejte se na to, co v\u00e1s zaj\u00edm\u00e1 v&nbsp;souvislosti s&nbsp;d\u011bn\u00edm v&nbsp;na\u0161\u00ed \u010dtvrti. Jste srde\u010dn\u011b zv\u00e1ni. [\/perex]","protected":false},"author":251,"featured_media":87006,"comment_status":"closed","ping_status":"open","sticky":false,"template":"","format":"standard","meta":[],"categories":[34],"tags":[84],"_links":{"self":[{"href":"https:\/\/www.praha7.cz\/api\/wp\/v2\/posts\/88764"}],"collection":[{"href":"https:\/\/www.praha7.cz\/api\/wp\/v2\/posts"}],"about":[{"href":"https:\/\/www.praha7.cz\/api\/wp\/v2\/types\/post"}],"author":[{"embeddable":true,"href":"https:\/\/www.praha7.cz\/api\/wp\/v2\/users\/251"}],"replies":[{"embeddable":true,"href":"https:\/\/www.praha7.cz\/api\/wp\/v2\/comments?post=88764"}],"version-history":[{"count":3,"href":"https:\/\/www.praha7.cz\/api\/wp\/v2\/posts\/88764\/revisions"}],"predecessor-version":[{"id":89030,"href":"https:\/\/www.praha7.cz\/api\/wp\/v2\/posts\/88764\/revisions\/89030"}],"wp:featuredmedia":[{"embeddable":true,"href":"https:\/\/www.praha7.cz\/api\/wp\/v2\/media\/87006"}],"wp:attachment":[{"href":"https:\/\/www.praha7.cz\/api\/wp\/v2\/media?parent=88764"}],"wp:term":[{"taxonomy":"category","embeddable":true,"href":"https:\/\/www.praha7.cz\/api\/wp\/v2\/categories?post=88764"},{"taxonomy":"post_tag","embeddable":true,"href":"https:\/\/www.praha7.cz\/api\/wp\/v2\/tags?post=88764"}],"curies":[{"name":"wp","href":"https:\/\/api.w.org\/{rel}","templated":true}]}}