    
{"id":88742,"date":"2025-12-30T14:22:15","date_gmt":"2025-12-30T13:22:15","guid":{"rendered":"https:\/\/www.praha7.cz\/?p=88742"},"modified":"2026-01-03T11:36:19","modified_gmt":"2026-01-03T10:36:19","slug":"novorocni-darek-pro-prazany-2","status":"publish","type":"post","link":"https:\/\/www.praha7.cz\/novorocni-darek-pro-prazany-2\/","title":{"rendered":"Novoro\u010dn\u00ed d\u00e1rek pro Pra\u017eany"},"content":{"rendered":"<p>[perex]<\/p>\r\n<p>Hlavn\u00ed m\u011bsto Praha i&nbsp;letos p\u0159ipravilo speci\u00e1ln\u00ed novoro\u010dn\u00ed d\u00e1rek. Vyrazte 1.&nbsp;ledna 2026 do vybran\u00fdch pra\u017esk\u00fdch kulturn\u00edch a&nbsp;volno\u010dasov\u00fdch organizac\u00ed po cel\u00e9 metropoli zdarma nebo za symbolick\u00e9 vstupn\u00e9. V\u00edce <a href=\"https:\/\/praha.eu\/novorocni-darek-2025\" target=\"_blank\" rel=\"noopener\">zde<\/a>. Tak kam to bude? Do planet\u00e1ria, do zoo, nebo jinam?<\/p>\r\n<p>[\/perex]<\/p>\r\n<p>\u010cekaj\u00ed v\u00e1s osv\u011bd\u010den\u00e9 st\u00e1lice, kter\u00e9 l\u00e1kaj\u00ed nap\u0159\u00ed\u010d generacemi: Zoo Praha, Botanick\u00e1 zahrada v&nbsp;Troji, pet\u0159\u00ednsk\u00e1 rozhledna se zrcadlov\u00fdm bludi\u0161t\u011bm nebo Muzeum MHD. Nab\u00eddku dopl\u0148uj\u00ed i&nbsp;leto\u0161n\u00ed novinky v&nbsp;podob\u011b znovuotev\u0159en\u00e9ho planet\u00e1ria po rekonstrukci nebo hlavn\u00ed budovy Muzea Prahy. Poprv\u00e9 se zapojuje tak\u00e9 N\u00e1rodn\u00ed kulturn\u00ed pam\u00e1tka Vy\u0161ehrad a&nbsp;technologick\u00fd Hardware Lab.<\/p>\r\n<p>&nbsp;<\/p>\r\n<p><img loading=\"lazy\" src=\"https:\/\/www.praha7.cz\/wp-content\/uploads\/2025\/12\/Novorocni-darek-2026-1720-1500x419.jpg\" alt=\"\" width=\"640\" height=\"179\" class=\"alignnone size-large wp-image-88744\" srcset=\"https:\/\/www.praha7.cz\/wp-content\/uploads\/2025\/12\/Novorocni-darek-2026-1720-1500x419.jpg 1500w, https:\/\/www.praha7.cz\/wp-content\/uploads\/2025\/12\/Novorocni-darek-2026-1720-600x167.jpg 600w, https:\/\/www.praha7.cz\/wp-content\/uploads\/2025\/12\/Novorocni-darek-2026-1720-768x214.jpg 768w, https:\/\/www.praha7.cz\/wp-content\/uploads\/2025\/12\/Novorocni-darek-2026-1720-1536x429.jpg 1536w, https:\/\/www.praha7.cz\/wp-content\/uploads\/2025\/12\/Novorocni-darek-2026-1720.jpg 1720w\" sizes=\"(max-width: 640px) 100vw, 640px\" \/><\/p>\r\n<p>&nbsp;<\/p>\r\n<h3>P\u0159ehled zv\u00fdhodn\u011bn\u00fdch vstup\u016f 1.&nbsp;ledna 2026<\/h3>\r\n<p>&nbsp;<\/p>\r\n<p><strong>Botanick\u00e1 zahrada Praha hl. m. Prahy<\/strong><br \/>\r\nVstupn\u00e9: sleva 50&nbsp;%<br \/>\r\nOtv\u00edrac\u00ed doba: 9.00\u201316.00 hodin<br \/>\r\nPlat\u00ed p\u0159i n\u00e1kupu p\u0159\u00edmo na pokladn\u011b<br \/>\r\nSleva neplat\u00ed na ve\u010dern\u00ed v\u00fdstavu K\u0159i\u0161\u0165\u00e1lov\u00e1 zahrada (17.00\u201321.00 hodin)<\/p>\r\n<p><strong>Galerie hl. m. Prahy<\/strong><br \/>\r\nVstupn\u00e9: 1+1 zdarma<br \/>\r\nOtv\u00edrac\u00ed doba: 14.00\u201320.00 hodin<br \/>\r\nPlat\u00ed na v\u0161echny kr\u00e1tkodob\u00e9 v\u00fdstavy, tj.:<br \/>\r\nUm\u011bn\u00ed aktivismu\u00a0(GHMP Knihovna)<br \/>\r\nDvojn\u00edk\u00a0(GHMP Zvon)<br \/>\r\nDagmar Hochov\u00e1\u00a0(GHMP D\u016fm fotografie)<\/p>\r\n<p><strong>HW Lab<\/strong><br \/>\r\nZdarma<br \/>\r\nOtv\u00edrac\u00ed doba 12.00\u201316.00 hodin<br \/>\r\n<strong><\/strong><\/p>\r\n<p><strong>Muzeum MHD<\/strong><br \/>\r\nJednotn\u00e9 vstupn\u00e9 100&nbsp;K\u010d<br \/>\r\nOtv\u00edrac\u00ed doba: 11.00\u201317.00 hodin<br \/>\r\nV\u00edce informac\u00ed<\/p>\r\n<p><strong>Muzeum Prahy<\/strong><br \/>\r\nHlavn\u00ed budova na Florenci\u00a0(zdarma)<br \/>\r\nClam-Gallas\u016fv pal\u00e1c\u00a0(sn\u00ed\u017een\u00e9 vstupn\u00e9 80&nbsp;K\u010d)<br \/>\r\nD\u016fm U&nbsp;Zlat\u00e9ho prstenu\u00a0(sn\u00ed\u017een\u00e9 vstupn\u00e9 80&nbsp;K\u010d)<br \/>\r\nOtv\u00edrac\u00ed doba: 12.00\u201318.00 hodin<\/p>\r\n<p><strong>Planetum<\/strong><br \/>\r\nVstupn\u00e9: d\u011btsk\u00e9 vstupn\u00e9 pro v\u0161echny n\u00e1v\u0161t\u011bvn\u00edky<br \/>\r\nOtv\u00edrac\u00ed doba:<br \/>\r\nPlanet\u00e1rium Praha:\u00a013.00\u201320.30 hodin<br \/>\r\n\u0160tef\u00e1nikova hv\u011bzd\u00e1rna:\u00a014.00\u201320.00 hodin<br \/>\r\nHv\u011bzd\u00e1rna \u010e\u00e1blice:\u00a013.00\u201316.00 hodin a&nbsp;17.00\u201320.00 hodin<br \/>\r\nAkce plat\u00ed pouze na pokladn\u011b<\/p>\r\n<p><strong>Rozhledna a&nbsp;Zrcadlov\u00e9 bludi\u0161t\u011b na Pet\u0159\u00edn\u011b<\/strong><br \/>\r\nOtv\u00edrac\u00ed doba: 11.00\u201318.00 hodin<br \/>\r\nVstupn\u00e9:<br \/>\r\nPet\u0159\u00ednsk\u00e1 rozhledna 50&nbsp;K\u010d<br \/>\r\nZrcadlov\u00e9 bludi\u0161t\u011b 50&nbsp;K\u010d<br \/>\r\nKombinace objekt\u016f 100&nbsp;K\u010d<\/p>\r\n<p><strong>Zoologick\u00e1 zahrada hl. m. Prahy<\/strong><br \/>\r\nJednotn\u00e9 vstupn\u00e9: 100&nbsp;K\u010d<br \/>\r\nOtv\u00edrac\u00ed doba: 9.00\u201316.00 hodin<\/p>\r\n<p><strong>N\u00e1rodn\u00ed kulturn\u00ed pam\u00e1tka Vy\u0161ehrad<\/strong><br \/>\r\nV\u00fdstava vzestupy a&nbsp;p\u00e1dy Vy\u0161ehradu<br \/>\r\n1+1 (levn\u011bj\u0161\u00ed vstupenka zdarma)<br \/>\r\nOtv\u00edrac\u00ed doba 10.00\u201318.00 hodin<br \/>\r\nPlat\u00ed pouze p\u0159i n\u00e1kupu vstupenek na pokladn\u011b v&nbsp;informa\u010dn\u00edm centru nebo v&nbsp;kiosku (bezhotovostn\u011b) p\u0159\u00edmo u&nbsp;v\u00fdstavy<\/p>\r\n<p>Kasematy ke Gorlici<br \/>\r\nKomentovan\u00e9 prohl\u00eddky s&nbsp;pr\u016fvodcem<br \/>\r\nJednotn\u00e9 vstupn\u00e9 100&nbsp;K\u010d<br \/>\r\nOtv\u00edrac\u00ed doba 10.00\u201318.00 hodin (posledn\u00ed prohl\u00eddka za\u010d\u00edn\u00e1 v&nbsp;17.00 hodin)<br \/>\r\nVstupenky budou k&nbsp;dispozici na m\u00edst\u011b i&nbsp;on-line na webov\u00fdch str\u00e1nk\u00e1ch do vyprod\u00e1n\u00ed kapacity jednotliv\u00fdch prohl\u00eddek<\/p>\r\n<h4><\/h4>\r\n<h4><a href=\"https:\/\/praha.eu\/novorocni-darek-2025\" target=\"_blank\" rel=\"noopener\"><strong>V\u00edce informac\u00ed<\/strong><\/a><br \/>\r\n\u00a0<\/h4>","protected":false},"excerpt":{"rendered":"[perex] Hlavn\u00ed m\u011bsto Praha i&nbsp;letos p\u0159ipravilo speci\u00e1ln\u00ed novoro\u010dn\u00ed d\u00e1rek. Vyrazte 1.&nbsp;ledna 2026 do vybran\u00fdch pra\u017esk\u00fdch kulturn\u00edch a&nbsp;volno\u010dasov\u00fdch organizac\u00ed po cel\u00e9 metropoli zdarma nebo za symbolick\u00e9 vstupn\u00e9. V\u00edce zde. Tak kam to bude? Do planet\u00e1ria, do zoo, nebo jinam? [\/perex] \u010cekaj\u00ed v\u00e1s osv\u011bd\u010den\u00e9 st\u00e1lice, kter\u00e9 l\u00e1kaj\u00ed nap\u0159\u00ed\u010d generacemi: Zoo Praha, Botanick\u00e1 zahrada v&nbsp;Troji, pet\u0159\u00ednsk\u00e1 rozhledna se [&hellip;]","protected":false},"author":251,"featured_media":88743,"comment_status":"closed","ping_status":"open","sticky":false,"template":"","format":"standard","meta":[],"categories":[34],"tags":[91],"_links":{"self":[{"href":"https:\/\/www.praha7.cz\/api\/wp\/v2\/posts\/88742"}],"collection":[{"href":"https:\/\/www.praha7.cz\/api\/wp\/v2\/posts"}],"about":[{"href":"https:\/\/www.praha7.cz\/api\/wp\/v2\/types\/post"}],"author":[{"embeddable":true,"href":"https:\/\/www.praha7.cz\/api\/wp\/v2\/users\/251"}],"replies":[{"embeddable":true,"href":"https:\/\/www.praha7.cz\/api\/wp\/v2\/comments?post=88742"}],"version-history":[{"count":3,"href":"https:\/\/www.praha7.cz\/api\/wp\/v2\/posts\/88742\/revisions"}],"predecessor-version":[{"id":88747,"href":"https:\/\/www.praha7.cz\/api\/wp\/v2\/posts\/88742\/revisions\/88747"}],"wp:featuredmedia":[{"embeddable":true,"href":"https:\/\/www.praha7.cz\/api\/wp\/v2\/media\/88743"}],"wp:attachment":[{"href":"https:\/\/www.praha7.cz\/api\/wp\/v2\/media?parent=88742"}],"wp:term":[{"taxonomy":"category","embeddable":true,"href":"https:\/\/www.praha7.cz\/api\/wp\/v2\/categories?post=88742"},{"taxonomy":"post_tag","embeddable":true,"href":"https:\/\/www.praha7.cz\/api\/wp\/v2\/tags?post=88742"}],"curies":[{"name":"wp","href":"https:\/\/api.w.org\/{rel}","templated":true}]}}