    
{"id":88503,"date":"2025-12-15T17:04:07","date_gmt":"2025-12-15T16:04:07","guid":{"rendered":"https:\/\/www.praha7.cz\/?p=88503"},"modified":"2026-01-05T09:14:37","modified_gmt":"2026-01-05T08:14:37","slug":"vanoce25","status":"publish","type":"post","link":"https:\/\/www.praha7.cz\/vanoce25\/","title":{"rendered":"Prakticky k&nbsp;V\u00e1noc\u016fm: kam s&nbsp;odpadky, jak to bude jezdit, petardy\u2026"},"content":{"rendered":"<p>[perex]<\/p>\r\n<p>Obdob\u00ed v\u00e1no\u010dn\u00edch sv\u00e1tk\u016f a&nbsp;voln\u00fdch dn\u016f, to jsou nejen chv\u00edle odpo\u010dinku, ale i&nbsp;drobn\u00e9 zm\u011bny ve fungov\u00e1n\u00ed b\u011b\u017en\u00fdch slu\u017eeb. Co v\u0161e m\u016f\u017ee b\u00fdt na p\u0159elomu roku jinak, jak t\u0159\u00eddit netypick\u00fd v\u00e1no\u010dn\u00ed odpad a&nbsp;tuky z&nbsp;kuchyn\u011b, kam s&nbsp;v\u00e1no\u010dn\u00edm stromkem nebo jak to bude s&nbsp;pyrotechnikou? Do\u010dtete se n\u00ed\u017ee. P\u0159ejeme v\u00e1m sv\u00e1te\u010dn\u00ed dny podle va\u0161ich p\u0159edstav a&nbsp;do nov\u00e9ho roku jen to nejlep\u0161\u00ed!<\/p>\r\n<p>[\/perex]<\/p>\r\n<h3>Otv\u00edrac\u00ed doba \u00fa\u0159adu<\/h3>\r\n<p><strong>Ve dnech 31.&nbsp;12.&nbsp;2025 a&nbsp;2.&nbsp;1.&nbsp;2026 budou m\u00edt v\u0161echna pracovi\u0161t\u011b \u00fa\u0159adu zav\u0159eno.<\/strong> V&nbsp;\u00fater\u00fd 30.&nbsp;12.&nbsp;lze platit v&nbsp;hotovosti do 11.00, pot\u00e9 bude mo\u017en\u00e9 platit pouze kartou. \u00daprava otv\u00edrac\u00edch hodin se dotkne i&nbsp;pracovi\u0161t\u011b Milady Hor\u00e1kov\u00e9 2 ve dnech 18., 22.&nbsp;a&nbsp;23.&nbsp;12., v\u00edce <a href=\"https:\/\/www.praha7.cz\/urad-25-26\/\" target=\"_blank\" rel=\"noopener\">zde<\/a>.<\/p>\r\n<hr \/>\r\n<h3>Zkr\u00e1cen\u00e1 otv\u00edrac\u00ed doba d\u011btsk\u00fdch h\u0159i\u0161\u0165 o\u00a0\u0160t\u011bdr\u00e9m dni<\/h3>\r\n<p>Dovolujeme si upozornit, \u017ee\u00a0<a href=\"https:\/\/www.praha7.cz\/volny-cas-prehled\/deti\/detska-hriste\/\">d\u011btsk\u00e1 h\u0159i\u0161t\u011b ve spr\u00e1v\u011b M\u010c P7<\/a> a&nbsp;par\u010d\u00edky u&nbsp;kostela sv. Anton\u00edna, kostela sv. Klimenta a&nbsp;v&nbsp;ulici Tusarova budou ve st\u0159edu 24.&nbsp;12.&nbsp;2025 otev\u0159eny pouze do 16 hodin. D\u011bkujeme za pochopen\u00ed a&nbsp;p\u0159ejeme v\u00e1m klidn\u00e9 pro\u017eit\u00ed v\u00e1no\u010dn\u00edch sv\u00e1tk\u016f.<\/p>\r\n<hr \/>\r\n<h3>Parkov\u00e1n\u00ed<\/h3>\r\n<p>V Praze 7 bude b\u011bhem v\u00e1no\u010dn\u00edch sv\u00e1tk\u016f 22.&nbsp;12.&nbsp;2025 do 2.&nbsp;1.&nbsp;2026.&nbsp;platit cena 40&nbsp;K\u010d na den (za ka\u017ed\u00e9 zapo\u010dat\u00e9 st\u00e1n\u00ed v&nbsp;d\u00e9lce nep\u0159esahuj\u00edc\u00ed 24 hodin) a&nbsp;o&nbsp;v\u00edkendech zdarma v&nbsp;n\u00e1v\u0161t\u011bvnick\u00fdch oran\u017eov\u00fdch z\u00f3n\u00e1ch <em>krom\u011b<\/em> \u00faseku v&nbsp;Kosteln\u00ed ulici p\u0159ed N\u00e1rodn\u00edm technick\u00fdm a&nbsp;zem\u011bd\u011blsk\u00fdm muzeem.<\/p>\r\n<p>Zm\u011bna se net\u00fdk\u00e1 modr\u00fdch (reziden\u010dn\u00edch) a&nbsp;fialov\u00fdch (sm\u00ed\u0161en\u00fdch) z\u00f3n. Jedn\u00e1 se o&nbsp;celopra\u017esk\u00e9 opat\u0159en\u00ed realizovan\u00e9 z\u0159izovatelem z\u00f3n placen\u00e9ho st\u00e1n\u00ed hl. m. Prahou.<\/p>\r\n<p>Dopl\u0148ujeme, \u017ee za \u010d\u00e1stku 50 K\u010d\/noc lze zaparkovat v&nbsp;gar\u00e1\u017e\u00edch Letn\u00e1 nebo vyu\u017e\u00edt mo\u017enost zv\u00fdhodn\u011bn\u00e9ho parkov\u00e1n\u00ed pro rezidenty v&nbsp;OC Stromovka.\u00a0<\/p>\r\n<p>Podrobn\u00e9 informace k&nbsp;parkov\u00e1n\u00ed o&nbsp;sv\u00e1tc\u00edch najdete <a href=\"https:\/\/www.praha7.cz\/parkovani-vanoce-25\/\">zde<\/a>.<\/p>\r\n<p>Sou\u010dasn\u011b p\u0159ipom\u00edn\u00e1me, \u017ee od 1.&nbsp;ledna 2026 <strong>kon\u010d\u00ed <\/strong>v Praze<strong> bezplatn\u00e9 parkov\u00e1n\u00ed pro n\u00edzkoemisn\u00ed vozidla<\/strong> (v\u010detn\u011b hybrid\u016f). Detaily <a href=\"https:\/\/www.praha7.cz\/od-noveho-roku-konci-bezplatne-parkovani-pro-elektromobily\/\" target=\"_blank\" rel=\"noopener\">zde<\/a>.<\/p>\r\n<hr \/>\r\n<h3>Odpady a&nbsp;v\u00e1no\u010dn\u00ed stromky<\/h3>\r\n<p>Nakupov\u00e1n\u00ed p\u0159es e-shopy je fajn, ale t\u011bch krabic, krabi\u010dek a&nbsp;obalov\u00e9ho materi\u00e1lu! Moc v\u00e1s pros\u00edme, abyste <strong>krabice a&nbsp;kartony rozkl\u00e1dali, roz\u0159ez\u00e1vali nebo se\u0161lap\u00e1vali<\/strong>, aby se v&nbsp;kontejnerech neskladoval vzduch, ale maximum pap\u00edru. (Pozornost v\u011bnujte i&nbsp;plastov\u00fdm lahv\u00edm a&nbsp;n\u00e1pojov\u00fdm karton\u016fm.)<\/p>\r\n<p>Jak nalo\u017eit s&nbsp;<strong>olejem po sma\u017een\u00ed<\/strong>? Nevyl\u00e9vejte ho do d\u0159ezu nebo toalety, ale do plastov\u00e9 lahve a&nbsp;tu pak vyho\u010fte do popelnice na tuky. N\u00e1vod a&nbsp;mapu kontejner\u016f na tuky a&nbsp;oleje najdete <a href=\"https:\/\/www.praha7.cz\/oleje-a-tuky-do-toalety-nepatri\/\">tady<\/a>.<\/p>\r\n<p><strong>Odstrojen\u00fd strome\u010dek<\/strong> pat\u0159\u00ed ke kontejner\u016fm na ve\u0159ejn\u00fdch stanovi\u0161t\u00edch t\u0159\u00edd\u011bn\u00e9ho nebo sm\u011bsn\u00e9ho odpadu, ide\u00e1ln\u011b ve\u010der p\u0159ed pl\u00e1novan\u00fdm svozem. Popel\u00e1\u0159i budou stromky sv\u00e1\u017eet od 7.&nbsp;ledna a\u017e do konce \u00fanora. Um\u011bl\u00e9 strome\u010dky, kter\u00e9 doslou\u017eily, je mo\u017en\u00e9 bezplatn\u011b odlo\u017eit pouze na sb\u011brn\u00fd dv\u016fr.<\/p>\r\n<hr \/>\r\n<h3>V\u00e1no\u010dn\u00ed a&nbsp;novoro\u010dn\u00ed provoz MHD<\/h3>\r\n<p>Ve sv\u00e1te\u010dn\u00edch a&nbsp;voln\u00fdch dnech doch\u00e1z\u00ed k&nbsp;<a href=\"https:\/\/www.dpp.cz\/omezeni-a-mimoradne-udalosti\/detail\/30190\" target=\"_blank\" rel=\"noopener\">omezen\u00ed provozu MHD<\/a>.<\/p>\r\n<p>&nbsp;<\/p>\r\n<p><a href=\"https:\/\/www.praha7.cz\/wp-content\/uploads\/2025\/12\/Letak_Vanoce_2025_page-0001.jpg\"><img loading=\"lazy\" src=\"https:\/\/www.praha7.cz\/wp-content\/uploads\/2025\/12\/Letak_Vanoce_2025_page-0001-1413x1000.jpg\" alt=\"\" width=\"640\" height=\"453\" class=\"alignnone size-large wp-image-88505\" srcset=\"https:\/\/www.praha7.cz\/wp-content\/uploads\/2025\/12\/Letak_Vanoce_2025_page-0001-1413x1000.jpg 1413w, https:\/\/www.praha7.cz\/wp-content\/uploads\/2025\/12\/Letak_Vanoce_2025_page-0001-565x400.jpg 565w, https:\/\/www.praha7.cz\/wp-content\/uploads\/2025\/12\/Letak_Vanoce_2025_page-0001-768x543.jpg 768w, https:\/\/www.praha7.cz\/wp-content\/uploads\/2025\/12\/Letak_Vanoce_2025_page-0001-1536x1087.jpg 1536w, https:\/\/www.praha7.cz\/wp-content\/uploads\/2025\/12\/Letak_Vanoce_2025_page-0001-2048x1449.jpg 2048w\" sizes=\"(max-width: 640px) 100vw, 640px\" \/><\/a><\/p>\r\n<hr \/>\r\n<h3>Bruslen\u00ed na Letn\u00e9<\/h3>\r\n<p>Na \u0160t\u011bdr\u00fd den se bude bruslit od 9.00 do 16.00, na Silvestra od 9.00 do 20.00, v&nbsp;ostatn\u00edch dnech od 9.00 do 21.00. D\u011bti do 15 let v\u011bku (v\u010detn\u011b), kter\u00e9 maj\u00ed trval\u00e9 bydli\u0161t\u011b v&nbsp;Praze 7 nebo zde nav\u0161t\u011bvuj\u00ed \u0161kolu \u010di p\u0159ed\u0161koln\u00ed za\u0159\u00edzen\u00ed, maj\u00ed vstupn\u00e9 na kluzi\u0161t\u011b zdarma. Provozn\u00ed dobu a&nbsp;dal\u0161\u00ed informace najdete <a href=\"https:\/\/www.praha7.cz\/kluziste-25\/\" target=\"_blank\" rel=\"noopener\">zde<\/a>.<\/p>\r\n<hr \/>\r\n<h3>Betl\u00e9msk\u00e9 sv\u011btlo<\/h3>\r\n<p>Pro Betl\u00e9msk\u00e9 sv\u011btlo si m\u016f\u017eete p\u0159ij\u00edt po v\u00e1no\u010dn\u00edm koncertu ve \u010dtvrtek 18.&nbsp;12. (cca ve 20.20, v\u00edce <a href=\"https:\/\/www.praha7.cz\/vanocni-koncert-prahy-7-ve-ctvrtek-18-prosince\/\" target=\"_blank\" rel=\"noopener\">zde<\/a>).\u00a0 Do husitsk\u00e9ho kostela v&nbsp;ulici Farsk\u00e9ho 1386\/3 nedaleko Strossmayerova n\u00e1m\u011bst\u00ed zav\u00edtejte v&nbsp;pond\u011bl\u00ed 22.&nbsp;a&nbsp;\u00fater\u00fd 23.&nbsp;12., v\u017edy mezi 17.&nbsp;a&nbsp;19.&nbsp;hodinou. Sv\u011bt\u00fdlko budou p\u0159ed\u00e1vat skauti z&nbsp;39.&nbsp;skautsk\u00e9ho st\u0159ediska Vatra.\u00a0<\/p>\r\n<hr \/>\r\n<h3>M\u0161e a&nbsp;betl\u00e9m v&nbsp;kostele sv. Anton\u00edna<\/h3>\r\n<ul>\r\n\t<li>st\u0159eda 24.&nbsp;12.&nbsp;\u0160T\u011aDR\u00dd DEN, v&nbsp;15.30 vigilie ze slavnosti Narozen\u00ed P\u00e1n\u011b a&nbsp;ve 24.00 p\u016flno\u010dn\u00ed u&nbsp;sv. Anton\u00edna.<br \/>\r\nkostel bude otev\u0159en od 10.00 do 17.00 a&nbsp;od 23.30 do 1.00<\/li>\r\n\t<li>\u010dtvrtek 25.&nbsp;12. SLAVNOST NAROZEN\u00cd P\u00c1N\u011a, m\u0161e sv. od 10.00 (se zp\u011bvem chr\u00e1mov\u00e9ho sboru) a&nbsp;od 18.00.<br \/>\r\nod 17.00 slavnostn\u00ed v\u00e1no\u010dn\u00ed koncert Zp\u00edv\u00e1n\u00ed u&nbsp;jesli\u010dek<br \/>\r\nkostel otev\u0159en od 9.00 do 19.00<\/li>\r\n\t<li>p\u00e1tek 26.&nbsp;12.&nbsp;sv\u00e1tek sv. \u0160t\u011bp\u00e1na, m\u0161e sv. v&nbsp;10.00.<br \/>\r\nkostel otev\u0159en od 9.00 do 17.00<\/li>\r\n\t<li>sobota 27.&nbsp;12.&nbsp;sv\u00e1tek sv. Jana \u2013 bez bohoslu\u017eeb<br \/>\r\nkostel otev\u0159en od 10.00 do 17.00<\/li>\r\n\t<li>ned\u011ble 28.&nbsp;12.&nbsp;sv\u00e1tek Svat\u00e9 Rodiny \u2013 m\u0161e sv. v&nbsp;8.00, 10.00 a&nbsp;18.00, v\u0161echny s&nbsp;obnovou man\u017eelsk\u00fdch slib\u016f<br \/>\r\nkostel otev\u0159en od 7.30 do 19.00<\/li>\r\n\t<li>pond\u011bl\u00ed 29.&nbsp;12. \u2013 bez bohoslu\u017eeb<br \/>\r\nkostel otev\u0159en od 10.00 do 17.00<\/li>\r\n\t<li>\u00fater\u00fd 30.&nbsp;12. \u2013 bez bohoslu\u017eeb<br \/>\r\nkostel otev\u0159en od 10:00 do 17:00<\/li>\r\n\t<li>st\u0159eda 31.&nbsp;12.&nbsp;zakon\u010den\u00ed ob\u010dansk\u00e9ho roku, m\u0161e sv. v&nbsp;15.30 s&nbsp;pod\u011bkov\u00e1n\u00edm za uplynul\u00fd rok a&nbsp;s&nbsp;prosbou o&nbsp;ochranu v&nbsp;nov\u00e9m roce<br \/>\r\nkostel otev\u0159en od 10.00 do 17.00<\/li>\r\n\t<li>\u010dtvrtek 1.&nbsp;1.&nbsp;slavnost Matky Bo\u017e\u00ed Panny Marie \/ Nov\u00fd rok m\u0161e sv. v&nbsp;10.00 a&nbsp;18.00<br \/>\r\nkostel otev\u0159en od 9.00 do 19.00<\/li>\r\n\t<li>p\u00e1tek 2.&nbsp;1. \u00a0m\u0161e sv. v&nbsp;18.00<br \/>\r\nkostel otev\u0159en od 10.00 do 19.00<\/li>\r\n\t<li>sobota 3.&nbsp;1. \u2013 bez bohoslu\u017eeb<br \/>\r\nkostel otev\u0159en od 10.00 do 17.00<\/li>\r\n\t<li>ned\u011ble 4.&nbsp;1.&nbsp;2.&nbsp;ned\u011ble po Narozen\u00ed P\u00e1n\u011b, m\u0161e sv. v&nbsp;8.00, 10.00 a&nbsp;18.00<br \/>\r\nkostel otev\u0159en od 7.30 do 19.00<\/li>\r\n<\/ul>\r\n<hr \/>\r\n<h3>T\u00fdden sportu zdarma<\/h3>\r\n<p>Z\u00e1v\u011brem roku hlavn\u00ed m\u011bsto Praha op\u011bt organizuje obl\u00edbenou akci T\u00fdden sportu zdarma. Letos m\u016f\u017eete nab\u00eddky vyu\u017e\u00edt od 25.\u00a0 do 31.&nbsp;12.&nbsp;2025. V\u0161e pot\u0159ebn\u00e9 najdete <a href=\"https:\/\/prahasportovni.cz\/tyden-sportu-zdarma\/\" target=\"_blank\" rel=\"noopener\">zde<\/a>.<\/p>\r\n<hr \/>\r\n<h3><strong>Oslavy Silvestra a&nbsp;Nov\u00e9ho roku bez petard<\/strong><\/h3>\r\n<p>Upozor\u0148ujeme na z\u00e1kaz odpalov\u00e1n\u00ed pyrotechniky v&nbsp;\u0159ad\u011b lokalit hlavn\u00edho m\u011bsta \u2013 pod\u00edvejte se do <a href=\"https:\/\/praha.eu\/pyrotechnika\" target=\"_blank\" rel=\"noopener\">p\u0159ehledn\u00e9 mapy<\/a>. Pyrotechnika m\u016f\u017ee zp\u016fsobit zran\u011bn\u00ed, \u0161kody na majetku, nav\u00edc m\u016f\u017ee vyvol\u00e1vat strach a&nbsp;stres u&nbsp;zv\u00ed\u0159at a&nbsp;lid\u00ed, zejm\u00e9na u&nbsp;d\u011bt\u00ed a&nbsp;senior\u016f.<\/p>\r\n<h4>Desatero pejska\u0159sk\u00fdch rad pro bezpe\u010dn\u00e9 zvl\u00e1dnut\u00ed oslav V\u00e1noc a&nbsp;Silvestra<\/h4>\r\n<p>Zv\u00ed\u0159ata hluk oslav nesn\u00e1\u0161ej\u00ed. A&nbsp;nemus\u00ed to b\u00fdt zrovna ty nejsiln\u011bj\u0161\u00ed petardy, vystra\u0161\u00ed je i&nbsp;nezvykl\u00e9 prsk\u00e1n\u00ed mal\u00e9 z\u00e1bavn\u00ed pyrotechniky. N\u011bkdy tak, ani\u017e si to uv\u011bdomujeme, zp\u016fsobujeme p\u0159i novoro\u010dn\u00edch oslav\u00e1ch zejm\u00e9na ps\u016fm traumatick\u00e9 z\u00e1\u017eitky. MHMP proto p\u0159ipravil <a href=\"https:\/\/praha.eu\/desatero-pejskarskych-rad-pro-bezpecne-zvladnuti-oslav-vanoc-a-silvestra\" target=\"_blank\" rel=\"noopener\">desatero<\/a>, jak se zv\u00ed\u0159etem zvl\u00e1dnout v&nbsp;Praze, kde nen\u00ed o&nbsp;hlu\u010dn\u00e9 oslavy nouze, V\u00e1noce a&nbsp;Silvestra.<\/p>\r\n<hr \/>\r\n<h3>V\u00e1noce i&nbsp;pro kapry<\/h3>\r\n<p>Pokud si kupujete kapra u&nbsp;st\u00e1nku, v&nbsp;ide\u00e1ln\u00edm p\u0159\u00edpad\u011b si jej nechte odborn\u011b zab\u00edt na m\u00edst\u011b p\u0159\u00edmo prodejcem. \u017div\u00e9ho kapra nenoste dom\u016f v&nbsp;igelitov\u00e9 ta\u0161ce, neumis\u0165ujte ho do vany s&nbsp;chlorovanou vodou, nevypou\u0161t\u011bjte ho zp\u011bt do vodn\u00edch tok\u016f. V\u00edce o&nbsp;zbyte\u010dn\u00e9m tr\u00e1pen\u00ed kapr\u016f se do\u010dtete <a href=\"https:\/\/praha.eu\/vanoce-pro-kapry\" target=\"_blank\" rel=\"noopener\">zde<\/a>.<\/p>\r\n<hr \/>\r\n<h3>Novoro\u010dn\u00ed d\u00e1rek pro Pra\u017eany<\/h3>\r\n<p>Hlavn\u00ed m\u011bsto Praha i&nbsp;letos p\u0159ipravilo speci\u00e1ln\u00ed novoro\u010dn\u00ed d\u00e1rek. Vyrazte 1.&nbsp;ledna 2026 do vybran\u00fdch pra\u017esk\u00fdch kulturn\u00edch a&nbsp;volno\u010dasov\u00fdch organizac\u00ed po cel\u00e9 metropoli zdarma nebo za symbolick\u00e9 vstupn\u00e9. V\u00edce <a href=\"https:\/\/praha.eu\/novorocni-darek-2025\" target=\"_blank\" rel=\"noopener\">zde<\/a>.<\/p>","protected":false},"excerpt":{"rendered":"[perex] Obdob\u00ed v\u00e1no\u010dn\u00edch sv\u00e1tk\u016f a&nbsp;voln\u00fdch dn\u016f, to jsou nejen chv\u00edle odpo\u010dinku, ale i&nbsp;drobn\u00e9 zm\u011bny ve fungov\u00e1n\u00ed b\u011b\u017en\u00fdch slu\u017eeb. Co v\u0161e m\u016f\u017ee b\u00fdt na p\u0159elomu roku jinak, jak t\u0159\u00eddit netypick\u00fd v\u00e1no\u010dn\u00ed odpad a&nbsp;tuky z&nbsp;kuchyn\u011b, kam s&nbsp;v\u00e1no\u010dn\u00edm stromkem nebo jak to bude s&nbsp;pyrotechnikou? Do\u010dtete se n\u00ed\u017ee. P\u0159ejeme v\u00e1m sv\u00e1te\u010dn\u00ed dny podle va\u0161ich p\u0159edstav a&nbsp;do nov\u00e9ho roku jen [&hellip;]","protected":false},"author":251,"featured_media":88504,"comment_status":"closed","ping_status":"open","sticky":false,"template":"","format":"standard","meta":[],"categories":[34],"tags":[84,110],"_links":{"self":[{"href":"https:\/\/www.praha7.cz\/api\/wp\/v2\/posts\/88503"}],"collection":[{"href":"https:\/\/www.praha7.cz\/api\/wp\/v2\/posts"}],"about":[{"href":"https:\/\/www.praha7.cz\/api\/wp\/v2\/types\/post"}],"author":[{"embeddable":true,"href":"https:\/\/www.praha7.cz\/api\/wp\/v2\/users\/251"}],"replies":[{"embeddable":true,"href":"https:\/\/www.praha7.cz\/api\/wp\/v2\/comments?post=88503"}],"version-history":[{"count":14,"href":"https:\/\/www.praha7.cz\/api\/wp\/v2\/posts\/88503\/revisions"}],"predecessor-version":[{"id":88663,"href":"https:\/\/www.praha7.cz\/api\/wp\/v2\/posts\/88503\/revisions\/88663"}],"wp:featuredmedia":[{"embeddable":true,"href":"https:\/\/www.praha7.cz\/api\/wp\/v2\/media\/88504"}],"wp:attachment":[{"href":"https:\/\/www.praha7.cz\/api\/wp\/v2\/media?parent=88503"}],"wp:term":[{"taxonomy":"category","embeddable":true,"href":"https:\/\/www.praha7.cz\/api\/wp\/v2\/categories?post=88503"},{"taxonomy":"post_tag","embeddable":true,"href":"https:\/\/www.praha7.cz\/api\/wp\/v2\/tags?post=88503"}],"curies":[{"name":"wp","href":"https:\/\/api.w.org\/{rel}","templated":true}]}}