    
{"id":88491,"date":"2025-12-15T13:36:27","date_gmt":"2025-12-15T12:36:27","guid":{"rendered":"https:\/\/www.praha7.cz\/?p=88491"},"modified":"2025-12-15T13:36:27","modified_gmt":"2025-12-15T12:36:27","slug":"kdyz-nakup-pomaha","status":"publish","type":"post","link":"https:\/\/www.praha7.cz\/kdyz-nakup-pomaha\/","title":{"rendered":"Kdy\u017e n\u00e1kup pom\u00e1h\u00e1"},"content":{"rendered":"<p>[perex]<\/p>\r\n<p>Na prvn\u00ed pohled vypadaj\u00ed jako oby\u010dejn\u00e9 obchody se zbo\u017e\u00edm z&nbsp;druh\u00e9 ruky. Ve skute\u010dnosti jsou to ale m\u00edsta, v&nbsp;nich\u017e se n\u00e1kup st\u00e1v\u00e1 pomoc\u00ed. \u010cty\u0159i dobro\u010dinn\u00e9 obchody na Sedmi\u010dce propojuj\u00ed sousedskou solidaritu, ekologii i&nbsp;podporu lid\u00ed v&nbsp;r\u016fzn\u00fdch \u017eivotn\u00edch situac\u00edch \u2013 od paliativn\u00ed p\u00e9\u010de p\u0159es seniory a\u017e po samo\u017eivitele a&nbsp;ty, kte\u0159\u00ed se po \u017eivotn\u00edch zvratech vracej\u00ed zp\u011bt do pr\u00e1ce. Ukazuj\u00ed, \u017ee smyslupln\u00e9 podnik\u00e1n\u00ed m\u016f\u017ee m\u00edt mnoho podob a&nbsp;\u017ee i&nbsp;mal\u00fd n\u00e1kup m\u016f\u017ee pomoci v\u00edc, ne\u017e se na prvn\u00ed pohled zd\u00e1. P\u0159esto z\u016fst\u00e1vaj\u00ed jejich provozovatel\u00e9 mnohdy v&nbsp;legislativn\u00edm vakuu, kter\u00e9 jim \u010dasto br\u00e1n\u00ed konat dobro s&nbsp;pln\u00fdm nasazen\u00edm.<br \/>\r\n<br \/>\r\n[\/perex]<\/p>\r\n<p>Na rohu Anton\u00ednsk\u00e9 a&nbsp;Bubensk\u00e9 ulice u\u017e 16 let najdeme obchod neziskov\u00e9 organizace Cesta dom\u016f. Leten\u0161t\u00ed i&nbsp;proch\u00e1zej\u00edc\u00ed si na n\u011bj zvykli a&nbsp;vstupuj\u00ed sem denn\u011b i&nbsp;po stovk\u00e1ch. Ka\u017ed\u00fd den v&nbsp;t\u00fddnu tu tak\u00e9 natref\u00edte na jinou obsluhu. Cesta dom\u016f provozuje je\u0161t\u011b dal\u0161\u00ed dva obchody, celkem v&nbsp;jej\u00edch prodejn\u00e1ch pom\u00e1h\u00e1 49 dobrovoln\u00edk\u016f a&nbsp;14 brig\u00e1dn\u00edk\u016f, n\u011bkte\u0159\u00ed jsou v&nbsp;nich u\u017e p\u0159es deset let. \u201eV\u0161ichni jsou skv\u011bl\u00ed a&nbsp;ka\u017ed\u00fd z&nbsp;nich vn\u00e1\u0161\u00ed do obchodu na tu svou chv\u00edli jinou a&nbsp;v\u017edy \u010derstvou a&nbsp;osv\u011b\u017euj\u00edc\u00ed energii. Z\u00e1rove\u0148 doslova ka\u017ed\u00fd den jsou v&nbsp;obchod\u011b jin\u00e9 v\u011bci. Loveck\u00e9 a&nbsp;sb\u011bra\u010dsk\u00e9 instinkty jsme zd\u011bdili po p\u0159edc\u00edch a&nbsp;v&nbsp;obchodech se reinkarnuj\u00ed do sv\u00e9 modern\u00ed podoby. Pro z\u00e1kazn\u00edky s&nbsp;t\u011bmito v\u00e1\u0161n\u011bmi je n\u00e1\u0161 obchod doslova pokladem,\u201c \u0159\u00edk\u00e1 vedouc\u00ed dobro\u010dinn\u00fdch obchod\u016f Cesty dom\u016f Ond\u0159ej Tesa\u0159. Na Sedmi\u010dce nejv\u00edc fr\u010d\u00ed d\u00e1msk\u00e9 oble\u010den\u00ed, sklo, porcel\u00e1n a&nbsp;\u0161perky.<\/p>\r\n<p>Hlavn\u00ed \u010dinnost\u00ed organizace Cesta dom\u016f je pomoc um\u00edraj\u00edc\u00edm a\u00a0jejich rodin\u00e1m. \u201eSmrt je st\u00e1le tabuizovan\u00e9 t\u00e9ma a\u00a0pro \u0159adu lid\u00ed je nep\u0159edstaviteln\u00e9 si o\u00a0konci \u017eivota \u010d\u00edst knihu nebo se o\u00a0n\u011bm dokonce otev\u0159en\u011b bavit. Sna\u017e\u00edme se, aby prost\u0159ed\u00ed na\u0161ich obchod\u016f bylo co nejp\u0159\u00edjemn\u011bj\u0161\u00ed branou pro vstup k\u00a0t\u011bmto t\u00e9mat\u016fm. Obchody jsou takov\u00e1 tykadla na\u0161\u00ed michelsk\u00e9 centr\u00e1ly bl\u00ed\u017ee k\u00a0potenci\u00e1ln\u00edm klient\u016fm. \u0158ada lid\u00ed, kte\u0159\u00ed pot\u0159ebuj\u00ed na\u0161e slu\u017eby nebo je v\u00a0bl\u00edzk\u00e9 dob\u011b pot\u0159ebovat budou, se s\u00a0t\u00e9matem poprv\u00e9 setk\u00e1 u\u00a0n\u00e1s a\u00a0i\u00a0n\u00e1\u0161 person\u00e1l v\u00a0obchodech jim um\u00ed d\u00e1t z\u00e1kladn\u00ed poradenstv\u00ed a\u00a0nasm\u011brovat je d\u00e1le na kolegy ze zdravotn\u00ed nebo psychosoci\u00e1ln\u00ed p\u00e9\u010de,\u201c \u0159\u00edk\u00e1 Ond\u0159ej Tesa\u0159.<\/p>\r\n<p><strong>Jin\u00fd advent<br \/>\r\n<\/strong>Cesta dom\u016f m\u00e1 tak\u00e9 vlastn\u00ed nakladatelstv\u00ed, kter\u00e9 jednak vyd\u00e1v\u00e1 knihy s\u00a0paliativn\u00ed tematikou \u2013 od odborn\u00fdch p\u0159es nau\u010dn\u00e9 laick\u00e9 a\u017e po beletrii a\u00a0d\u011btsk\u00e9 knihy a\u00a0jednak vyr\u00e1b\u00ed origin\u00e1ln\u00ed di\u00e1\u0159e, kalend\u00e1\u0159e, se\u0161ity, pexesa, pohledy, balic\u00ed pap\u00edry aj. pap\u00edrnick\u00fd sortiment. \u201eSpolupracujeme s\u00a0\u0159adou \u010desk\u00fdch v\u00fdtvarn\u00edk\u016f a\u00a0n\u011bkter\u00e9 z\u00a0nich m\u016f\u017eete potkat i\u00a0u\u00a0n\u00e1s za pultem v\u00a0roli dobrovoln\u00edk\u016f,\u201c \u0159\u00edk\u00e1 s\u00a0\u00fasm\u011bvem Ond\u0159ej Tesa\u0159. Specialitou Cesty dom\u016f, kterou si i\u00a0j\u00e1 pravideln\u011b kupuji, je kalend\u00e1\u0159 Adventn\u00ed \u010dten\u00ed. \u201eM\u00edsto, aby se v\u00e1m vyloupl kousek v\u011bt\u0161inou ne moc dobr\u00e9 \u010dokol\u00e1dy, otev\u0159ete si ka\u017ed\u00fd den adventu nov\u00fd origin\u00e1ln\u00ed p\u0159\u00edb\u011bh od \u010desk\u00fdch autor\u016f. Letos m\u00e1me nov\u00fd, ji\u017e osm\u00fd d\u00edl, kter\u00fd je vhodn\u00fd pro d\u011bti od 5 let. V\u00a0p\u0159edv\u00e1no\u010dn\u00edm obdob\u00ed je u\u00a0n\u00e1s ru\u0161no, tak bych cht\u011bl sousedy pozvat, a\u0165 p\u0159ijdou nakoupit. Ud\u011blaj\u00ed t\u00edm dvojitou radost,\u201c dod\u00e1v\u00e1 Ond\u0159ej Tesa\u0159.<\/p>\r\n<p><strong>Ob\u010das se nesta\u010d\u00edme divit<br \/>\r\n<\/strong>V dobro\u010dinn\u00fdch obchodech Sue Ryder poch\u00e1z\u00ed t\u00e9m\u011b\u0159 v\u0161echno, co zde najdete, od lid\u00ed, kte\u0159\u00ed \u017eij\u00ed pobl\u00ed\u017e. \u201eTo jsou na\u0161i nejv\u011bt\u0161\u00ed d\u00e1rci, bez nich by na\u0161e obchody nemohly fungovat,\u201c \u0159\u00edk\u00e1 Jan Dominik, vedouc\u00ed dobro\u010dinn\u00fdch obchod\u016f neziskov\u00e9 organizace Sue Ryder. Jej\u00ed obchod v&nbsp;He\u0159manov\u011b ulici s\u00eddl\u00ed na Sedmi\u010dce u\u017e deset let.<\/p>\r\n<p>Sedmi\u010dkov\u00e1 pobo\u010dka pat\u0159\u00ed k\u00a0t\u011bm, kam se dle slov Jana Dominika z\u00e1kazn\u00edci r\u00e1di vracej\u00ed. Denn\u011b sem zav\u00edt\u00e1 kolem \u0161edes\u00e1ti lid\u00ed \u2013 v\u011bt\u0161inou \u017een, je\u017e sem p\u0159ich\u00e1zej\u00ed ulovit p\u011bkn\u00fd kousek do \u0161atn\u00edku, ale \u010dasto i\u00a0darovat v\u011bci, kter\u00e9 u\u017e doma nevyu\u017eij\u00ed. \u201eLid\u00e9 nej\u010dast\u011bji \u0159\u00edkaj\u00ed, \u017ee maj\u00ed kvalitn\u00ed v\u011bc, kterou u\u017e nepot\u0159ebuj\u00ed, a\u00a0je jim l\u00edto ji vyhodit. Cht\u011bj\u00ed, aby je\u0161t\u011b n\u011bkomu poslou\u017eila,\u201c dopl\u0148uje. Mnoz\u00ed z\u00a0t\u011bchto d\u00e1rc\u016f se \u010dasem st\u00e1vaj\u00ed pravideln\u00fdmi z\u00e1kazn\u00edky nebo podporovateli organizace.<\/p>\r\n<p>Dnes m\u00e1 Sue Ryder po v\u00edce ne\u017e 27 letech sv\u00e9ho p\u016fsoben\u00ed krom\u011b domova pro seniory a&nbsp;ter\u00e9nn\u00edch slu\u017eeb tak\u00e9 s\u00ed\u0165 osmi dobro\u010dinn\u00fdch obchod\u016f po cel\u00e9 Praze. V\u00fdt\u011b\u017eek z&nbsp;jejich prodej\u016f pom\u00e1h\u00e1 pokr\u00fdvat p\u00e9\u010di o&nbsp;star\u00e9 a&nbsp;nemocn\u00e9 lidi, podporuje tak\u00e9 vzd\u011bl\u00e1vac\u00ed a&nbsp;poradensk\u00e9 programy pro seniory a&nbsp;jejich bl\u00edzk\u00e9 z&nbsp;cel\u00e9 \u010cR. \u201eKa\u017ed\u00fd, kdo n\u00e1m n\u011bco daruje nebo si u&nbsp;n\u00e1s n\u011bco koup\u00ed, je vlastn\u011b na\u0161\u00edm podporovatelem,\u201c vysv\u011btluje Jan Dominik. \u201eBez d\u00e1rc\u016f a&nbsp;bez nakupuj\u00edc\u00edch by na\u0161e pomoc nemohla fungovat.\u201c Nab\u00eddka obchodu je pestr\u00e1 \u2013 od d\u00e1msk\u00e9ho oble\u010den\u00ed p\u0159es d\u00e1rkov\u00e9 p\u0159edm\u011bty a\u017e po obrazy, hra\u010dky \u010di pot\u0159eby pro d\u011bti. Ob\u010das se objev\u00ed i&nbsp;p\u0159ekvapen\u00ed: \u201eDostali jsme t\u0159eba sklo od Maxima Vel\u010dovsk\u00e9ho nebo zlat\u00e9 \u0161perky. Nikdy nev\u00edme, co kdo p\u0159inese, a&nbsp;ob\u010das se opravdu nesta\u010d\u00edme divit,\u201c \u0159\u00edk\u00e1 s&nbsp;\u00fasm\u011bvem Jan Dominik.<\/p>\r\n<p><strong>Zapojte se<br \/>\r\n<\/strong>Velkou roli v\u00a0chodu dobro\u010dinn\u00fdch obchod\u016f hraj\u00ed dobrovoln\u00edci. V\u00a0He\u0159mance pom\u00e1haj\u00ed t\u0159i d\u00e1my \u2013 L\u00edba, Jarmila a\u00a0St\u00e1\u0148a \u2013 a\u00a0celkem jich je ve v\u0161ech osmi pobo\u010dk\u00e1ch kolem dvaceti. \u201eN\u011bkter\u00e9 jsou s\u00a0n\u00e1mi u\u017e des\u00edtky let. V\u0161echny maj\u00ed \u010das, chu\u0165 a\u00a0srdce na spr\u00e1vn\u00e9m m\u00edst\u011b. Jsou to na\u0161e dobr\u00e9 du\u0161e, bez nich\u017e by byl ka\u017edodenn\u00ed provoz mnohem slo\u017eit\u011bj\u0161\u00ed \u2013 i\u00a0m\u00e9n\u011b vesel\u00fd,\u201c \u0159\u00edk\u00e1 Jan Dominik a\u00a0dod\u00e1v\u00e1, \u017ee nov\u00fdm dobrovoln\u00edk\u016fm jsou dve\u0159e st\u00e1le otev\u0159en\u00e9.<\/p>\r\n<p>Stejn\u011b jako ostatn\u00ed dobro\u010dinn\u00e9 obchody i\u00a0Sue Ryder db\u00e1 na to, aby v\u011bci neskon\u010dily zbyte\u010dn\u011b v\u00a0odpadu. \u201ePravda je, \u017ee ne v\u0161echny u\u00a0n\u00e1s najdou nov\u00e9ho majitele. Pokud je neprodan\u00fdm darem textil, d\u00e1rce jist\u011b pot\u011b\u0161\u00ed, \u017ee jeho dar neskon\u010d\u00ed na smeti\u0161ti nebo ve spalovn\u011b. P\u0159ibli\u017en\u011b 18 tun \u010dist\u00e9ho, vyt\u0159\u00edd\u011bn\u00e9ho oble\u010den\u00ed v\u00a0igelitov\u00fdch pytl\u00edch putuje ze Sue Ryder ka\u017ed\u00fd rok do libereck\u00e9 spole\u010dnosti Dimatex. S\u00a0vy\u0159azen\u00fdm textilem tam pracuj\u00ed velmi efektivn\u011b. M\u011b nejv\u00edc nadchl jejich inovativn\u00ed materi\u00e1l Retextil. Ze star\u00e9ho tri\u010dka dok\u00e1\u017eou vyrobit t\u0159eba lavi\u010dku nebo m\u011bstsk\u00fd mobili\u00e1\u0159.\u201c<\/p>\r\n<p>Organizace Sue Ryder by si p\u0159\u00e1la v\u00a0budoucnu naj\u00edt prostor pro dev\u00e1t\u00fd obchod ide\u00e1ln\u011b n\u011bkde v\u00a0oblasti Karl\u00edna. \u201eMysl\u00edm si, \u017ee by bylo dobr\u00e9 m\u00edt v\u00edce dobro\u010dinn\u00fdch obchod\u016f po cel\u00e9 republice a\u00a0t\u00edm tak\u00e9 v\u011bt\u0161\u00ed pov\u011bdom\u00ed ve\u0159ejnosti, obc\u00ed i\u00a0m\u011bst o\u00a0tomto fenom\u00e9nu. Je p\u0159ece skv\u011bl\u00e9 p\u0159in\u00e9st do na\u0161ich obchod\u016f zd\u00e1nliv\u011b nepot\u0159ebnou v\u011bci, d\u00e1t j\u00ed \u0161anci na druh\u00fd \u017eivot, abych nepl\u00fdtval, a\u00a0z\u00e1rove\u0148 podpo\u0159it t\u00e9ma, kter\u00e9 m\u00e1m r\u00e1d a\u00a0z\u00e1le\u017e\u00ed mi na n\u011bm. P\u0159esn\u011b tohle lid\u00e9 v\u00a0Praze 7 ch\u00e1pou a\u00a0d\u011blaj\u00ed. A\u00a0j\u00e1 jim za to velmi d\u011bkuji.\u201c<\/p>\r\n<p><strong>Individu\u00e1ln\u00ed podpora<br \/>\r\n<\/strong>Tak\u00e9 Restart Shop v\u00a0ulici Komunard\u016f d\u00e1v\u00e1 druh\u00fd \u017eivot v\u011bcem, ale p\u0159edev\u0161\u00edm lidem. Tento charitativn\u00ed obchod je provozovan\u00fd \u010ceskou\u00a0asociac\u00ed streetwork, kter\u00e1 podporuje udr\u017eitelnost a\u00a0recyklaci prost\u0159ednictv\u00edm prodeje darovan\u00e9ho zbo\u017e\u00ed, hlavn\u011b ale ve sv\u00fdch obchodech vytv\u00e1\u0159\u00ed tr\u00e9ninkov\u00e1 pracovn\u00ed m\u00edsta. Ta jsou ur\u010dena lidem ohro\u017een\u00fdm soci\u00e1ln\u00edm vylou\u010den\u00edm a\u00a0pom\u00e1haj\u00ed jim p\u0159ekon\u00e1vat t\u011b\u017e\u0161\u00ed obdob\u00ed \u017eivota prost\u0159ednictv\u00edm nab\u00eddky pr\u00e1ce a\u00a0podpory p\u0159i n\u00e1vratu do zam\u011bstn\u00e1n\u00ed.<\/p>\r\n<p>Zam\u011bstnanci se u\u010d\u00ed v\u0161emu, co pr\u00e1ce v&nbsp;obchod\u011b obn\u00e1\u0161\u00ed \u2013 od nace\u0148ov\u00e1n\u00ed zbo\u017e\u00ed p\u0159es obsluhu pokladny a\u017e po komunikaci se z\u00e1kazn\u00edky. \u201ePracuj\u00ed u&nbsp;n\u00e1s obvykle \u0161est a\u017e dvan\u00e1ct m\u011bs\u00edc\u016f na \u010d\u00e1ste\u010dn\u00fd \u00favazek. U\u010d\u00ed se nejen pracovn\u00ed dovednosti, ale i&nbsp;v\u011bci, kter\u00e9 jim pomohou znovu se postavit na nohy. Na pravideln\u00e9 b\u00e1zi se sch\u00e1z\u00edme a&nbsp;\u0159e\u0161\u00edme spolu nejen to, jak se jim v&nbsp;pr\u00e1ci da\u0159\u00ed, ale nab\u00edz\u00edme jim i&nbsp;podporu v&nbsp;osobn\u00edm \u017eivot\u011b, nap\u0159\u00edklad co se t\u00fd\u010de zdravotn\u00edho stavu, bydlen\u00ed nebo jejich finan\u010dn\u00ed situace. U\u017e b\u011bhem zam\u011bstn\u00e1n\u00ed s&nbsp;nimi mluv\u00edme o&nbsp;tom, co by cht\u011bli d\u011blat d\u00e1l, a&nbsp;pom\u00e1h\u00e1me jim hledat dal\u0161\u00ed pr\u00e1ci. Jsme tak\u00e9 nav\u00e1z\u00e1ni na jin\u00e9 organizace, kter\u00e9 maj\u00ed kup\u0159\u00edkladu chr\u00e1n\u011bn\u00e9 d\u00edlny,\u201c \u0159\u00edk\u00e1 Tom\u00e1\u0161 P\u0159\u00edhoda, vedouc\u00ed tr\u00e9ninkov\u00e9ho zam\u011bstn\u00e1n\u00ed \u010cesk\u00e9 asociace Streetwork.<\/p>\r\n<p>Restart Shop na Sedmi\u010dce m\u00e1 nespornou v\u00fdhodu, \u017ee je v\u00a0bl\u00edzkosti tramvajov\u00e9 zast\u00e1vky a\u00a0\u010d\u00e1st lid\u00ed do n\u011bj p\u0159ich\u00e1z\u00ed, kdy\u017e \u010dek\u00e1 na dal\u0161\u00ed spoj. Pan\u00ed prodava\u010dka Jana, kterou p\u0159i n\u00e1v\u0161t\u011bv\u011b potk\u00e1v\u00e1m, je od pohledu dobr\u00e1 a\u00a0vesel\u00e1 du\u0161e. \u201eJsem vyu\u010den\u00e1 prodava\u010dka, tato pr\u00e1ce mi proto nen\u00ed ciz\u00ed. M\u00e1m t\u011blesn\u00e9 posti\u017een\u00ed a\u00a0sehnat pr\u00e1ci na b\u011b\u017en\u00e9m pracovn\u00edm trhu je dnes pro m\u011b slo\u017eit\u00e9. Ale v\u00edm, \u017ee d\u00edky zam\u011bstn\u00e1n\u00ed tady se m\u016f\u017eu odrazit d\u00e1l,\u201c \u0159\u00edk\u00e1 s\u00a0\u00fasm\u011bvem a\u00a0b\u011bhem rozhovoru markuje prodan\u00fd svetr a\u00a0n\u00e1u\u0161nice.<\/p>\r\n<p>Studie, kterou si nechala vypracovat \u010cesk\u00e1 asociace streetwork v\u00a0roce 2021, potvrdila, \u017ee tento p\u0159\u00edstup funguje. Z\u00a0p\u011btadvaceti absolvent\u016f programu bylo devaten\u00e1ct po roce zam\u011bstn\u00e1no na b\u011b\u017en\u00e9m trhu pr\u00e1ce. Restart shop m\u00e1 dal\u0161\u00ed dobro\u010dinn\u00fd obchod v\u00a0Praze 1. Zam\u011bstnanci mezi obchody pendluj\u00ed, a\u00a0jejich pracovn\u00ed rozhled se tak n\u00e1sob\u00ed. Ka\u017ed\u00e1 pobo\u010dka je toti\u017e trochu jin\u00e1, kup\u0159\u00edkladu i\u00a0t\u00edm, \u017ee v\u00a0ka\u017ed\u00e9 pobo\u010dce funguje jin\u00e9 v\u00fddejn\u00ed m\u00edsto z\u00e1silkov\u00fdch slu\u017eeb. D\u00edky tomu se zam\u011bstnanci u\u010d\u00ed nov\u00e9 pracovn\u00ed postupy a\u00a0dovednosti a\u00a0v\u00fddej z\u00e1silek z\u00e1rove\u0148 p\u0159isp\u00edv\u00e1 k\u00a0financov\u00e1n\u00ed provozu obchod\u016f.<\/p>\r\n<p>Krom\u011b soci\u00e1ln\u00ed roviny se Restart Shop zam\u011b\u0159uje i\u00a0na ekologii. Ro\u010dn\u011b se mu poda\u0159\u00ed vr\u00e1tit do ob\u011bhu zhruba tunu a\u00a0p\u016fl v\u011bc\u00ed, kter\u00e9 by jinak skon\u010dily v\u00a0odpadu. Darovat sem m\u016f\u017eete oble\u010den\u00ed pro dosp\u011bl\u00e9 i\u00a0d\u011bti, m\u00f3dn\u00ed dopl\u0148ky, knihy, hra\u010dky, sportovn\u00ed vybaven\u00ed nebo drobn\u00e9 dekorace a\u00a0vybaven\u00ed do dom\u00e1cnosti. Zkr\u00e1tka v\u0161echno, co je funk\u010dn\u00ed a\u00a0\u010dist\u00e9, dostane druhou \u0161anci. J\u00e1 sama u\u017e n\u011bkolik let pou\u017e\u00edv\u00e1m obal na br\u00fdle pr\u00e1v\u011b odsud. Tak\u017ee a\u017e p\u016fjdete kolem Restartu na Komunard\u016f, stoj\u00ed za to zastavit se a\u00a0nahl\u00e9dnout do v\u00fdlohy, kter\u00e1 se neust\u00e1le m\u011bn\u00ed. Mo\u017en\u00e1 tam na v\u00e1s \u010dek\u00e1 n\u011bco, co si tak\u00e9 zaslou\u017e\u00ed dostat novou \u0161anci.<br \/>\r\n<br \/>\r\n<\/p>\r\n<p><img loading=\"lazy\" src=\"https:\/\/www.praha7.cz\/wp-content\/uploads\/2025\/12\/hobulet_vnitrek_prosinec_opr11-600x372.png\" alt=\"\" width=\"600\" height=\"372\" class=\"alignnone size-medium wp-image-88493\" srcset=\"https:\/\/www.praha7.cz\/wp-content\/uploads\/2025\/12\/hobulet_vnitrek_prosinec_opr11-600x372.png 600w, https:\/\/www.praha7.cz\/wp-content\/uploads\/2025\/12\/hobulet_vnitrek_prosinec_opr11.png 757w\" sizes=\"(max-width: 600px) 100vw, 600px\" \/><\/p>\r\n<p><br \/>\r\n<strong>V\u00fdb\u011brov\u00fd second hand<br \/>\r\n<\/strong>Dal\u0161\u00ed obchod si tak trochu mus\u00edte naj\u00edt. Na t\u0159\u00edd\u011b Dukelsk\u00fdch hrdin\u016f je situov\u00e1n v\u00a0polosuter\u00e9nu naproti Veletr\u017en\u00edmu pal\u00e1ci, tak\u017ee se nem\u016f\u017ee spol\u00e9hat na klasick\u00e9 v\u00fdlohy a\u00a0zv\u011bdav\u00e9 pohledy kolemjdouc\u00edch. Kdy\u017e v\u0161ak do n\u011bj v\u0161ak vstoup\u00edte, objev\u00edte m\u00edsto, kde se m\u00f3da setk\u00e1v\u00e1 s\u00a0pomoc\u00ed. Fashion Charity Shop je obchodem organizace Klub svobodn\u00fdch matek, je\u017e rodin\u00e1m samo\u017eivitel\u016f poskytuje finan\u010dn\u00ed, materi\u00e1ln\u00ed, odbornou pr\u00e1vn\u00ed a\u00a0komplexn\u00ed informa\u010dn\u00ed pomoc. \u201eLid\u00e9 se zaj\u00edmaj\u00ed, komu pom\u00e1h\u00e1me, a\u00a0mnoz\u00ed sami p\u0159ijdou se sv\u00fdm p\u0159\u00edb\u011bhem. Pro \u0159adu z\u00a0nich je n\u00e1\u0161 obchod i\u00a0m\u00edsto, kde se c\u00edt\u00ed dob\u0159e \u2013 kde si m\u016f\u017eou popov\u00eddat a\u00a0kde c\u00edt\u00ed, \u017ee jejich n\u00e1kup m\u00e1 smysl. Nen\u00ed v\u00fdjimkou, \u017ee u\u00a0n\u00e1s str\u00e1v\u00ed t\u0159eba i\u00a0hodinu,\u201c \u0159\u00edk\u00e1 Dana Pavlouskov\u00e1, \u0159editelka a\u00a0zakladatelka Klubu svobodn\u00fdch matek.<\/p>\r\n<p>V\u00fdb\u011brov\u00fd second hand s&nbsp;d\u00e1msk\u00fdm a&nbsp;d\u011btsk\u00fdm zbo\u017e\u00edm Fashion Charity Shop se m\u00edrn\u011b li\u0161\u00ed od t\u011bch tradi\u010dn\u00edch. Zbo\u017e\u00ed tu maj\u00ed kup\u0159\u00edkladu srovnan\u00e9 podle velikost\u00ed a&nbsp;m\u00e1te dost velkou \u0161anci, \u017ee objev\u00edte opravdu neobvykl\u00e9 kousky. \u201eU\u017e jsme dostali t\u0159eba \u00fapln\u011b nov\u00e9 \u0161aty z&nbsp;m\u00f3dn\u00edch p\u0159ehl\u00eddek, luxusn\u00ed kabelky nebo naopak ru\u010dn\u011b pleten\u00e9 svetry od babi\u010dek,\u201c up\u0159es\u0148uje Dana Pavlouskov\u00e1. Organizace toti\u017e dost\u00e1v\u00e1 dary nejen od jednotlivc\u016f, ale velmi \u010dasto tak\u00e9 z&nbsp;firemn\u00edch sb\u00edrek, p\u0159\u00edmo od zna\u010dek samotn\u00fdch nebo od zn\u00e1m\u00fdch osobnost\u00ed, kter\u00e9 ji dlouhodob\u011b podporuj\u00ed. \u201eLid\u00e9 v\u011bd\u00ed, \u017ee jejich oble\u010den\u00ed neskon\u010d\u00ed v&nbsp;anonymn\u00edm sb\u011brn\u00e9m kontejneru, ale \u017ee dostane nov\u00fd \u017eivot a&nbsp;pom\u00e1h\u00e1 konkr\u00e9tn\u011b. A\u017e 80&nbsp;% darovan\u00e9ho oble\u010den\u00ed toti\u017e putuje do na\u0161\u00ed druh\u00e9 neziskov\u00e9 organizace Od\u011bvn\u00ed banka, kter\u00e1 ho rozdistribuuje rodin\u00e1m v&nbsp;t\u011b\u017ek\u00e9 finan\u010dn\u00ed situaci po cel\u00e9 republice. A&nbsp;zb\u00fdvaj\u00edc\u00ed p\u011btina je pou\u017eita pr\u00e1v\u011b na charitativn\u00ed prodej v&nbsp;obchod\u011b, z&nbsp;n\u011bj\u017e jde v\u00fdt\u011b\u017eek do program\u016f pomoci rodin\u00e1m samo\u017eivitel\u016f,\u201c dod\u00e1v\u00e1 Dana Pavlouskov\u00e1. I&nbsp;v&nbsp;Od\u011bvn\u00ed bance v&nbsp;Troji je dobrovolnick\u00e1 pomoc nepostradateln\u00e1.<\/p>\r\n<p><strong>Mezi paragrafy<br \/>\r\n<\/strong>Dobro\u010dinn\u00e9 obchody jsou m\u00edstem, kde se potk\u00e1v\u00e1 solidarita, recyklace a\u00a0v\u011bci, kter\u00e9 je\u0161t\u011b neskon\u010dily sv\u016fj p\u0159\u00edb\u011bh. Ka\u017ed\u00fd ze zm\u00edn\u011bn\u00fdch pom\u00e1h\u00e1 jinak, ale v\u0161echny spojuje spole\u010dn\u00fd c\u00edl: d\u011blat dobro. Z\u00e1kazn\u00edci tomu rozum\u011bj\u00ed u\u017e d\u00e1vno, st\u00e1t ale zat\u00edm \u00fapln\u011b ne. Chyb\u00ed toti\u017e jasn\u00e1 legislativn\u00ed opora a\u00a0s\u00a0n\u00ed i\u00a0p\u0159edv\u00eddateln\u00e9 podm\u00ednky pro fungov\u00e1n\u00ed dobro\u010dinn\u00fdch obchod\u016f.<\/p>\r\n<p>\u201eNa rozd\u00edl od n\u011bkter\u00fdch evropsk\u00fdch zem\u00ed nejsou charitativn\u00ed obchody v\u00a0\u010desk\u00e9 legislativ\u011b uchopen\u00e9,\u201c \u0159\u00edk\u00e1 Ond\u0159ej Tesa\u0159 z\u00a0Cesty dom\u016f. \u201eNa\u0161t\u011bst\u00ed ale doch\u00e1z\u00ed k\u00a0posun\u016fm. Ten nejz\u00e1sadn\u011bj\u0161\u00ed umo\u017enil na\u0161im obchod\u016fm za\u010d\u00edt fungovat v\u00a0re\u017eimu ve\u0159ejn\u00e9 sb\u00edrky. Do t\u00e9 doby jsme z\u00a0ka\u017ed\u00e9ho prodan\u00e9ho bazarov\u00e9ho zbo\u017e\u00ed odv\u00e1d\u011bli 21 procent DPH. N\u00e1kup na\u0161eho bazarov\u00e9ho zbo\u017e\u00ed se nyn\u00ed stal da\u0148ov\u011b uznateln\u00fdm, stejn\u011b jako dar pen\u011b\u017en\u00ed. Z\u00e1kazn\u00edk\u016fm tak\u00e9 na to m\u016f\u017eeme vystavit potvrzen\u00ed,\u201c dod\u00e1v\u00e1. Pro Cestu dom\u016f to znamenalo z\u00e1sadn\u00ed \u00falevu a\u00a0m\u016f\u017ee kone\u010dn\u011b vracet v\u011bt\u0161\u00ed \u010d\u00e1st v\u00fdt\u011b\u017eku zp\u011bt do p\u00e9\u010de o\u00a0klienty. \u201ePot\u0159ebujeme, aby co nejv\u011bt\u0161\u00ed \u010d\u00e1st tr\u017eeb mohla sm\u011b\u0159ovat zp\u011bt do organizace a\u00a0podporovat jej\u00ed \u010dinnost. Ka\u017ed\u00e9 opat\u0159en\u00ed, kter\u00e9 to umo\u017en\u00ed, je pro n\u00e1s dobr\u00e9,\u201c \u0159\u00edk\u00e1 Ond\u0159ej Tesa\u0159.<\/p>\r\n<p>Zat\u00edmco u\u00a0Cesty dom\u016f bylo velk\u00fdm probl\u00e9mem da\u0148ov\u00e9 zat\u00ed\u017een\u00ed, pro Restart Shop, kter\u00fd spad\u00e1 pod organizaci \u010cesk\u00e1 asociace streetwork, byl dlouho z\u00e1sadn\u00ed jin\u00fd probl\u00e9m \u2013 neexistence z\u00e1konn\u00e9ho r\u00e1mce. \u201eDoned\u00e1vna jsme museli hledat polovinu p\u0159\u00edjm\u016f z\u00a0r\u016fzn\u00fdch nada\u010dn\u00edch fond\u016f, proto\u017ee jsme nespadali pod z\u00e1kon o\u00a0soci\u00e1ln\u00edch slu\u017eb\u00e1ch. To byl pro n\u00e1s velk\u00fd probl\u00e9m,\u201c \u0159\u00edk\u00e1 Tom\u00e1\u0161 P\u0159\u00edhoda. \u201eSituace se zlep\u0161ila s\u00a0nov\u00fdm z\u00e1konem o\u00a0integra\u010dn\u00edm soci\u00e1ln\u00edm podniku, d\u00edky n\u011bmu\u017e m\u00e1me kone\u010dn\u011b pr\u00e1vn\u00ed r\u00e1mec a\u00a0s\u00a0n\u00edm i\u00a0mo\u017enost \u010derpat nov\u00e9 granty.\u201c Nov\u00e1 legislativa umo\u017e\u0148uje soci\u00e1ln\u00edm podnik\u016fm fungovat v\u00a0re\u017eimu takzvan\u00fdch integra\u010dn\u00edch pracovn\u00edch m\u00edst. \u201eVznik\u00e1 podpora zam\u011bstnavatele i\u00a0zam\u011bstnance. Podniky jsou motivov\u00e1ny z\u0159izovat tr\u00e9ninkov\u00e1 pracovn\u00ed m\u00edsta, a\u00a0to d\u00edky p\u0159\u00edsp\u011bvku na mzdu i\u00a0na integra\u010dn\u00ed aktivity. V\u0161echna tato opat\u0159en\u00ed by mohla v\u00e9st ke stabiln\u00edmu financov\u00e1n\u00ed podnik\u016f, kter\u00e9 pom\u00e1haj\u00ed lidem vracet se do b\u011b\u017en\u00e9ho pracovn\u00edho \u017eivota,\u201c vysv\u011btluje Tom\u00e1\u0161 P\u0159\u00edhoda.<\/p>\r\n<p>Odli\u0161nou zku\u0161enost m\u00e1 organizace Sue Ryder, kter\u00e1 sv\u00e9 obchody provozuje ji\u017e p\u0159es dvacet let. Z\u00a0legislativn\u00edho pohledu je podle n\u00ed situace prost\u00e1: \u201eJsme jako ka\u017ed\u00fd jin\u00fd obchod, \u017e\u00e1dn\u00e9 v\u00fdjimky. Nijak n\u00e1s to ale netr\u00e1p\u00ed,\u201c \u0159\u00edk\u00e1 Jan Dominik. P\u0159esto se i\u00a0v\u00a0Sue Ryder pot\u00fdkaj\u00ed s\u00a0nep\u0159\u00edjemn\u00fdmi d\u016fsledky da\u0148ov\u00e9ho nastaven\u00ed. \u201ePod\u00edvejte se na Velkou Brit\u00e1nii. Tam funguj\u00ed charitativn\u00ed obchody u\u017e des\u00edtky let a\u00a0st\u00e1t je dokonce motivuje finan\u010dn\u00ed podporou. Kdy\u017e n\u011bco prod\u00e1te, dostanete 20&nbsp;% z\u00a0ceny jako bonus \u2013 podporu a\u00a0povzbuzen\u00ed. Kdy\u017e prod\u00e1me darovanou v\u011bc my, odv\u00e1d\u00edme z\u00a0n\u00ed 21&nbsp;% DPH. Takov\u00fd \u201abonus naruby\u2018,\u201c dod\u00e1v\u00e1 Jan Dominik.<br \/>\r\n<br \/>\r\n<\/p>\r\n<p><img loading=\"lazy\" src=\"https:\/\/www.praha7.cz\/wp-content\/uploads\/2025\/12\/hobulet_vnitrek_prosinec_cmyk-377x400.png\" alt=\"\" width=\"377\" height=\"400\" class=\"alignnone size-medium wp-image-88494\" srcset=\"https:\/\/www.praha7.cz\/wp-content\/uploads\/2025\/12\/hobulet_vnitrek_prosinec_cmyk-377x400.png 377w, https:\/\/www.praha7.cz\/wp-content\/uploads\/2025\/12\/hobulet_vnitrek_prosinec_cmyk.png 551w\" sizes=\"(max-width: 377px) 100vw, 377px\" \/><\/p>\r\n<p><strong><br \/>\r\nPevn\u00e9 m\u00edsto ve spole\u010dnosti<br \/>\r\n<\/strong>Na rozd\u00edl od Brit\u00e1nie nebo Skandin\u00e1vie, kde maj\u00ed charitativn\u00ed obchody pevn\u00e9 m\u00edsto ve spole\u010dnosti, z\u016fst\u00e1v\u00e1 \u010desk\u00fd syst\u00e9m neujasn\u011bn\u00fd. P\u0159esto se situace pomalu posouv\u00e1 \u2013 vznikaj\u00ed prvn\u00ed snahy o\u00a0vz\u00e1jemnou spolupr\u00e1ci a\u00a0sd\u00edlen\u00ed zku\u0161enost\u00ed. \u201eJsme \u010dlenem \u010cesk\u00e9 federace n\u00e1bytkov\u00fdch bank a\u00a0re-use center, kde se za\u010d\u00edn\u00e1 formovat sekce pro dobro\u010dinn\u00e9 obchody,\u201c uv\u00e1d\u00ed Jan Dominik za Sue Ryder. \u201eZat\u00edm ale nev\u00edme o\u00a0nikom, kdo by m\u011bl kapacitu a\u00a0know-how tento segment posunout d\u00e1l.\u201c<\/p>\r\n<p>Na nedostate\u010dn\u00e9 legislativn\u00ed uchopen\u00ed nar\u00e1\u017e\u00ed i\u00a0Fashion Charity Shop. \u201eZnemo\u017e\u0148uje to jednodu\u0161e definovat, kam vlastn\u011b pat\u0159\u00edme. Nejsme ani klasick\u00fd obchod, ani \u010dist\u011b soci\u00e1ln\u00ed slu\u017eba. Z\u00a0da\u0148ov\u00e9ho hlediska jsme na tom stejn\u011b jako komer\u010dn\u00ed byznysov\u00e9 obchody, tud\u00ed\u017e odv\u00e1d\u00edme v\u0161echny p\u0159\u00edslu\u0161n\u00e9 dan\u011b,\u201c \u0159\u00edk\u00e1 Dana Pavlouskov\u00e1 za\u00a0Fashion Charity Shop. Zm\u011bny by podle n\u00ed m\u011bly b\u00fdt hlavn\u011b praktick\u00e9. \u201eIde\u00e1ln\u00ed by bylo, kdyby charitativn\u00ed obchody nemusely odv\u00e1d\u011bt DPH a\u00a0m\u011bly by mo\u017enost fungovat v\u00a0prostor\u00e1ch s\u00a0nekomer\u010dn\u00edm, respektive zv\u00fdhodn\u011bn\u00fdm n\u00e1jmem. Takov\u00fd model by umo\u017enil, aby se v\u00edce pen\u011bz vracelo do pomoci lidem, kv\u016fli kter\u00fdm to v\u0161echno d\u011bl\u00e1me,\u201c dopl\u0148uje. Nad\u011bji p\u0159in\u00e1\u0161\u00ed i\u00a0spolupr\u00e1ce s\u00a0dal\u0161\u00edmi subjekty. \u201eJsme sou\u010d\u00e1st\u00ed \u0161ir\u0161\u00ed iniciativy, kter\u00e1 se sna\u017e\u00ed t\u00e9ma posunout dop\u0159edu. Sd\u00edl\u00edme zku\u0161enosti s\u00a0dal\u0161\u00edmi charitativn\u00edmi obchody a\u00a0hled\u00e1me spole\u010dn\u00fd hlas sm\u011brem ke st\u00e1tu.\u201c<\/p>\r\n<p>Nakupovat v&nbsp;charitativn\u00edch obchodech m\u00e1 smysl. Pom\u00e1h\u00e1me t\u00edm dobr\u00e9 v\u011bci a&nbsp;z\u00e1rove\u0148 \u0161et\u0159\u00edme \u017eivotn\u00ed prost\u0159ed\u00ed. P\u0159esto i&nbsp;v&nbsp;tomto kolob\u011bhu v\u011bc\u00ed je dobr\u00e9 se ob\u010das zastavit a&nbsp;zamyslet. Ka\u017ed\u00fd n\u00e1kup, i&nbsp;ten dobro\u010dinn\u00fd, je po\u0159\u00e1d spot\u0159eba. \u201eDarem se pro n\u00e1s p\u0159inesen\u00fd p\u0159edm\u011bt stane a\u017e v&nbsp;moment\u011b, kdy ho prod\u00e1me. A&nbsp;z\u00edskan\u00e9 pen\u00edze m\u016f\u017eou slou\u017eit d\u00e1l na na\u0161i hlavn\u00ed \u010dinnost. Pokud danou v\u011bc neprod\u00e1me, st\u00e1v\u00e1 se pro n\u00e1s n\u00e1kladem, jeliko\u017e na na\u0161e n\u00e1klady mus\u00edme zajistit jej\u00ed dal\u0161\u00ed cestu. Proto se sna\u017e\u00edme edukovat d\u00e1rce v&nbsp;obchodech, \u017ee darovan\u00e9 v\u011bci neslou\u017e\u00ed jako pomoc pot\u0159ebn\u00fdm, ale je t\u0159eba, aby si je n\u011bkdo je\u0161t\u011b koupil. Da\u0159\u00ed se to se st\u0159\u00eddav\u00fdm \u00fasp\u011bchem. Lid\u00e9 n\u00e1m u\u017e darovali naprosto v\u0161echno, co si dok\u00e1\u017eete i&nbsp;nedok\u00e1\u017eete p\u0159edstavit. \u010clov\u011bk si uv\u011bdom\u00ed, kolik v\u011bc\u00ed je na sv\u011bt\u011b a&nbsp;jak jsou lid\u00e9 kreativn\u00ed. Ale z\u00e1rove\u0148 kdy\u017e je \u010dlov\u011bk \u010dasto mezi t\u011bmi v\u0161emi v\u011bcmi, nem\u016f\u017ee nemyslet na to, jak m\u00e1lo toho ve skute\u010dnosti opravdu pot\u0159ebuje,\u201c \u0159\u00edk\u00e1 Ond\u0159ej Tesa\u0159 z&nbsp;Cesty dom\u016f. A&nbsp;mo\u017en\u00e1 pr\u00e1v\u011b proto stoj\u00ed za to ob\u010das hledat i&nbsp;jin\u00e9 cesty, jak organizace podpo\u0159it \u2013 t\u0159eba pen\u011b\u017en\u00edm darem, dobrovolnictv\u00edm nebo prost\u00fdm \u0161\u00ed\u0159en\u00edm pov\u011bdom\u00ed o&nbsp;jejich pr\u00e1ci.<\/p>\r\n<hr \/>\r\n<p><strong>Cesta dom\u016f<br \/>\r\n<\/strong><span style=\"color: #993366;\">Bubensk\u00e1 3<\/span><br \/>\r\n\u2192\u00a0<a href=\"http:\/\/www.cestadomu.cz\" target=\"_blank\" rel=\"noopener\">www.cestadomu.cz<\/a><\/p>\r\n<p><strong>Charity Fashion Shop<br \/>\r\n<\/strong><span style=\"color: #993366;\">Dukelsk\u00fdch hrdin\u016f 34<\/span><br \/>\r\n\u2192\u00a0<a href=\"http:\/\/klubsvobodnychmatek.cz\" target=\"_blank\" rel=\"noopener\">klubsvobodnychmatek.cz<\/a><br \/>\r\n\u2192\u00a0<a href=\"http:\/\/www.odevnibanka.cz\" target=\"_blank\" rel=\"noopener\">www.odevnibanka.cz<\/a><\/p>\r\n<p><strong>Restart Shop\u00a0Komunard\u016f 14<\/strong><br \/>\r\n\u2192\u00a0<a href=\"http:\/\/www.restartshop.cz\" target=\"_blank\" rel=\"noopener\">www.restartshop.cz<\/a><\/p>\r\n<p><strong>Sue Ryder<br \/>\r\n<\/strong><span style=\"color: #993366;\">He\u0159manova 596<\/span><br \/>\r\n\u2192\u00a0<a href=\"http:\/\/www.sue-ryder.cz\" target=\"_blank\" rel=\"noopener\">www.sue-ryder.cz<\/a><\/p>\r\n<hr \/>\r\n<p><span style=\"color: #993366;\"><strong>Ne\u017e nav\u0161t\u00edv\u00edte charitativn\u00ed obchod s\u00a0dary, je dobr\u00e9 se s\u00a0n\u00edm p\u0159edem spojit. Zjist\u00edte tak, jak\u00e9 v\u011bci aktu\u00e1ln\u011b p\u0159ij\u00edm\u00e1 a\u00a0zda va\u0161e dary budou m\u00edt skute\u010dn\u011b vyu\u017eit\u00ed.<\/strong><\/span><\/p>","protected":false},"excerpt":{"rendered":"[perex] Na prvn\u00ed pohled vypadaj\u00ed jako oby\u010dejn\u00e9 obchody se zbo\u017e\u00edm z&nbsp;druh\u00e9 ruky. Ve skute\u010dnosti jsou to ale m\u00edsta, v&nbsp;nich\u017e se n\u00e1kup st\u00e1v\u00e1 pomoc\u00ed. \u010cty\u0159i dobro\u010dinn\u00e9 obchody na Sedmi\u010dce propojuj\u00ed sousedskou solidaritu, ekologii i&nbsp;podporu lid\u00ed v&nbsp;r\u016fzn\u00fdch \u017eivotn\u00edch situac\u00edch \u2013 od paliativn\u00ed p\u00e9\u010de p\u0159es seniory a\u017e po samo\u017eivitele a&nbsp;ty, kte\u0159\u00ed se po \u017eivotn\u00edch zvratech vracej\u00ed zp\u011bt do [&hellip;]","protected":false},"author":292,"featured_media":88492,"comment_status":"closed","ping_status":"open","sticky":false,"template":"","format":"standard","meta":[],"categories":[37],"tags":[],"_links":{"self":[{"href":"https:\/\/www.praha7.cz\/api\/wp\/v2\/posts\/88491"}],"collection":[{"href":"https:\/\/www.praha7.cz\/api\/wp\/v2\/posts"}],"about":[{"href":"https:\/\/www.praha7.cz\/api\/wp\/v2\/types\/post"}],"author":[{"embeddable":true,"href":"https:\/\/www.praha7.cz\/api\/wp\/v2\/users\/292"}],"replies":[{"embeddable":true,"href":"https:\/\/www.praha7.cz\/api\/wp\/v2\/comments?post=88491"}],"version-history":[{"count":1,"href":"https:\/\/www.praha7.cz\/api\/wp\/v2\/posts\/88491\/revisions"}],"predecessor-version":[{"id":88495,"href":"https:\/\/www.praha7.cz\/api\/wp\/v2\/posts\/88491\/revisions\/88495"}],"wp:featuredmedia":[{"embeddable":true,"href":"https:\/\/www.praha7.cz\/api\/wp\/v2\/media\/88492"}],"wp:attachment":[{"href":"https:\/\/www.praha7.cz\/api\/wp\/v2\/media?parent=88491"}],"wp:term":[{"taxonomy":"category","embeddable":true,"href":"https:\/\/www.praha7.cz\/api\/wp\/v2\/categories?post=88491"},{"taxonomy":"post_tag","embeddable":true,"href":"https:\/\/www.praha7.cz\/api\/wp\/v2\/tags?post=88491"}],"curies":[{"name":"wp","href":"https:\/\/api.w.org\/{rel}","templated":true}]}}