    
{"id":88488,"date":"2025-12-15T13:12:31","date_gmt":"2025-12-15T12:12:31","guid":{"rendered":"https:\/\/www.praha7.cz\/?p=88488"},"modified":"2025-12-15T13:12:31","modified_gmt":"2025-12-15T12:12:31","slug":"cestovatel-z-dhl","status":"publish","type":"post","link":"https:\/\/www.praha7.cz\/cestovatel-z-dhl\/","title":{"rendered":"Cestovatel z&nbsp;DHL"},"content":{"rendered":"<p>Pozn\u00e1te ho podle \u017elut\u00e9ho tri\u010dka s&nbsp;logem DHL a&nbsp;psa \u010cudly. Zat\u00edm je\u0161t\u011b nenav\u0161t\u00edvil Ji\u017en\u00ed Ameriku, ale jinak byl na v\u0161ech kontinentech sv\u011bta. V\u011bt\u0161inu \u017eivota pro\u017eil v&nbsp;Jihlav\u011b, nyn\u00ed jsou mu ji\u017e t\u0159i roky domovem doln\u00ed Hole\u0161ovice. Zamiloval si je na prvn\u00ed pohled, a&nbsp;kdyby m\u011bl oblast v&nbsp;z\u00e1krutu \u0159eky Vltavy popsat t\u0159emi slovy, byl by to klid, pohoda a&nbsp;prostor. \u201eNejlep\u0161\u00ed m\u00edsto na \u017eit\u00ed! Pracovn\u011b m\u011b do Prahy l\u00e1kali u\u017e dlouho, ale j\u00e1 to odm\u00edtal. Pak jsem objevil Hole\u0161ovice a&nbsp;bylo vymalov\u00e1no,\u201c konstatuje Kamil \u0158ez\u00e1\u010d, pozitivn\u00ed p\u0159isp\u011bvatel facebookov\u00e9 komunity Hole\u0161ovick\u00e1 parta. M\u00edstn\u00ed Sedmi\u010dkov\u00ed si ho obl\u00edbili d\u00edky \u201emomentk\u00e1m\u201c z&nbsp;hole\u0161ovick\u00fdch v\u00fdjev\u016f \u2013 z\u00e1pad slunce, prvn\u00ed podzimn\u00ed list\u00ed a&nbsp;sn\u00edh v&nbsp;ulic\u00edch, v\u00fdhled na Trojsk\u00fd most nebo zaparkovan\u00e9 kolo u&nbsp;Koleta. Prost\u00e9 a&nbsp;pro n\u011bkoho mo\u017en\u00e1 oby\u010dejn\u00e9 obrazy v\u0161edn\u00edch dn\u016f, pro Kamila \u0158ez\u00e1\u010de nikoli. Jeho oko vid\u00ed to hezk\u00e9 a&nbsp;nem\u00e1 pot\u0159ebu, ba ani d\u016fvod si st\u011b\u017eovat. M\u00e1lokdy potk\u00e1te \u010dlov\u011bka tak klidn\u00e9ho a&nbsp;vyrovnan\u00e9ho, kter\u00fd je z\u00e1rove\u0148 pln\u00fd energie a&nbsp;inspiruje jen t\u00edm, \u017ee je.<\/p>\r\n<p>Jeho \u017eivot plyne jako voda. Ob\u010das ho zavede daleko za humna industri\u00e1ln\u00edch a&nbsp;boh\u00e9msk\u00fdch Hole\u0161ovic, poka\u017ed\u00e9 se ale r\u00e1d vr\u00e1t\u00ed a&nbsp;postav\u00ed zase hezky nohama na zem. Od 90.&nbsp;let pracuje pro n\u011bmeckou logistickou nadn\u00e1rodn\u00ed spole\u010dnost DHL a&nbsp;d\u00e1 se \u0159\u00edct, \u017ee je jej\u00edm st\u00e1l\u00fdm a&nbsp;stabiln\u00edm zam\u011bstnancem \u2013 a\u017e na to, \u017ee d\u00e1 v\u017edy po p\u00e1r letech v\u00fdpov\u011b\u010f a&nbsp;odjede do zahrani\u010d\u00ed. \u201eU\u017e m\u011b znaj\u00ed a&nbsp;v\u011bd\u00ed, \u017ee se zase za \u010das vr\u00e1t\u00edm a&nbsp;nastoup\u00edm,\u201c vysv\u011btluje s&nbsp;\u00fasm\u011bvem. Kamil \u0158ez\u00e1\u010d skute\u010dn\u011b p\u016fsob\u00ed jako \u010dlov\u011bk, na kter\u00e9ho se m\u016f\u017eete stoprocentn\u011b spolehnout, jen m\u00e1 sv\u00e9 z\u00e1sady, sv\u00e1 pravidla a&nbsp;neochv\u011bjnou vnit\u0159n\u00ed svobodu. A&nbsp;pr\u00e1v\u011b t\u00edm je a\u017e uhran\u010div\u011b osobit\u00fd a&nbsp;p\u0159edev\u0161\u00edm, um\u00ed svou radost rozd\u00e1vat d\u00e1l. \u201eNejsem korpor\u00e1tn\u00ed typ, a&nbsp;p\u0159esto se mi v&nbsp;korporaci pracuje velmi dob\u0159e a&nbsp;postupn\u011b kari\u00e9rn\u011b stoup\u00e1m. Nenos\u00edm ko\u0161ile a&nbsp;kravaty, i&nbsp;tak m\u011b ale respektuj\u00ed. A&nbsp;kdy\u017e m\u011b n\u011bkam necht\u011bj\u00ed pustit se psem, nech\u00e1m mu vyhotovit vlastn\u00ed identifika\u010dn\u00ed kartu,\u201c sm\u011bje se.<\/p>\r\n<p>Moment\u00e1ln\u011b zast\u00e1v\u00e1 pozici v&nbsp;oblasti business developmentu (rozvoje obchodu) \u2013 hled\u00e1 nov\u00e9 z\u00e1kazn\u00edky, implementuje je a&nbsp;domlouv\u00e1 podm\u00ednky, v\u011bt\u0161inou v&nbsp;angli\u010dtin\u011b. Ve voln\u00e9m \u010dase r\u00e1d zajde na pivo do Lok\u00e1dy, proto\u017ee tam \u010cudla v\u017edycky dostane p\u00e1rek, \u010di do hospody U&nbsp;Houba\u0159e anebo fot\u00ed. \u201eJ\u00e1 v\u011bt\u0161inou nikam nesp\u011bch\u00e1m a&nbsp;neust\u00e1le kouk\u00e1m. Hled\u00e1m zaj\u00edmav\u00fd \u00fahel, sv\u011btlo, st\u00edn. R\u00e1d odtud vyjedu, ale je\u0161t\u011b rad\u011bji se vr\u00e1t\u00edm. M\u00e1me tady stromy, slun\u00ed\u010dko, prostorn\u00e9 ulice, \u017e\u00e1dn\u00e9 z\u00e1plavy ani kalamity. A&nbsp;to je dar, kter\u00e9ho bychom si m\u011bli v\u00e1\u017eit,\u201c \u0159\u00edk\u00e1. Na cestov\u00e1n\u00ed ho v\u00edc ne\u017e p\u0159\u00edrodn\u00ed kr\u00e1sy l\u00e1kaj\u00ed setk\u00e1n\u00ed s&nbsp;lidmi, neot\u0159el\u00e9 perspektivy a&nbsp;nadhled, kter\u00fd si pak s&nbsp;sebou p\u0159iveze zp\u00e1tky dom\u016f. Kdy\u017e se chce, d\u00e1 se podle Kamila naj\u00edt v\u017edy to hezk\u00e9, slunn\u00e1 str\u00e1nka v\u011bci. A&nbsp;to plat\u00ed i&nbsp;pro Hole\u0161ovickou partu: \u201eKdy\u017e jsem se nast\u011bhoval, pot\u0159eboval jsem pro \u00fapravy v&nbsp;byt\u011b kousek vaty. Tak jsem to tam \u0165uknul a&nbsp;u\u017e mi volal p\u00e1n z&nbsp;domu odnaproti. Funguje to perfektn\u011b. J\u00e1 tam p\u0159isp\u00edv\u00e1m hezk\u00fdmi fotkami a&nbsp;p\u00ed\u0161u, \u017ee tady se \u017eije fajn.\u201c<\/p>","protected":false},"excerpt":{"rendered":"Pozn\u00e1te ho podle \u017elut\u00e9ho tri\u010dka s&nbsp;logem DHL a&nbsp;psa \u010cudly. Zat\u00edm je\u0161t\u011b nenav\u0161t\u00edvil Ji\u017en\u00ed Ameriku, ale jinak byl na v\u0161ech kontinentech sv\u011bta. V\u011bt\u0161inu \u017eivota pro\u017eil v&nbsp;Jihlav\u011b, nyn\u00ed jsou mu ji\u017e t\u0159i roky domovem doln\u00ed Hole\u0161ovice. Zamiloval si je na prvn\u00ed pohled, a&nbsp;kdyby m\u011bl oblast v&nbsp;z\u00e1krutu \u0159eky Vltavy popsat t\u0159emi slovy, byl by to klid, pohoda a&nbsp;prostor. [&hellip;]","protected":false},"author":292,"featured_media":88489,"comment_status":"closed","ping_status":"open","sticky":false,"template":"","format":"standard","meta":[],"categories":[37],"tags":[],"_links":{"self":[{"href":"https:\/\/www.praha7.cz\/api\/wp\/v2\/posts\/88488"}],"collection":[{"href":"https:\/\/www.praha7.cz\/api\/wp\/v2\/posts"}],"about":[{"href":"https:\/\/www.praha7.cz\/api\/wp\/v2\/types\/post"}],"author":[{"embeddable":true,"href":"https:\/\/www.praha7.cz\/api\/wp\/v2\/users\/292"}],"replies":[{"embeddable":true,"href":"https:\/\/www.praha7.cz\/api\/wp\/v2\/comments?post=88488"}],"version-history":[{"count":1,"href":"https:\/\/www.praha7.cz\/api\/wp\/v2\/posts\/88488\/revisions"}],"predecessor-version":[{"id":88490,"href":"https:\/\/www.praha7.cz\/api\/wp\/v2\/posts\/88488\/revisions\/88490"}],"wp:featuredmedia":[{"embeddable":true,"href":"https:\/\/www.praha7.cz\/api\/wp\/v2\/media\/88489"}],"wp:attachment":[{"href":"https:\/\/www.praha7.cz\/api\/wp\/v2\/media?parent=88488"}],"wp:term":[{"taxonomy":"category","embeddable":true,"href":"https:\/\/www.praha7.cz\/api\/wp\/v2\/categories?post=88488"},{"taxonomy":"post_tag","embeddable":true,"href":"https:\/\/www.praha7.cz\/api\/wp\/v2\/tags?post=88488"}],"curies":[{"name":"wp","href":"https:\/\/api.w.org\/{rel}","templated":true}]}}